{"id":8833,"date":"2023-12-05T01:55:22","date_gmt":"2023-12-05T04:55:22","guid":{"rendered":"https:\/\/colegioconcepciontalca.cl\/?p=8833"},"modified":"2023-12-05T01:57:58","modified_gmt":"2023-12-05T04:57:58","slug":"curico-destacada-participacion-gimnastas-copa-curico-2023-colegio-concepcion-talca","status":"publish","type":"post","link":"https:\/\/colegioconcepciontalca.cl\/index.php\/2023\/12\/05\/curico-destacada-participacion-gimnastas-copa-curico-2023-colegio-concepcion-talca\/","title":{"rendered":"Curic\u00f3: Destacada participaci\u00f3n gimnastas \u201cCopa Curic\u00f3 2023\u201d \u2013 Colegio Concepci\u00f3n Talca"},"content":{"rendered":"<p>En la Copa Curic\u00f3 2023, gimnastas brillaron en diversas categor\u00edas, obteniendo destacados lugares y logrando el segundo puesto por equipos.<\/p>\n<p>La Copa Curic\u00f3 2023 celebrada el s\u00e1bado 2 de diciembre fue testigo del notable desempe\u00f1o de gimnastas en distintas categor\u00edas. En la categor\u00eda N1 F1, Trinidad Maturana se destac\u00f3 obteniendo el 5\u00b0 lugar en All Around, mientras que Laura Ruiz logr\u00f3 el primer puesto en la barra y el 4\u00b0 lugar en All Around.<\/p>\n<p>Victoria Ruiz consigui\u00f3 el 2\u00b0 lugar en barra, ubic\u00e1ndose en el d\u00e9cimo lugar general, seguida por Isidora Carre\u00f1o, quien alcanz\u00f3 el tercer puesto en barra y el sexto lugar en All Around. Por su parte, Sayen Orostiga se ubic\u00f3 en el puesto n\u00famero 12 N1 F3 en la clasificaci\u00f3n general.<\/p>\n<p>En la categor\u00eda N1, el equipo logr\u00f3 un segundo lugar por equipos. En la N2 F1, Renata \u00c1vila obtuvo el segundo puesto en salto quemado octava en All Around, mientras Emilia Soto se situ\u00f3 en el noveno lugar en la clasificaci\u00f3n general. En la N2 F3, Amanda Morales logr\u00f3 el tercer lugar en salto y el quinto en All Around.<\/p>\n<p>En la categor\u00eda N3 F1, Emilia Morales se destac\u00f3 con el segundo lugar en barra y el quinto en All Around, Agustina Salhus alcanz\u00f3 el segundo lugar en salto y el cuarto N3 F1 en All Around, mientras Eloisa P\u00e9rez se posicion\u00f3 en el sexto lugar N3 F1 en la clasificaci\u00f3n general.<\/p>\n<p>La excelente participaci\u00f3n de estas gimnastas demuestra su dedicaci\u00f3n y esfuerzo en esta competici\u00f3n, que culmin\u00f3 con el equipo alcanzando el segundo puesto en su categor\u00eda y posicionando en un alto nivel este deporte.<\/p>\n<style>\/*! elementor - v3.12.2 - 23-04-2023 *\/\n.elementor-image-gallery .gallery-item{display:inline-block;text-align:center;vertical-align:top;width:100%;max-width:100%;margin:0 auto}.elementor-image-gallery .gallery-item img{margin:0 auto}.elementor-image-gallery .gallery-item .gallery-caption{margin:0}.elementor-image-gallery figure img{display:block}.elementor-image-gallery figure figcaption{width:100%}.gallery-spacing-custom .elementor-image-gallery .gallery-icon{padding:0}@media (min-width:768px){.elementor-image-gallery .gallery-columns-2 .gallery-item{max-width:50%}.elementor-image-gallery .gallery-columns-3 .gallery-item{max-width:33.33%}.elementor-image-gallery .gallery-columns-4 .gallery-item{max-width:25%}.elementor-image-gallery .gallery-columns-5 .gallery-item{max-width:20%}.elementor-image-gallery .gallery-columns-6 .gallery-item{max-width:16.666%}.elementor-image-gallery .gallery-columns-7 .gallery-item{max-width:14.28%}.elementor-image-gallery .gallery-columns-8 .gallery-item{max-width:12.5%}.elementor-image-gallery .gallery-columns-9 .gallery-item{max-width:11.11%}.elementor-image-gallery .gallery-columns-10 .gallery-item{max-width:10%}}@media (min-width:480px) and (max-width:767px){.elementor-image-gallery .gallery.gallery-columns-2 .gallery-item,.elementor-image-gallery .gallery.gallery-columns-3 .gallery-item,.elementor-image-gallery .gallery.gallery-columns-4 .gallery-item,.elementor-image-gallery .gallery.gallery-columns-5 .gallery-item,.elementor-image-gallery .gallery.gallery-columns-6 .gallery-item,.elementor-image-gallery .gallery.gallery-columns-7 .gallery-item,.elementor-image-gallery .gallery.gallery-columns-8 .gallery-item,.elementor-image-gallery .gallery.gallery-columns-9 .gallery-item,.elementor-image-gallery .gallery.gallery-columns-10 .gallery-item{max-width:50%}}@media (max-width:479px){.elementor-image-gallery .gallery.gallery-columns-2 .gallery-item,.elementor-image-gallery .gallery.gallery-columns-3 .gallery-item,.elementor-image-gallery .gallery.gallery-columns-4 .gallery-item,.elementor-image-gallery .gallery.gallery-columns-5 .gallery-item,.elementor-image-gallery .gallery.gallery-columns-6 .gallery-item,.elementor-image-gallery .gallery.gallery-columns-7 .gallery-item,.elementor-image-gallery .gallery.gallery-columns-8 .gallery-item,.elementor-image-gallery .gallery.gallery-columns-9 .gallery-item,.elementor-image-gallery .gallery.gallery-columns-10 .gallery-item{max-width:100%}}<\/style>\n<style type=\"text\/css\">\n\t\t\t#gallery-1 {\n\t\t\t\tmargin: auto;\n\t\t\t}\n\t\t\t#gallery-1 .gallery-item {\n\t\t\t\tfloat: left;\n\t\t\t\tmargin-top: 10px;\n\t\t\t\ttext-align: center;\n\t\t\t\twidth: 100%;\n\t\t\t}\n\t\t\t#gallery-1 img {\n\t\t\t\tborder: 2px solid #cfcfcf;\n\t\t\t}\n\t\t\t#gallery-1 .gallery-caption {\n\t\t\t\tmargin-left: 0;\n\t\t\t}\n\t\t\t\/* see gallery_shortcode() in wp-includes\/media.php *\/\n\t\t<\/style>\n<dl class='gallery-item'>\n<dt class='gallery-icon landscape'>\n\t\t\t\t<a data-elementor-open-lightbox=\"yes\" data-elementor-lightbox-slideshow=\"a12d688\" data-elementor-lightbox-title=\"010\" data-e-action-hash=\"#elementor-action%3Aaction%3Dlightbox%26settings%3DeyJpZCI6ODgzNiwidXJsIjoiaHR0cHM6XC9cL2NvbGVnaW9jb25jZXBjaW9udGFsY2EuY2xcL3dwLWNvbnRlbnRcL3VwbG9hZHNcLzIwMjNcLzEyXC8wMTAtMi5qcGciLCJzbGlkZXNob3ciOiJhMTJkNjg4In0%3D\" href='https:\/\/colegioconcepciontalca.cl\/wp-content\/uploads\/2023\/12\/010-2.jpg'><img width=\"710\" height=\"454\" src=\"https:\/\/colegioconcepciontalca.cl\/wp-content\/uploads\/2023\/12\/010-2.jpg\" alt=\"\" decoding=\"async\" loading=\"lazy\" srcset=\"https:\/\/colegioconcepciontalca.cl\/wp-content\/uploads\/2023\/12\/010-2.jpg 710w, https:\/\/colegioconcepciontalca.cl\/wp-content\/uploads\/2023\/12\/010-2-300x192.jpg 300w\" sizes=\"auto, (max-width: 710px) 100vw, 710px\" \/><\/a>\n\t\t\t<\/dt>\n<\/dl>\n<p><br style=\"clear: both\" \/><\/p>\n<dl class='gallery-item'>\n<dt class='gallery-icon landscape'>\n\t\t\t\t<a data-elementor-open-lightbox=\"yes\" data-elementor-lightbox-slideshow=\"a12d688\" data-elementor-lightbox-title=\"020\" data-e-action-hash=\"#elementor-action%3Aaction%3Dlightbox%26settings%3DeyJpZCI6ODgzNywidXJsIjoiaHR0cHM6XC9cL2NvbGVnaW9jb25jZXBjaW9udGFsY2EuY2xcL3dwLWNvbnRlbnRcL3VwbG9hZHNcLzIwMjNcLzEyXC8wMjAtMi5qcGciLCJzbGlkZXNob3ciOiJhMTJkNjg4In0%3D\" href='https:\/\/colegioconcepciontalca.cl\/wp-content\/uploads\/2023\/12\/020-2.jpg'><img width=\"752\" height=\"504\" src=\"https:\/\/colegioconcepciontalca.cl\/wp-content\/uploads\/2023\/12\/020-2.jpg\" alt=\"\" decoding=\"async\" loading=\"lazy\" srcset=\"https:\/\/colegioconcepciontalca.cl\/wp-content\/uploads\/2023\/12\/020-2.jpg 752w, https:\/\/colegioconcepciontalca.cl\/wp-content\/uploads\/2023\/12\/020-2-300x201.jpg 300w\" sizes=\"auto, (max-width: 752px) 100vw, 752px\" \/><\/a>\n\t\t\t<\/dt>\n<\/dl>\n<p><br style=\"clear: both\" \/><\/p>\n<dl class='gallery-item'>\n<dt class='gallery-icon landscape'>\n\t\t\t\t<a data-elementor-open-lightbox=\"yes\" data-elementor-lightbox-slideshow=\"a12d688\" data-elementor-lightbox-title=\"030\" data-e-action-hash=\"#elementor-action%3Aaction%3Dlightbox%26settings%3DeyJpZCI6ODgzOCwidXJsIjoiaHR0cHM6XC9cL2NvbGVnaW9jb25jZXBjaW9udGFsY2EuY2xcL3dwLWNvbnRlbnRcL3VwbG9hZHNcLzIwMjNcLzEyXC8wMzAtMi5qcGciLCJzbGlkZXNob3ciOiJhMTJkNjg4In0%3D\" href='https:\/\/colegioconcepciontalca.cl\/wp-content\/uploads\/2023\/12\/030-2.jpg'><img width=\"412\" height=\"306\" src=\"https:\/\/colegioconcepciontalca.cl\/wp-content\/uploads\/2023\/12\/030-2.jpg\" alt=\"\" decoding=\"async\" loading=\"lazy\" srcset=\"https:\/\/colegioconcepciontalca.cl\/wp-content\/uploads\/2023\/12\/030-2.jpg 412w, https:\/\/colegioconcepciontalca.cl\/wp-content\/uploads\/2023\/12\/030-2-300x223.jpg 300w\" sizes=\"auto, (max-width: 412px) 100vw, 412px\" \/><\/a>\n\t\t\t<\/dt>\n<\/dl>\n<p><br style=\"clear: both\" \/><\/p>\n<style>\/*! elementor - v3.12.2 - 23-04-2023 *\/\n.elementor-widget-image{text-align:center}.elementor-widget-image a{display:inline-block}.elementor-widget-image a img[src$=\".svg\"]{width:48px}.elementor-widget-image img{vertical-align:middle;display:inline-block}<\/style>\n<p>\t\t\t\t\t\t\t\t\t\t\t\t<img decoding=\"async\" width=\"300\" height=\"80\" src=\"https:\/\/colegioconcepciontalca.cl\/wp-content\/uploads\/2023\/11\/LOGOS-300x80-1.jpg\" alt=\"\" loading=\"lazy\" \/><br \/>\n\t\t[apvc_embed type=&#8221;customized&#8221; border_size=&#8221;1&#8243; border_radius=&#8221;1&#8243; background_color=&#8221;ffffff&#8221; font_size=&#8221;1&#8243; font_style=&#8221;normal&#8221; font_color=&#8221;ffffff&#8221; counter_label=&#8221;Visits&#8221; today_cnt_label=&#8221;Today&#8221; global_cnt_label=&#8221;Total&#8221; border_color=&#8221;ffffff&#8221; border_style=&#8221;solid&#8221; padding=&#8221;1&#8243; width=&#8221;1&#8243; global=&#8221;false&#8221; today=&#8221;false&#8221; current=&#8221;false&#8221; icon_position=&#8221;&#8221; widget_template=&#8221;None&#8221; ]<\/p>\n<!--themify_builder_content-->\n<div id=\"themify_builder_content-8833\" data-postid=\"8833\" class=\"themify_builder_content themify_builder_content-8833 themify_builder tf_clear\">\n    <\/div>\n<!--\/themify_builder_content-->\n<!-- AddThis Advanced Settings generic via filter on the_content --><!-- AddThis Share Buttons generic via filter on the_content -->","protected":false},"excerpt":{"rendered":"<p>En la Copa Curic\u00f3 2023, gimnastas brillaron en diversas categor\u00edas, obteniendo destacados lugares y logrando el segundo puesto por equipos. La Copa Curic\u00f3 2023 celebrada el s\u00e1bado 2 de diciembre fue testigo del notable desempe\u00f1o de gimnastas en distintas categor\u00edas. En la categor\u00eda N1 F1, Trinidad Maturana se destac\u00f3 obteniendo el 5\u00b0 lugar en All [&hellip;]<!-- AddThis Advanced Settings generic via filter on get_the_excerpt --><!-- AddThis Share Buttons generic via filter on get_the_excerpt --><\/p>\n","protected":false},"author":1,"featured_media":8834,"comment_status":"closed","ping_status":"open","sticky":false,"template":"","format":"standard","meta":{"footnotes":""},"categories":[1,4],"tags":[],"class_list":["post-8833","post","type-post","status-publish","format-standard","has-post-thumbnail","hentry","category-actividades-extraprogramaticas","category-noticias","has-post-title","has-post-date","has-post-category","has-post-tag","has-post-comment","has-post-author",""," cat-1"," cat-4"],"jetpack_featured_media_url":"https:\/\/colegioconcepciontalca.cl\/wp-content\/uploads\/2023\/12\/PORTADA-WEB-4.jpg","builder_content":"","_links":{"self":[{"href":"https:\/\/colegioconcepciontalca.cl\/index.php\/wp-json\/wp\/v2\/posts\/8833","targetHints":{"allow":["GET"]}}],"collection":[{"href":"https:\/\/colegioconcepciontalca.cl\/index.php\/wp-json\/wp\/v2\/posts"}],"about":[{"href":"https:\/\/colegioconcepciontalca.cl\/index.php\/wp-json\/wp\/v2\/types\/post"}],"author":[{"embeddable":true,"href":"https:\/\/colegioconcepciontalca.cl\/index.php\/wp-json\/wp\/v2\/users\/1"}],"replies":[{"embeddable":true,"href":"https:\/\/colegioconcepciontalca.cl\/index.php\/wp-json\/wp\/v2\/comments?post=8833"}],"version-history":[{"count":4,"href":"https:\/\/colegioconcepciontalca.cl\/index.php\/wp-json\/wp\/v2\/posts\/8833\/revisions"}],"predecessor-version":[{"id":8841,"href":"https:\/\/colegioconcepciontalca.cl\/index.php\/wp-json\/wp\/v2\/posts\/8833\/revisions\/8841"}],"wp:featuredmedia":[{"embeddable":true,"href":"https:\/\/colegioconcepciontalca.cl\/index.php\/wp-json\/wp\/v2\/media\/8834"}],"wp:attachment":[{"href":"https:\/\/colegioconcepciontalca.cl\/index.php\/wp-json\/wp\/v2\/media?parent=8833"}],"wp:term":[{"taxonomy":"category","embeddable":true,"href":"https:\/\/colegioconcepciontalca.cl\/index.php\/wp-json\/wp\/v2\/categories?post=8833"},{"taxonomy":"post_tag","embeddable":true,"href":"https:\/\/colegioconcepciontalca.cl\/index.php\/wp-json\/wp\/v2\/tags?post=8833"}],"curies":[{"name":"wp","href":"https:\/\/api.w.org\/{rel}","templated":true}]}}