{"id":5006,"date":"2023-08-07T09:49:58","date_gmt":"2023-08-07T13:49:58","guid":{"rendered":"https:\/\/colegioconcepciontalca.cl\/?p=5006"},"modified":"2023-08-07T10:06:03","modified_gmt":"2023-08-07T14:06:03","slug":"valores-institucionales-respeto-colegio-concepcion-talca","status":"publish","type":"post","link":"https:\/\/colegioconcepciontalca.cl\/index.php\/2023\/08\/07\/valores-institucionales-respeto-colegio-concepcion-talca\/","title":{"rendered":"Valores Institucionales: Respeto \u2013 Colegio Concepci\u00f3n Talca"},"content":{"rendered":"<p><em><strong>DIRECCI\u00d3N DE FORMACI\u00d3N<\/strong><\/em><br \/><em><strong>COORDINACI\u00d3N DE FORMACI\u00d3N LAICA<\/strong><\/em><\/p>\n<p><strong>VALORES INSTITUCIONALES: RESPETO<\/strong><\/p>\n<p>El Respeto es un valor que tiene que ver la forma en como tratamos y nos relacionamos con los dem\u00e1s, es decir, cuando somos preocupados y atentos con las personas o nuestro entorno, cuando aceptamos la diversidad (aquello que es diferente a m\u00ed) evitando perjudicar o lastimar a los dem\u00e1s.<\/p>\n<p>El respeto nos ayuda a conseguir tanto el bien com\u00fan como el individual, pues cuando actuamos con respeto contribuimos a una sana convivencia, lo que favorece a la confianza en s\u00ed mismo y hacia los dem\u00e1s.<\/p>\n<p>El respeto es un valor esencial para nuestra instituci\u00f3n toda vez que \u201c&#8230;Describe, analiza y eval\u00faa los fen\u00f3menos naturales, sociales, morales, ciudadanos, f\u00edsicos, \u00e9ticos, est\u00e9ticos, culturales y espirituales, desde una perspectiva multidimensional, procurando que sus educandos sean capaces<br \/>de construir su verdad, sin pretender descalificar y destruir la verdad de otros, a trav\u00e9s del compromiso eficaz con la diversidad, la tolerancia y el respeto a la individualidad humana&#8230;\u201d (extracto Carta de la Educaci\u00f3n Laica).<\/p>\n<p>El respeto tiene que ver con una serie de actitudes y acciones, que permiten relacionarnos y convivir de manera arm\u00f3nica con las personas a nuestro alrededor, como, con el entorno que nos rodea (medioambiente). Al respecto, nuestro colegio busca construir ambientes de sana convivencia basados en este valor esencial para el desarrollo y progreso de la humanidad.<\/p>\n<p style=\"text-align: center;\"><strong>Colegio Concepci\u00f3n Talca<\/strong><br \/><strong>Construyendo futuro<\/strong><br \/><strong>_<\/strong><\/p>\n<style>\/*! elementor - v3.12.2 - 23-04-2023 *\/\n.elementor-image-gallery .gallery-item{display:inline-block;text-align:center;vertical-align:top;width:100%;max-width:100%;margin:0 auto}.elementor-image-gallery .gallery-item img{margin:0 auto}.elementor-image-gallery .gallery-item .gallery-caption{margin:0}.elementor-image-gallery figure img{display:block}.elementor-image-gallery figure figcaption{width:100%}.gallery-spacing-custom .elementor-image-gallery .gallery-icon{padding:0}@media (min-width:768px){.elementor-image-gallery .gallery-columns-2 .gallery-item{max-width:50%}.elementor-image-gallery .gallery-columns-3 .gallery-item{max-width:33.33%}.elementor-image-gallery .gallery-columns-4 .gallery-item{max-width:25%}.elementor-image-gallery .gallery-columns-5 .gallery-item{max-width:20%}.elementor-image-gallery .gallery-columns-6 .gallery-item{max-width:16.666%}.elementor-image-gallery .gallery-columns-7 .gallery-item{max-width:14.28%}.elementor-image-gallery .gallery-columns-8 .gallery-item{max-width:12.5%}.elementor-image-gallery .gallery-columns-9 .gallery-item{max-width:11.11%}.elementor-image-gallery .gallery-columns-10 .gallery-item{max-width:10%}}@media (min-width:480px) and (max-width:767px){.elementor-image-gallery .gallery.gallery-columns-2 .gallery-item,.elementor-image-gallery .gallery.gallery-columns-3 .gallery-item,.elementor-image-gallery .gallery.gallery-columns-4 .gallery-item,.elementor-image-gallery .gallery.gallery-columns-5 .gallery-item,.elementor-image-gallery .gallery.gallery-columns-6 .gallery-item,.elementor-image-gallery .gallery.gallery-columns-7 .gallery-item,.elementor-image-gallery .gallery.gallery-columns-8 .gallery-item,.elementor-image-gallery .gallery.gallery-columns-9 .gallery-item,.elementor-image-gallery .gallery.gallery-columns-10 .gallery-item{max-width:50%}}@media (max-width:479px){.elementor-image-gallery .gallery.gallery-columns-2 .gallery-item,.elementor-image-gallery .gallery.gallery-columns-3 .gallery-item,.elementor-image-gallery .gallery.gallery-columns-4 .gallery-item,.elementor-image-gallery .gallery.gallery-columns-5 .gallery-item,.elementor-image-gallery .gallery.gallery-columns-6 .gallery-item,.elementor-image-gallery .gallery.gallery-columns-7 .gallery-item,.elementor-image-gallery .gallery.gallery-columns-8 .gallery-item,.elementor-image-gallery .gallery.gallery-columns-9 .gallery-item,.elementor-image-gallery .gallery.gallery-columns-10 .gallery-item{max-width:100%}}<\/style>\n<style type=\"text\/css\">\n\t\t\t#gallery-1 {\n\t\t\t\tmargin: auto;\n\t\t\t}\n\t\t\t#gallery-1 .gallery-item {\n\t\t\t\tfloat: left;\n\t\t\t\tmargin-top: 10px;\n\t\t\t\ttext-align: center;\n\t\t\t\twidth: 100%;\n\t\t\t}\n\t\t\t#gallery-1 img {\n\t\t\t\tborder: 2px solid #cfcfcf;\n\t\t\t}\n\t\t\t#gallery-1 .gallery-caption {\n\t\t\t\tmargin-left: 0;\n\t\t\t}\n\t\t\t\/* see gallery_shortcode() in wp-includes\/media.php *\/\n\t\t<\/style>\n<dl class='gallery-item'>\n<dt class='gallery-icon portrait'>\n\t\t\t\t<a data-elementor-open-lightbox=\"yes\" data-elementor-lightbox-slideshow=\"3d77031\" data-elementor-lightbox-title=\"2\" data-e-action-hash=\"#elementor-action%3Aaction%3Dlightbox%26settings%3DeyJpZCI6NTAwNywidXJsIjoiaHR0cHM6XC9cL2NvbGVnaW9jb25jZXBjaW9udGFsY2EuY2xcL3dwLWNvbnRlbnRcL3VwbG9hZHNcLzIwMjNcLzA4XC8yLnBuZyIsInNsaWRlc2hvdyI6IjNkNzcwMzEifQ%3D%3D\" href='https:\/\/colegioconcepciontalca.cl\/wp-content\/uploads\/2023\/08\/2.png'><img width=\"212\" height=\"300\" src=\"https:\/\/colegioconcepciontalca.cl\/wp-content\/uploads\/2023\/08\/2-212x300.png\" alt=\"\" decoding=\"async\" loading=\"lazy\" srcset=\"https:\/\/colegioconcepciontalca.cl\/wp-content\/uploads\/2023\/08\/2-212x300.png 212w, https:\/\/colegioconcepciontalca.cl\/wp-content\/uploads\/2023\/08\/2-724x1024.png 724w, https:\/\/colegioconcepciontalca.cl\/wp-content\/uploads\/2023\/08\/2-768x1086.png 768w, https:\/\/colegioconcepciontalca.cl\/wp-content\/uploads\/2023\/08\/2-1086x1536.png 1086w, https:\/\/colegioconcepciontalca.cl\/wp-content\/uploads\/2023\/08\/2-1448x2048.png 1448w, https:\/\/colegioconcepciontalca.cl\/wp-content\/uploads\/2023\/08\/2-1024x1449.png 1024w, https:\/\/colegioconcepciontalca.cl\/wp-content\/uploads\/2023\/08\/2-763x1080.png 763w, https:\/\/colegioconcepciontalca.cl\/wp-content\/uploads\/2023\/08\/2.png 1587w\" sizes=\"auto, (max-width: 212px) 100vw, 212px\" \/><\/a>\n\t\t\t<\/dt>\n<\/dl>\n<p><br style=\"clear: both\" \/><\/p>\n<style>\/*! elementor - v3.12.2 - 23-04-2023 *\/\n.elementor-widget-image{text-align:center}.elementor-widget-image a{display:inline-block}.elementor-widget-image a img[src$=\".svg\"]{width:48px}.elementor-widget-image img{vertical-align:middle;display:inline-block}<\/style>\n<p>\t\t\t\t\t\t\t\t\t\t\t\t<img decoding=\"async\" width=\"150\" height=\"150\" src=\"https:\/\/colegioconcepciontalca.cl\/wp-content\/uploads\/2023\/07\/cropped-LOGO_CCT_TRANSPARENTE-1-150x150-1.png\" alt=\"\" loading=\"lazy\" \/>\t\t\t\t\t\t\t\t\t\t\t\t\t\t\t<\/p>\n<p style=\"text-align: center;\"><strong>Colegio Concepci\u00f3n Talca<\/strong><\/p>\n<p>\t\t\t\t\t\t\t\t\t\t\t\t\t\t\t<img decoding=\"async\" src=\"https:\/\/colegioconcepciontalca.cl\/wp-content\/uploads\/elementor\/thumbs\/AGUILA-FONDO-TRANSPARENTE-PNG-768x538-1-q93am573dfprxcsdj586f7t5tq9mx95tasg45yfdgc.png\" title=\"AGUILA-FONDO-TRANSPARENTE-PNG-768&#215;538\" alt=\"AGUILA-FONDO-TRANSPARENTE-PNG-768x538\" loading=\"lazy\" \/><br \/>\n\t\t[apvc_embed type=&#8221;customized&#8221; border_size=&#8221;1&#8243; border_radius=&#8221;1&#8243; background_color=&#8221;ffffff&#8221; font_size=&#8221;1&#8243; font_style=&#8221;normal&#8221; font_color=&#8221;ffffff&#8221; counter_label=&#8221;Visits&#8221; today_cnt_label=&#8221;Today&#8221; global_cnt_label=&#8221;Total&#8221; border_color=&#8221;ffffff&#8221; border_style=&#8221;solid&#8221; padding=&#8221;1&#8243; width=&#8221;1&#8243; global=&#8221;false&#8221; today=&#8221;false&#8221; current=&#8221;false&#8221; icon_position=&#8221;&#8221; widget_template=&#8221;None&#8221; ]<\/p>\n<!--themify_builder_content-->\n<div id=\"themify_builder_content-5006\" data-postid=\"5006\" class=\"themify_builder_content themify_builder_content-5006 themify_builder tf_clear\">\n    <\/div>\n<!--\/themify_builder_content-->\n<!-- AddThis Advanced Settings generic via filter on the_content --><!-- AddThis Share Buttons generic via filter on the_content -->","protected":false},"excerpt":{"rendered":"<p>DIRECCI\u00d3N DE FORMACI\u00d3NCOORDINACI\u00d3N DE FORMACI\u00d3N LAICA VALORES INSTITUCIONALES: RESPETO El Respeto es un valor que tiene que ver la forma en como tratamos y nos relacionamos con los dem\u00e1s, es decir, cuando somos preocupados y atentos con las personas o nuestro entorno, cuando aceptamos la diversidad (aquello que es diferente a m\u00ed) evitando perjudicar o [&hellip;]<!-- AddThis Advanced Settings generic via filter on get_the_excerpt --><!-- AddThis Share Buttons generic via filter on get_the_excerpt --><\/p>\n","protected":false},"author":1,"featured_media":5007,"comment_status":"closed","ping_status":"open","sticky":false,"template":"","format":"standard","meta":{"footnotes":""},"categories":[1,9,11,8,4],"tags":[],"class_list":["post-5006","post","type-post","status-publish","format-standard","has-post-thumbnail","hentry","category-actividades-extraprogramaticas","category-direccion-academica","category-direccion-acompanamiento","category-direccion-de-formacion","category-noticias","has-post-title","has-post-date","has-post-category","has-post-tag","has-post-comment","has-post-author",""," cat-1"," cat-9"," cat-11"," cat-8"," cat-4"],"jetpack_featured_media_url":"https:\/\/colegioconcepciontalca.cl\/wp-content\/uploads\/2023\/08\/2.png","builder_content":"","_links":{"self":[{"href":"https:\/\/colegioconcepciontalca.cl\/index.php\/wp-json\/wp\/v2\/posts\/5006","targetHints":{"allow":["GET"]}}],"collection":[{"href":"https:\/\/colegioconcepciontalca.cl\/index.php\/wp-json\/wp\/v2\/posts"}],"about":[{"href":"https:\/\/colegioconcepciontalca.cl\/index.php\/wp-json\/wp\/v2\/types\/post"}],"author":[{"embeddable":true,"href":"https:\/\/colegioconcepciontalca.cl\/index.php\/wp-json\/wp\/v2\/users\/1"}],"replies":[{"embeddable":true,"href":"https:\/\/colegioconcepciontalca.cl\/index.php\/wp-json\/wp\/v2\/comments?post=5006"}],"version-history":[{"count":4,"href":"https:\/\/colegioconcepciontalca.cl\/index.php\/wp-json\/wp\/v2\/posts\/5006\/revisions"}],"predecessor-version":[{"id":5011,"href":"https:\/\/colegioconcepciontalca.cl\/index.php\/wp-json\/wp\/v2\/posts\/5006\/revisions\/5011"}],"wp:featuredmedia":[{"embeddable":true,"href":"https:\/\/colegioconcepciontalca.cl\/index.php\/wp-json\/wp\/v2\/media\/5007"}],"wp:attachment":[{"href":"https:\/\/colegioconcepciontalca.cl\/index.php\/wp-json\/wp\/v2\/media?parent=5006"}],"wp:term":[{"taxonomy":"category","embeddable":true,"href":"https:\/\/colegioconcepciontalca.cl\/index.php\/wp-json\/wp\/v2\/categories?post=5006"},{"taxonomy":"post_tag","embeddable":true,"href":"https:\/\/colegioconcepciontalca.cl\/index.php\/wp-json\/wp\/v2\/tags?post=5006"}],"curies":[{"name":"wp","href":"https:\/\/api.w.org\/{rel}","templated":true}]}}