{"id":18239,"date":"2025-12-18T10:49:59","date_gmt":"2025-12-18T13:49:59","guid":{"rendered":"https:\/\/colegioconcepciontalca.cl\/?p=18239"},"modified":"2025-12-22T09:29:13","modified_gmt":"2025-12-22T12:29:13","slug":"docentes-de-educacion-fisica-del-cctalca-participaron-en-encuentro-de-profesores-guias-de-practicas-en-la-ucm","status":"publish","type":"post","link":"https:\/\/colegioconcepciontalca.cl\/index.php\/2025\/12\/18\/docentes-de-educacion-fisica-del-cctalca-participaron-en-encuentro-de-profesores-guias-de-practicas-en-la-ucm\/","title":{"rendered":"Docentes de Educaci\u00f3n F\u00edsica del CCTalca participaron en Encuentro de Profesores Gu\u00edas de Pr\u00e1cticas en la UCM"},"content":{"rendered":"<!--themify_builder_content-->\n<div id=\"themify_builder_content-18239\" data-postid=\"18239\" class=\"themify_builder_content themify_builder_content-18239 themify_builder tf_clear\">\n    \t<!-- module_row -->\n\t<div  data-lazy=\"1\" class=\"module_row themify_builder_row tb_6vaj896 tb_first tf_clearfix\">\n\t    \t\t<div class=\"row_inner col_align_top tf_box tf_w tf_rel\">\n\t\t\t<div  data-lazy=\"1\" class=\"module_column tb-column col-full first tb_oep2896 tf_box\">\n\t    \t    \t        <div class=\"tb-column-inner tf_box tf_w\">\n\t\t    <!-- module text -->\n<div  class=\"module module-text tb_fzi8912   \" data-lazy=\"1\">\n            <div  class=\"tb_text_wrap\">\n    <p>Los <strong>profesores de Educaci\u00f3n F\u00edsica del Colegio Concepci\u00f3n Talca<\/strong> participaron en el <strong>Encuentro de Profesores Gu\u00edas de Pr\u00e1cticas de la carrera de Educaci\u00f3n F\u00edsica<\/strong>, realizado el <strong>mi\u00e9rcoles 17 de diciembre<\/strong> en la <strong>Universidad Cat\u00f3lica del Maule (UCM)<\/strong>.<\/p><p>La jornada tuvo como objetivo fortalecer la articulaci\u00f3n entre la formaci\u00f3n universitaria y el sistema escolar, abordando tem\u00e1ticas relevantes para el desarrollo de pr\u00e1cticas pedag\u00f3gicas contextualizadas y de calidad. Durante el encuentro se trabajaron las siguientes tem\u00e1ticas:<\/p><ul><li><strong>Exposici\u00f3n:<\/strong> <em>\u201cArticulaci\u00f3n de la Educaci\u00f3n F\u00edsica con los principios de diversidad e inclusi\u00f3n en tiempos modernos\u201d<\/em>.<\/li><li><strong>Exposici\u00f3n:<\/strong> <em>\u201cModelo de pr\u00e1cticas de la Facultad de Educaci\u00f3n articulado al de la Escuela de Educaci\u00f3n F\u00edsica\u201d<\/em>.<\/li><li><strong>An\u00e1lisis de articulaci\u00f3n curricular y trabajo por equipos:<\/strong> instancia orientada al apoyo en procesos de vinculaci\u00f3n y articulaci\u00f3n formativa.<\/li><\/ul><p>En representaci\u00f3n de nuestro establecimiento asistieron las docentes y el docente <strong>Helen Torres, Jimena Meza, Magdalena Pereda y Francisco Salgado<\/strong>, quienes valoraron positivamente esta instancia de reflexi\u00f3n acad\u00e9mica y actualizaci\u00f3n profesional.<\/p><p>Estas actividades fortalecen el compromiso del <strong>Colegio Concepci\u00f3n Talca<\/strong> con una educaci\u00f3n inclusiva, actualizada y alineada con los desaf\u00edos formativos actuales.<\/p>    <\/div>\n<\/div>\n<!-- \/module text -->\t        <\/div>\n\t    \t<\/div>\n\t\t    <\/div>\n\t    <!-- \/row_inner -->\n\t<\/div>\n\t<!-- \/module_row -->\n\t\t<!-- module_row -->\n\t<div  data-lazy=\"1\" class=\"module_row themify_builder_row tb_m22x214 tf_clearfix\">\n\t    \t\t<div class=\"row_inner col_align_top tf_box tf_w tf_rel\">\n\t\t\t<div  data-lazy=\"1\" class=\"module_column tb-column col-full first tb_1cnc214 tf_box\">\n\t    \t    \t        <div class=\"tb-column-inner tf_box tf_w\">\n\t\t    <!-- module gallery -->\n<div  class=\"module gallery module-gallery tb_os4k230 layout-slider  \" data-lazy=\"1\">\n                <div class=\"swiper-container tf_carousel themify_builder_slider tf_rel tf_overflow\"\n\tdata-pager=\"0\"\n\t data-lazy=\"1\"\t\t\tdata-thumbs=\"tb_os4k230_thumbs\"\n\t\tdata-effect=\"scroll\" \n\t\tdata-css_url=\"https:\/\/colegioconcepciontalca.cl\/wp-content\/themes\/themify-ultra\/themify\/themify-builder\/css\/modules\/sliders\/carousel.css,https:\/\/colegioconcepciontalca.cl\/wp-content\/themes\/themify-ultra\/themify\/themify-builder\/css\/modules\/sliders\/gallery.css\"\n\t\t\t\tdata-auto=\"4\"\n\t\tdata-pause_hover=\"1\"\n\t\t\t\tdata-speed=\"1\"\n\tdata-wrapvar=\"1\"\n\tdata-slider_nav=\"0\"\n\tdata-height=\"variable\"\n\t>\n\t<div class=\"swiper-wrapper tf_lazy tf_rel tf_w tf_h tf_textc\">\n\t\t\t\t\t<div class=\"swiper-slide\">\n\t\t\t<div class=\"slide-inner-wrap\">\n\t\t\t\t<div class=\"tf_lazy slide-image gallery-icon\"><a href=\"https:\/\/colegioconcepciontalca.cl\/wp-content\/uploads\/2025\/12\/01-12-scaled.jpeg\" class=\"themify_lightbox\"><img loading=\"lazy\" decoding=\"async\" width=\"2560\" height=\"1978\" src=\"https:\/\/colegioconcepciontalca.cl\/wp-content\/uploads\/2025\/12\/01-12-scaled.jpeg\" class=\"wp-post-image wp-image-18240\" title=\"01\" data-tf-not-load=\"1\" alt=\"01\" srcset=\"https:\/\/colegioconcepciontalca.cl\/wp-content\/uploads\/2025\/12\/01-12-scaled.jpeg 2560w, https:\/\/colegioconcepciontalca.cl\/wp-content\/uploads\/2025\/12\/01-12-300x232.jpeg 300w, https:\/\/colegioconcepciontalca.cl\/wp-content\/uploads\/2025\/12\/01-12-1024x791.jpeg 1024w, https:\/\/colegioconcepciontalca.cl\/wp-content\/uploads\/2025\/12\/01-12-768x593.jpeg 768w, https:\/\/colegioconcepciontalca.cl\/wp-content\/uploads\/2025\/12\/01-12-1536x1187.jpeg 1536w, https:\/\/colegioconcepciontalca.cl\/wp-content\/uploads\/2025\/12\/01-12-2048x1583.jpeg 2048w\" sizes=\"auto, (max-width: 2560px) 100vw, 2560px\" \/><\/a>\t\t\t\t<\/div>\n\t\t\t\t\t\t\t<\/div><\/div>\n\t\t\t\t\t<div class=\"swiper-slide\">\n\t\t\t<div class=\"slide-inner-wrap\">\n\t\t\t\t<div class=\"tf_lazy slide-image gallery-icon\"><a href=\"https:\/\/colegioconcepciontalca.cl\/wp-content\/uploads\/2025\/12\/02-12-scaled.jpeg\" class=\"themify_lightbox\"><img loading=\"lazy\" decoding=\"async\" width=\"2560\" height=\"1978\" src=\"https:\/\/colegioconcepciontalca.cl\/wp-content\/uploads\/2025\/12\/02-12-scaled.jpeg\" class=\"wp-post-image wp-image-18241\" title=\"02\" data-tf-not-load=\"1\" alt=\"02\" srcset=\"https:\/\/colegioconcepciontalca.cl\/wp-content\/uploads\/2025\/12\/02-12-scaled.jpeg 2560w, https:\/\/colegioconcepciontalca.cl\/wp-content\/uploads\/2025\/12\/02-12-300x232.jpeg 300w, https:\/\/colegioconcepciontalca.cl\/wp-content\/uploads\/2025\/12\/02-12-1024x791.jpeg 1024w, https:\/\/colegioconcepciontalca.cl\/wp-content\/uploads\/2025\/12\/02-12-768x593.jpeg 768w, https:\/\/colegioconcepciontalca.cl\/wp-content\/uploads\/2025\/12\/02-12-1536x1187.jpeg 1536w, https:\/\/colegioconcepciontalca.cl\/wp-content\/uploads\/2025\/12\/02-12-2048x1583.jpeg 2048w\" sizes=\"auto, (max-width: 2560px) 100vw, 2560px\" \/><\/a>\t\t\t\t<\/div>\n\t\t\t\t\t\t\t<\/div><\/div>\n\t\t\t\t\t<div class=\"swiper-slide\">\n\t\t\t<div class=\"slide-inner-wrap\">\n\t\t\t\t<div class=\"tf_lazy slide-image gallery-icon\"><a href=\"https:\/\/colegioconcepciontalca.cl\/wp-content\/uploads\/2025\/12\/03-12-scaled.jpeg\" class=\"themify_lightbox\"><img loading=\"lazy\" decoding=\"async\" width=\"2560\" height=\"1978\" src=\"https:\/\/colegioconcepciontalca.cl\/wp-content\/uploads\/2025\/12\/03-12-scaled.jpeg\" class=\"wp-post-image wp-image-18242\" title=\"03\" data-tf-not-load=\"1\" alt=\"03\" srcset=\"https:\/\/colegioconcepciontalca.cl\/wp-content\/uploads\/2025\/12\/03-12-scaled.jpeg 2560w, https:\/\/colegioconcepciontalca.cl\/wp-content\/uploads\/2025\/12\/03-12-300x232.jpeg 300w, https:\/\/colegioconcepciontalca.cl\/wp-content\/uploads\/2025\/12\/03-12-1024x791.jpeg 1024w, https:\/\/colegioconcepciontalca.cl\/wp-content\/uploads\/2025\/12\/03-12-768x593.jpeg 768w, https:\/\/colegioconcepciontalca.cl\/wp-content\/uploads\/2025\/12\/03-12-1536x1187.jpeg 1536w, https:\/\/colegioconcepciontalca.cl\/wp-content\/uploads\/2025\/12\/03-12-2048x1583.jpeg 2048w\" sizes=\"auto, (max-width: 2560px) 100vw, 2560px\" \/><\/a>\t\t\t\t<\/div>\n\t\t\t\t\t\t\t<\/div><\/div>\n\t\t\t\t\t<div class=\"swiper-slide\">\n\t\t\t<div class=\"slide-inner-wrap\">\n\t\t\t\t<div class=\"tf_lazy slide-image gallery-icon\"><a href=\"https:\/\/colegioconcepciontalca.cl\/wp-content\/uploads\/2025\/12\/04-10-scaled.jpeg\" class=\"themify_lightbox\"><img loading=\"lazy\" decoding=\"async\" width=\"2560\" height=\"1978\" src=\"https:\/\/colegioconcepciontalca.cl\/wp-content\/uploads\/2025\/12\/04-10-scaled.jpeg\" class=\"wp-post-image wp-image-18243\" title=\"04\" data-tf-not-load=\"1\" alt=\"04\" srcset=\"https:\/\/colegioconcepciontalca.cl\/wp-content\/uploads\/2025\/12\/04-10-scaled.jpeg 2560w, https:\/\/colegioconcepciontalca.cl\/wp-content\/uploads\/2025\/12\/04-10-300x232.jpeg 300w, https:\/\/colegioconcepciontalca.cl\/wp-content\/uploads\/2025\/12\/04-10-1024x791.jpeg 1024w, https:\/\/colegioconcepciontalca.cl\/wp-content\/uploads\/2025\/12\/04-10-768x593.jpeg 768w, https:\/\/colegioconcepciontalca.cl\/wp-content\/uploads\/2025\/12\/04-10-1536x1187.jpeg 1536w, https:\/\/colegioconcepciontalca.cl\/wp-content\/uploads\/2025\/12\/04-10-2048x1583.jpeg 2048w\" sizes=\"auto, (max-width: 2560px) 100vw, 2560px\" \/><\/a>\t\t\t\t<\/div>\n\t\t\t\t\t\t\t<\/div><\/div>\n\t\t\t\t\t<div class=\"swiper-slide\">\n\t\t\t<div class=\"slide-inner-wrap\">\n\t\t\t\t<div class=\"tf_lazy slide-image gallery-icon\"><a href=\"https:\/\/colegioconcepciontalca.cl\/wp-content\/uploads\/2025\/12\/05-10-scaled.jpeg\" class=\"themify_lightbox\"><img loading=\"lazy\" decoding=\"async\" width=\"2560\" height=\"1978\" src=\"https:\/\/colegioconcepciontalca.cl\/wp-content\/uploads\/2025\/12\/05-10-scaled.jpeg\" class=\"wp-post-image wp-image-18244\" title=\"05\" data-tf-not-load=\"1\" alt=\"05\" srcset=\"https:\/\/colegioconcepciontalca.cl\/wp-content\/uploads\/2025\/12\/05-10-scaled.jpeg 2560w, https:\/\/colegioconcepciontalca.cl\/wp-content\/uploads\/2025\/12\/05-10-300x232.jpeg 300w, https:\/\/colegioconcepciontalca.cl\/wp-content\/uploads\/2025\/12\/05-10-1024x791.jpeg 1024w, https:\/\/colegioconcepciontalca.cl\/wp-content\/uploads\/2025\/12\/05-10-768x593.jpeg 768w, https:\/\/colegioconcepciontalca.cl\/wp-content\/uploads\/2025\/12\/05-10-1536x1187.jpeg 1536w, https:\/\/colegioconcepciontalca.cl\/wp-content\/uploads\/2025\/12\/05-10-2048x1583.jpeg 2048w\" sizes=\"auto, (max-width: 2560px) 100vw, 2560px\" \/><\/a>\t\t\t\t<\/div>\n\t\t\t\t\t\t\t<\/div><\/div>\n\t\t\t<\/div>\n<\/div>\n                <div class=\"themify_builder_slider_vertical tf_rel\">\n    <div class=\"swiper-container tf_carousel themify_builder_slider themify_builder_slider_vertical tb_os4k230_thumbs tf_rel tf_overflow\"\n\tdata-pager=\"1\"\n\t data-lazy=\"1\"\t        data-thumbs-id=\"tb_os4k230_thumbs\"\n\t\tdata-visible=\"4\" \n\t\tdata-tbreakpoints=\"1280\"\n\t\tdata-mbreakpoints=\"680\"\n\t\tdata-tab-visible=\"0\"\n\t\tdata-mob-visible=\"0\"\n\t\t\t\tdata-auto=\"4\"\n\t\tdata-pause_hover=\"1\"\n\t\t\t\t\tdata-controller=\"0\"\n\t\t\t\tdata-speed=\"1\"\n\tdata-wrapvar=\"1\"\n\tdata-slider_nav=\"1\"\n\tdata-height=\"variable\"\n\t>\n\t<div class=\"swiper-wrapper tf_lazy tf_rel tf_w tf_h tf_textc\">\n\t\t\t\t\t<div class=\"swiper-slide\">\n\t\t\t<div class=\"slide-inner-wrap\">\n\t\t\t\t<div class=\"tf_lazy slide-image gallery-icon\"><img loading=\"lazy\" decoding=\"async\" src=\"https:\/\/colegioconcepciontalca.cl\/wp-content\/uploads\/2025\/12\/01-12-scaled-300x200.jpeg\" width=\"300\" height=\"200\" class=\"wp-post-image wp-image-18240\" title=\"01\" data-tf-not-load=\"1\" alt=\"01\">\t\t\t\t<\/div>\n\t\t\t\t\t\t\t<\/div><\/div>\n\t\t\t\t\t<div class=\"swiper-slide\">\n\t\t\t<div class=\"slide-inner-wrap\">\n\t\t\t\t<div class=\"tf_lazy slide-image gallery-icon\"><img loading=\"lazy\" decoding=\"async\" src=\"https:\/\/colegioconcepciontalca.cl\/wp-content\/uploads\/2025\/12\/02-12-scaled-300x200.jpeg\" width=\"300\" height=\"200\" class=\"wp-post-image wp-image-18241\" title=\"02\" data-tf-not-load=\"1\" alt=\"02\">\t\t\t\t<\/div>\n\t\t\t\t\t\t\t<\/div><\/div>\n\t\t\t\t\t<div class=\"swiper-slide\">\n\t\t\t<div class=\"slide-inner-wrap\">\n\t\t\t\t<div class=\"tf_lazy slide-image gallery-icon\"><img loading=\"lazy\" decoding=\"async\" src=\"https:\/\/colegioconcepciontalca.cl\/wp-content\/uploads\/2025\/12\/03-12-scaled-300x200.jpeg\" width=\"300\" height=\"200\" class=\"wp-post-image wp-image-18242\" title=\"03\" data-tf-not-load=\"1\" alt=\"03\">\t\t\t\t<\/div>\n\t\t\t\t\t\t\t<\/div><\/div>\n\t\t\t\t\t<div class=\"swiper-slide\">\n\t\t\t<div class=\"slide-inner-wrap\">\n\t\t\t\t<div class=\"tf_lazy slide-image gallery-icon\"><img loading=\"lazy\" decoding=\"async\" src=\"https:\/\/colegioconcepciontalca.cl\/wp-content\/uploads\/2025\/12\/04-10-scaled-300x200.jpeg\" width=\"300\" height=\"200\" class=\"wp-post-image wp-image-18243\" title=\"04\" data-tf-not-load=\"1\" alt=\"04\">\t\t\t\t<\/div>\n\t\t\t\t\t\t\t<\/div><\/div>\n\t\t\t\t\t<div class=\"swiper-slide\">\n\t\t\t<div class=\"slide-inner-wrap\">\n\t\t\t\t<div class=\"tf_lazy slide-image gallery-icon\"><img loading=\"lazy\" decoding=\"async\" src=\"https:\/\/colegioconcepciontalca.cl\/wp-content\/uploads\/2025\/12\/05-10-scaled-300x200.jpeg\" width=\"300\" height=\"200\" class=\"wp-post-image wp-image-18244\" title=\"05\" data-tf-not-load=\"1\" alt=\"05\">\t\t\t\t<\/div>\n\t\t\t\t\t\t\t<\/div><\/div>\n\t\t\t<\/div>\n<\/div>\n            <\/div>\n    \n<\/div>\n<!-- \/module gallery -->\n\t        <\/div>\n\t    \t<\/div>\n\t\t    <\/div>\n\t    <!-- \/row_inner -->\n\t<\/div>\n\t<!-- \/module_row -->\n\t<\/div>\n<!--\/themify_builder_content--><!-- AddThis Advanced Settings generic via filter on the_content --><!-- AddThis Share Buttons generic via filter on the_content -->","protected":false},"excerpt":{"rendered":"<p>Los profesores de Educaci\u00f3n F\u00edsica del Colegio Concepci\u00f3n Talca participaron en el Encuentro de Profesores Gu\u00edas de Pr\u00e1cticas de la carrera de Educaci\u00f3n F\u00edsica, realizado el mi\u00e9rcoles 17 de diciembre en la Universidad Cat\u00f3lica del Maule (UCM).La jornada tuvo como objetivo fortalecer la articulaci\u00f3n entre la formaci\u00f3n universitaria y el sistema escolar, abordando tem\u00e1ticas relevantes [&hellip;]<!-- AddThis Advanced Settings generic via filter on get_the_excerpt --><!-- AddThis Share Buttons generic via filter on get_the_excerpt --><\/p>\n","protected":false},"author":1,"featured_media":18240,"comment_status":"closed","ping_status":"closed","sticky":false,"template":"","format":"standard","meta":{"footnotes":""},"categories":[4],"tags":[],"class_list":["post-18239","post","type-post","status-publish","format-standard","has-post-thumbnail","hentry","category-noticias","has-post-title","has-post-date","has-post-category","has-post-tag","has-post-comment","has-post-author",""," cat-4"],"jetpack_featured_media_url":"https:\/\/colegioconcepciontalca.cl\/wp-content\/uploads\/2025\/12\/01-12-scaled.jpeg","builder_content":"<p>Los <strong>profesores de Educaci\u00f3n F\u00edsica del Colegio Concepci\u00f3n Talca<\/strong> participaron en el <strong>Encuentro de Profesores Gu\u00edas de Pr\u00e1cticas de la carrera de Educaci\u00f3n F\u00edsica<\/strong>, realizado el <strong>mi\u00e9rcoles 17 de diciembre<\/strong> en la <strong>Universidad Cat\u00f3lica del Maule (UCM)<\/strong>.<\/p><p>La jornada tuvo como objetivo fortalecer la articulaci\u00f3n entre la formaci\u00f3n universitaria y el sistema escolar, abordando tem\u00e1ticas relevantes para el desarrollo de pr\u00e1cticas pedag\u00f3gicas contextualizadas y de calidad. Durante el encuentro se trabajaron las siguientes tem\u00e1ticas:<\/p><ul><li><strong>Exposici\u00f3n:<\/strong> <em>\u201cArticulaci\u00f3n de la Educaci\u00f3n F\u00edsica con los principios de diversidad e inclusi\u00f3n en tiempos modernos\u201d<\/em>.<\/li><li><strong>Exposici\u00f3n:<\/strong> <em>\u201cModelo de pr\u00e1cticas de la Facultad de Educaci\u00f3n articulado al de la Escuela de Educaci\u00f3n F\u00edsica\u201d<\/em>.<\/li><li><strong>An\u00e1lisis de articulaci\u00f3n curricular y trabajo por equipos:<\/strong> instancia orientada al apoyo en procesos de vinculaci\u00f3n y articulaci\u00f3n formativa.<\/li><\/ul><p>En representaci\u00f3n de nuestro establecimiento asistieron las docentes y el docente <strong>Helen Torres, Jimena Meza, Magdalena Pereda y Francisco Salgado<\/strong>, quienes valoraron positivamente esta instancia de reflexi\u00f3n acad\u00e9mica y actualizaci\u00f3n profesional.<\/p><p>Estas actividades fortalecen el compromiso del <strong>Colegio Concepci\u00f3n Talca<\/strong> con una educaci\u00f3n inclusiva, actualizada y alineada con los desaf\u00edos formativos actuales.<\/p>\n[gallery ids=\"18240,18241,18242,18243,18244\"]","_links":{"self":[{"href":"https:\/\/colegioconcepciontalca.cl\/index.php\/wp-json\/wp\/v2\/posts\/18239","targetHints":{"allow":["GET"]}}],"collection":[{"href":"https:\/\/colegioconcepciontalca.cl\/index.php\/wp-json\/wp\/v2\/posts"}],"about":[{"href":"https:\/\/colegioconcepciontalca.cl\/index.php\/wp-json\/wp\/v2\/types\/post"}],"author":[{"embeddable":true,"href":"https:\/\/colegioconcepciontalca.cl\/index.php\/wp-json\/wp\/v2\/users\/1"}],"replies":[{"embeddable":true,"href":"https:\/\/colegioconcepciontalca.cl\/index.php\/wp-json\/wp\/v2\/comments?post=18239"}],"version-history":[{"count":1,"href":"https:\/\/colegioconcepciontalca.cl\/index.php\/wp-json\/wp\/v2\/posts\/18239\/revisions"}],"predecessor-version":[{"id":18245,"href":"https:\/\/colegioconcepciontalca.cl\/index.php\/wp-json\/wp\/v2\/posts\/18239\/revisions\/18245"}],"wp:featuredmedia":[{"embeddable":true,"href":"https:\/\/colegioconcepciontalca.cl\/index.php\/wp-json\/wp\/v2\/media\/18240"}],"wp:attachment":[{"href":"https:\/\/colegioconcepciontalca.cl\/index.php\/wp-json\/wp\/v2\/media?parent=18239"}],"wp:term":[{"taxonomy":"category","embeddable":true,"href":"https:\/\/colegioconcepciontalca.cl\/index.php\/wp-json\/wp\/v2\/categories?post=18239"},{"taxonomy":"post_tag","embeddable":true,"href":"https:\/\/colegioconcepciontalca.cl\/index.php\/wp-json\/wp\/v2\/tags?post=18239"}],"curies":[{"name":"wp","href":"https:\/\/api.w.org\/{rel}","templated":true}]}}