{"id":18001,"date":"2025-11-25T15:59:14","date_gmt":"2025-11-25T18:59:14","guid":{"rendered":"https:\/\/colegioconcepciontalca.cl\/?p=18001"},"modified":"2025-11-25T15:59:16","modified_gmt":"2025-11-25T18:59:16","slug":"equipo-matematico-de-7-basico-obtiene-el-vicecampeonato-regional-en-cmat","status":"publish","type":"post","link":"https:\/\/colegioconcepciontalca.cl\/index.php\/2025\/11\/25\/equipo-matematico-de-7-basico-obtiene-el-vicecampeonato-regional-en-cmat\/","title":{"rendered":"Equipo matem\u00e1tico de 7\u00b0 b\u00e1sico obtiene el vicecampeonato regional en CMAT"},"content":{"rendered":"<!--themify_builder_content-->\n<div id=\"themify_builder_content-18001\" data-postid=\"18001\" class=\"themify_builder_content themify_builder_content-18001 themify_builder tf_clear\">\n    \t<!-- module_row -->\n\t<div  data-lazy=\"1\" class=\"module_row themify_builder_row tb_5zks27 tb_first tf_clearfix\">\n\t    \t\t<div class=\"row_inner col_align_top tf_box tf_w tf_rel\">\n\t\t\t<div  data-lazy=\"1\" class=\"module_column tb-column col-full first tb_gjqe27 tf_box\">\n\t    \t    \t        <div class=\"tb-column-inner tf_box tf_w\">\n\t\t    <!-- module text -->\n<div  class=\"module module-text tb_86q042   \" data-lazy=\"1\">\n            <div  class=\"tb_text_wrap\">\n    <p data-start=\"155\" data-end=\"492\">El equipo matem\u00e1tico de s\u00e9ptimo b\u00e1sico del Colegio Concepci\u00f3n Talca, denominado <strong data-start=\"235\" data-end=\"256\">\u201cLos M\u00e1s Bacanes\u201d<\/strong> e integrado por <strong data-start=\"273\" data-end=\"319\">Rafaela Toro, Joaqu\u00edn Roco, Antonia Aliaga<\/strong> y su capit\u00e1n <strong data-start=\"333\" data-end=\"352\">Alejandro Matus<\/strong>, obtuvo el <strong data-start=\"364\" data-end=\"391\">vicecampeonato regional<\/strong> en el prestigioso <strong data-start=\"410\" data-end=\"429\">Campeonato CMAT<\/strong>, certamen que re\u00fane a estudiantes de toda la regi\u00f3n del Maule.<\/p><p data-start=\"494\" data-end=\"771\">Gracias a este destacado desempe\u00f1o, los integrantes del equipo recibir\u00e1n un <strong data-start=\"570\" data-end=\"605\">premio y una distinci\u00f3n oficial<\/strong> el pr\u00f3ximo <strong data-start=\"617\" data-end=\"661\">jueves 18 de diciembre a las 15:00 horas<\/strong>, en una ceremonia que se llevar\u00e1 a cabo en el <strong data-start=\"708\" data-end=\"770\">Aula Magna Espacio Bicentenario de la Universidad de Talca<\/strong>.<\/p><p data-start=\"773\" data-end=\"972\">Este logro refleja el esfuerzo, la dedicaci\u00f3n y el talento matem\u00e1tico de los estudiantes, as\u00ed como el compromiso de la comunidad educativa en fomentar el pensamiento l\u00f3gico y el trabajo colaborativo.<\/p>    <\/div>\n<\/div>\n<!-- \/module text -->\t        <\/div>\n\t    \t<\/div>\n\t\t    <\/div>\n\t    <!-- \/row_inner -->\n\t<\/div>\n\t<!-- \/module_row -->\n\t\t<!-- module_row -->\n\t<div  data-lazy=\"1\" class=\"module_row themify_builder_row tb_k3ya477 tf_clearfix\">\n\t    \t\t<div class=\"row_inner col_align_top tf_box tf_w tf_rel\">\n\t\t\t<div  data-lazy=\"1\" class=\"module_column tb-column col-full first tb_tr6b477 tf_box\">\n\t    \t    \t        <div class=\"tb-column-inner tf_box tf_w\">\n\t\t    <!-- module image -->\n<div  class=\"module module-image tb_dpuw492   image-top tf_mw\" data-lazy=\"1\">\n            <div class=\"image-wrap tf_rel tf_mw\">\n\t\t    <img loading=\"lazy\" decoding=\"async\" width=\"1280\" height=\"576\" src=\"https:\/\/colegioconcepciontalca.cl\/wp-content\/uploads\/2025\/11\/CMAT.jpeg\" class=\"wp-post-image wp-image-18002\" title=\"CMAT\" alt=\"CMAT\" srcset=\"https:\/\/colegioconcepciontalca.cl\/wp-content\/uploads\/2025\/11\/CMAT.jpeg 1280w, https:\/\/colegioconcepciontalca.cl\/wp-content\/uploads\/2025\/11\/CMAT-300x135.jpeg 300w, https:\/\/colegioconcepciontalca.cl\/wp-content\/uploads\/2025\/11\/CMAT-1024x461.jpeg 1024w, https:\/\/colegioconcepciontalca.cl\/wp-content\/uploads\/2025\/11\/CMAT-768x346.jpeg 768w\" sizes=\"auto, (max-width: 1280px) 100vw, 1280px\" \/>\t\n\t\t<\/div>\n\t<!-- \/image-wrap -->\n    \n    \n<\/div>\n<!-- \/module image -->\t        <\/div>\n\t    \t<\/div>\n\t\t    <\/div>\n\t    <!-- \/row_inner -->\n\t<\/div>\n\t<!-- \/module_row -->\n\t<\/div>\n<!--\/themify_builder_content--><!-- AddThis Advanced Settings generic via filter on the_content --><!-- AddThis Share Buttons generic via filter on the_content -->","protected":false},"excerpt":{"rendered":"<p>El equipo matem\u00e1tico de s\u00e9ptimo b\u00e1sico del Colegio Concepci\u00f3n Talca, denominado \u201cLos M\u00e1s Bacanes\u201d e integrado por Rafaela Toro, Joaqu\u00edn Roco, Antonia Aliaga y su capit\u00e1n Alejandro Matus, obtuvo el vicecampeonato regional en el prestigioso Campeonato CMAT, certamen que re\u00fane a estudiantes de toda la regi\u00f3n del Maule.Gracias a este destacado desempe\u00f1o, los integrantes del [&hellip;]<!-- AddThis Advanced Settings generic via filter on get_the_excerpt --><!-- AddThis Share Buttons generic via filter on get_the_excerpt --><\/p>\n","protected":false},"author":1,"featured_media":18002,"comment_status":"closed","ping_status":"closed","sticky":false,"template":"","format":"standard","meta":{"footnotes":""},"categories":[4],"tags":[],"class_list":["post-18001","post","type-post","status-publish","format-standard","has-post-thumbnail","hentry","category-noticias","has-post-title","has-post-date","has-post-category","has-post-tag","has-post-comment","has-post-author",""," cat-4"],"jetpack_featured_media_url":"https:\/\/colegioconcepciontalca.cl\/wp-content\/uploads\/2025\/11\/CMAT.jpeg","builder_content":"<p data-start=\"155\" data-end=\"492\">El equipo matem\u00e1tico de s\u00e9ptimo b\u00e1sico del Colegio Concepci\u00f3n Talca, denominado <strong data-start=\"235\" data-end=\"256\">\u201cLos M\u00e1s Bacanes\u201d<\/strong> e integrado por <strong data-start=\"273\" data-end=\"319\">Rafaela Toro, Joaqu\u00edn Roco, Antonia Aliaga<\/strong> y su capit\u00e1n <strong data-start=\"333\" data-end=\"352\">Alejandro Matus<\/strong>, obtuvo el <strong data-start=\"364\" data-end=\"391\">vicecampeonato regional<\/strong> en el prestigioso <strong data-start=\"410\" data-end=\"429\">Campeonato CMAT<\/strong>, certamen que re\u00fane a estudiantes de toda la regi\u00f3n del Maule.<\/p><p data-start=\"494\" data-end=\"771\">Gracias a este destacado desempe\u00f1o, los integrantes del equipo recibir\u00e1n un <strong data-start=\"570\" data-end=\"605\">premio y una distinci\u00f3n oficial<\/strong> el pr\u00f3ximo <strong data-start=\"617\" data-end=\"661\">jueves 18 de diciembre a las 15:00 horas<\/strong>, en una ceremonia que se llevar\u00e1 a cabo en el <strong data-start=\"708\" data-end=\"770\">Aula Magna Espacio Bicentenario de la Universidad de Talca<\/strong>.<\/p><p data-start=\"773\" data-end=\"972\">Este logro refleja el esfuerzo, la dedicaci\u00f3n y el talento matem\u00e1tico de los estudiantes, as\u00ed como el compromiso de la comunidad educativa en fomentar el pensamiento l\u00f3gico y el trabajo colaborativo.<\/p>\n<img loading=\"lazy\" decoding=\"async\" width=\"1280\" height=\"576\" src=\"https:\/\/colegioconcepciontalca.cl\/wp-content\/uploads\/2025\/11\/CMAT.jpeg\" title=\"CMAT\" alt=\"CMAT\" srcset=\"https:\/\/colegioconcepciontalca.cl\/wp-content\/uploads\/2025\/11\/CMAT.jpeg 1280w, https:\/\/colegioconcepciontalca.cl\/wp-content\/uploads\/2025\/11\/CMAT-300x135.jpeg 300w, https:\/\/colegioconcepciontalca.cl\/wp-content\/uploads\/2025\/11\/CMAT-1024x461.jpeg 1024w, https:\/\/colegioconcepciontalca.cl\/wp-content\/uploads\/2025\/11\/CMAT-768x346.jpeg 768w\" sizes=\"auto, (max-width: 1280px) 100vw, 1280px\" \/>","_links":{"self":[{"href":"https:\/\/colegioconcepciontalca.cl\/index.php\/wp-json\/wp\/v2\/posts\/18001","targetHints":{"allow":["GET"]}}],"collection":[{"href":"https:\/\/colegioconcepciontalca.cl\/index.php\/wp-json\/wp\/v2\/posts"}],"about":[{"href":"https:\/\/colegioconcepciontalca.cl\/index.php\/wp-json\/wp\/v2\/types\/post"}],"author":[{"embeddable":true,"href":"https:\/\/colegioconcepciontalca.cl\/index.php\/wp-json\/wp\/v2\/users\/1"}],"replies":[{"embeddable":true,"href":"https:\/\/colegioconcepciontalca.cl\/index.php\/wp-json\/wp\/v2\/comments?post=18001"}],"version-history":[{"count":1,"href":"https:\/\/colegioconcepciontalca.cl\/index.php\/wp-json\/wp\/v2\/posts\/18001\/revisions"}],"predecessor-version":[{"id":18003,"href":"https:\/\/colegioconcepciontalca.cl\/index.php\/wp-json\/wp\/v2\/posts\/18001\/revisions\/18003"}],"wp:featuredmedia":[{"embeddable":true,"href":"https:\/\/colegioconcepciontalca.cl\/index.php\/wp-json\/wp\/v2\/media\/18002"}],"wp:attachment":[{"href":"https:\/\/colegioconcepciontalca.cl\/index.php\/wp-json\/wp\/v2\/media?parent=18001"}],"wp:term":[{"taxonomy":"category","embeddable":true,"href":"https:\/\/colegioconcepciontalca.cl\/index.php\/wp-json\/wp\/v2\/categories?post=18001"},{"taxonomy":"post_tag","embeddable":true,"href":"https:\/\/colegioconcepciontalca.cl\/index.php\/wp-json\/wp\/v2\/tags?post=18001"}],"curies":[{"name":"wp","href":"https:\/\/api.w.org\/{rel}","templated":true}]}}