{"id":17805,"date":"2025-10-28T17:35:10","date_gmt":"2025-10-28T20:35:10","guid":{"rendered":"https:\/\/colegioconcepciontalca.cl\/?p=17805"},"modified":"2025-10-28T17:35:12","modified_gmt":"2025-10-28T20:35:12","slug":"mas-de-300-estudiantes-de-talca-asistieron-a-charla-informativa-sobre-la-paes-y-el-proceso-de-admision-2026","status":"publish","type":"post","link":"https:\/\/colegioconcepciontalca.cl\/index.php\/2025\/10\/28\/mas-de-300-estudiantes-de-talca-asistieron-a-charla-informativa-sobre-la-paes-y-el-proceso-de-admision-2026\/","title":{"rendered":"M\u00e1s de 300 estudiantes de Talca asistieron a charla informativa sobre la PAES y el Proceso de Admisi\u00f3n 2026"},"content":{"rendered":"<!--themify_builder_content-->\n<div id=\"themify_builder_content-17805\" data-postid=\"17805\" class=\"themify_builder_content themify_builder_content-17805 themify_builder tf_clear\">\n    \t<!-- module_row -->\n\t<div  data-lazy=\"1\" class=\"module_row themify_builder_row tb_hltm176 tb_first tf_clearfix\">\n\t    \t\t<div class=\"row_inner col_align_top tf_box tf_w tf_rel\">\n\t\t\t<div  data-lazy=\"1\" class=\"module_column tb-column col-full first tb_runj177 tf_box\">\n\t    \t    \t        <div class=\"tb-column-inner tf_box tf_w\">\n\t\t    <!-- module text -->\n<div  class=\"module module-text tb_u27y192   \" data-lazy=\"1\">\n            <div  class=\"tb_text_wrap\">\n    <p><em>Alumnos\/as de 4\u00b0 medio, profesores\/as y orientadores\/as de la capital del Maule aclararon sus dudas respecto de la prueba y de las etapas posteriores a la rendici\u00f3n, especialmente la postulaci\u00f3n a las universidades.<\/em><\/p><p><\/p><p>Con una calurosa bienvenida m\u00e1s de 300 estudiantes, profesores\/as, orientadores\/as, jefes\/as de UTP y directivos de varios colegios talquinos recibieron a<strong>\u00a0la directora del DEMRE, Leonor Varas<\/strong>, quien estuvo a cargo de la charla informativa \u201cPAES y Proceso de Admisi\u00f3n 2026\u201d.<\/p><p>La actividad fue organizada por el\u00a0<strong>Colegio Concepci\u00f3n de Talca<\/strong>\u00a0y a ella asistieron tambi\u00e9n delegaciones de otros establecimientos de la zona, como los\u00a0<strong>colegios La Salle, San Jorge, Salesianos de Talca<\/strong>\u00a0y el\u00a0<strong>Liceo Santa Teresita<\/strong>.<\/p><p>Las y los asistentes se mostraron muy participativos y entusiasmados con la iniciativa, \u00fatil si se considera que estamos a menos de dos meses de la rendici\u00f3n de la PAES Regular y de la realizaci\u00f3n de otras etapas del proceso de admisi\u00f3n, como la postulaci\u00f3n a las universidades.<\/p><p>En su alocuci\u00f3n, Leonor Varas puso \u00e9nfasis en la importancia de compartir con los compa\u00f1eros\/as y profesores\/as la informaci\u00f3n contenida en la\u00a0Oferta Definitiva de Carreras, Vacantes y Ponderaciones. \u201cEl consejo es revisar con calma y tiempo ese extenso documento, y descubrir ah\u00ed que hay un mundo de posibilidades y opciones. S\u00ed, est\u00e1n las carreras tradicionales y m\u00e1s deseadas siempre por las y los participantes, pero tambi\u00e9n muchas otras que tienen que ver con los desaf\u00edos actuales, como los procesos migratorios, la escasez h\u00eddrica y el calentamiento global, por citar algunos\u201d, se\u00f1al\u00f3.<\/p><p>La autoridad del DEMRE respondi\u00f3 varias preguntas del p\u00fablico y entreg\u00f3\u00a0<em>tips<\/em>\u00a0para la rendici\u00f3n de las pruebas, la correcta postulaci\u00f3n a las universidades -proceso que se llevar\u00e1 a cabo\u00a0entre el 5 y el 8 de enero de 2026- y para la lectura adecuada de los resultados de selecci\u00f3n. \u201cSiempre le pido a los padres y madres y, a las y los profesores, que no presionen a quienes van a dar la PAES; actualmente, el sistema considera muchas oportunidades y mayor flexibilidad, para que la rendici\u00f3n de las pruebas no implique tanto estr\u00e9s como era antes\u201d, recalc\u00f3.<\/p><p>Para la\u00a0<strong>directora de Formaci\u00f3n del Colegio Concepci\u00f3n de Talca, Katherine Rojas<\/strong>, \u201ctener la oportunidad directa y emp\u00edrica de dialogar y realizar preguntas a la encargada del proceso de admisi\u00f3n universitaria en Chile represent\u00f3 un aprendizaje invaluable para nuestros estudiantes\u201d.<\/p><p>En esa misma l\u00ednea, a\u00f1adi\u00f3 que esta charla \u201cfue una experiencia \u00fanica, tanto para nuestros alumnas y alumnos como para las delegaciones visitantes, reafirmando el compromiso de nuestro colegio con brindar oportunidades concretas de orientaci\u00f3n vocacional y desarrollo personal a los estudiantes\u201d, cerr\u00f3.<\/p>    <\/div>\n<\/div>\n<!-- \/module text -->\t        <\/div>\n\t    \t<\/div>\n\t\t    <\/div>\n\t    <!-- \/row_inner -->\n\t<\/div>\n\t<!-- \/module_row -->\n\t\t<!-- module_row -->\n\t<div  data-lazy=\"1\" class=\"module_row themify_builder_row tb_jptp639 tf_clearfix\">\n\t    \t\t<div class=\"row_inner col_align_top tf_box tf_w tf_rel\">\n\t\t\t<div  data-lazy=\"1\" class=\"module_column tb-column col-full first tb_zgou639 tf_box\">\n\t    \t    \t        <div class=\"tb-column-inner tf_box tf_w\">\n\t\t    <!-- module image -->\n<div  class=\"module module-image tb_8ry8656   image-top tf_mw\" data-lazy=\"1\">\n            <div class=\"image-wrap tf_rel tf_mw\">\n\t\t    <img loading=\"lazy\" decoding=\"async\" width=\"768\" height=\"480\" src=\"https:\/\/colegioconcepciontalca.cl\/wp-content\/uploads\/2025\/10\/charla-visita-talca-mas-300-estudiantes.jpg\" class=\"wp-post-image wp-image-17806\" title=\"charla-visita-talca-mas-300-estudiantes\" alt=\"charla-visita-talca-mas-300-estudiantes\" srcset=\"https:\/\/colegioconcepciontalca.cl\/wp-content\/uploads\/2025\/10\/charla-visita-talca-mas-300-estudiantes.jpg 768w, https:\/\/colegioconcepciontalca.cl\/wp-content\/uploads\/2025\/10\/charla-visita-talca-mas-300-estudiantes-300x188.jpg 300w\" sizes=\"auto, (max-width: 768px) 100vw, 768px\" \/>\t\n\t\t<\/div>\n\t<!-- \/image-wrap -->\n    \n    \n<\/div>\n<!-- \/module image -->\t        <\/div>\n\t    \t<\/div>\n\t\t    <\/div>\n\t    <!-- \/row_inner -->\n\t<\/div>\n\t<!-- \/module_row -->\n\t<\/div>\n<!--\/themify_builder_content--><!-- AddThis Advanced Settings generic via filter on the_content --><!-- AddThis Share Buttons generic via filter on the_content -->","protected":false},"excerpt":{"rendered":"<p>Alumnos\/as de 4\u00b0 medio, profesores\/as y orientadores\/as de la capital del Maule aclararon sus dudas respecto de la prueba y de las etapas posteriores a la rendici\u00f3n, especialmente la postulaci\u00f3n a las universidades.Con una calurosa bienvenida m\u00e1s de 300 estudiantes, profesores\/as, orientadores\/as, jefes\/as de UTP y directivos de varios colegios talquinos recibieron a\u00a0la directora del [&hellip;]<!-- AddThis Advanced Settings generic via filter on get_the_excerpt --><!-- AddThis Share Buttons generic via filter on get_the_excerpt --><\/p>\n","protected":false},"author":1,"featured_media":17806,"comment_status":"closed","ping_status":"closed","sticky":false,"template":"","format":"standard","meta":{"footnotes":""},"categories":[4],"tags":[],"class_list":["post-17805","post","type-post","status-publish","format-standard","has-post-thumbnail","hentry","category-noticias","has-post-title","has-post-date","has-post-category","has-post-tag","has-post-comment","has-post-author",""," cat-4"],"jetpack_featured_media_url":"https:\/\/colegioconcepciontalca.cl\/wp-content\/uploads\/2025\/10\/charla-visita-talca-mas-300-estudiantes.jpg","builder_content":"<p><em>Alumnos\/as de 4\u00b0 medio, profesores\/as y orientadores\/as de la capital del Maule aclararon sus dudas respecto de la prueba y de las etapas posteriores a la rendici\u00f3n, especialmente la postulaci\u00f3n a las universidades.<\/em><\/p><p><\/p><p>Con una calurosa bienvenida m\u00e1s de 300 estudiantes, profesores\/as, orientadores\/as, jefes\/as de UTP y directivos de varios colegios talquinos recibieron a<strong>\u00a0la directora del DEMRE, Leonor Varas<\/strong>, quien estuvo a cargo de la charla informativa \u201cPAES y Proceso de Admisi\u00f3n 2026\u201d.<\/p><p>La actividad fue organizada por el\u00a0<strong>Colegio Concepci\u00f3n de Talca<\/strong>\u00a0y a ella asistieron tambi\u00e9n delegaciones de otros establecimientos de la zona, como los\u00a0<strong>colegios La Salle, San Jorge, Salesianos de Talca<\/strong>\u00a0y el\u00a0<strong>Liceo Santa Teresita<\/strong>.<\/p><p>Las y los asistentes se mostraron muy participativos y entusiasmados con la iniciativa, \u00fatil si se considera que estamos a menos de dos meses de la rendici\u00f3n de la PAES Regular y de la realizaci\u00f3n de otras etapas del proceso de admisi\u00f3n, como la postulaci\u00f3n a las universidades.<\/p><p>En su alocuci\u00f3n, Leonor Varas puso \u00e9nfasis en la importancia de compartir con los compa\u00f1eros\/as y profesores\/as la informaci\u00f3n contenida en la\u00a0Oferta Definitiva de Carreras, Vacantes y Ponderaciones. \u201cEl consejo es revisar con calma y tiempo ese extenso documento, y descubrir ah\u00ed que hay un mundo de posibilidades y opciones. S\u00ed, est\u00e1n las carreras tradicionales y m\u00e1s deseadas siempre por las y los participantes, pero tambi\u00e9n muchas otras que tienen que ver con los desaf\u00edos actuales, como los procesos migratorios, la escasez h\u00eddrica y el calentamiento global, por citar algunos\u201d, se\u00f1al\u00f3.<\/p><p>La autoridad del DEMRE respondi\u00f3 varias preguntas del p\u00fablico y entreg\u00f3\u00a0<em>tips<\/em>\u00a0para la rendici\u00f3n de las pruebas, la correcta postulaci\u00f3n a las universidades -proceso que se llevar\u00e1 a cabo\u00a0entre el 5 y el 8 de enero de 2026- y para la lectura adecuada de los resultados de selecci\u00f3n. \u201cSiempre le pido a los padres y madres y, a las y los profesores, que no presionen a quienes van a dar la PAES; actualmente, el sistema considera muchas oportunidades y mayor flexibilidad, para que la rendici\u00f3n de las pruebas no implique tanto estr\u00e9s como era antes\u201d, recalc\u00f3.<\/p><p>Para la\u00a0<strong>directora de Formaci\u00f3n del Colegio Concepci\u00f3n de Talca, Katherine Rojas<\/strong>, \u201ctener la oportunidad directa y emp\u00edrica de dialogar y realizar preguntas a la encargada del proceso de admisi\u00f3n universitaria en Chile represent\u00f3 un aprendizaje invaluable para nuestros estudiantes\u201d.<\/p><p>En esa misma l\u00ednea, a\u00f1adi\u00f3 que esta charla \u201cfue una experiencia \u00fanica, tanto para nuestros alumnas y alumnos como para las delegaciones visitantes, reafirmando el compromiso de nuestro colegio con brindar oportunidades concretas de orientaci\u00f3n vocacional y desarrollo personal a los estudiantes\u201d, cerr\u00f3.<\/p>\n<img loading=\"lazy\" decoding=\"async\" width=\"768\" height=\"480\" src=\"https:\/\/colegioconcepciontalca.cl\/wp-content\/uploads\/2025\/10\/charla-visita-talca-mas-300-estudiantes.jpg\" title=\"charla-visita-talca-mas-300-estudiantes\" alt=\"charla-visita-talca-mas-300-estudiantes\" srcset=\"https:\/\/colegioconcepciontalca.cl\/wp-content\/uploads\/2025\/10\/charla-visita-talca-mas-300-estudiantes.jpg 768w, https:\/\/colegioconcepciontalca.cl\/wp-content\/uploads\/2025\/10\/charla-visita-talca-mas-300-estudiantes-300x188.jpg 300w\" sizes=\"auto, (max-width: 768px) 100vw, 768px\" \/>","_links":{"self":[{"href":"https:\/\/colegioconcepciontalca.cl\/index.php\/wp-json\/wp\/v2\/posts\/17805","targetHints":{"allow":["GET"]}}],"collection":[{"href":"https:\/\/colegioconcepciontalca.cl\/index.php\/wp-json\/wp\/v2\/posts"}],"about":[{"href":"https:\/\/colegioconcepciontalca.cl\/index.php\/wp-json\/wp\/v2\/types\/post"}],"author":[{"embeddable":true,"href":"https:\/\/colegioconcepciontalca.cl\/index.php\/wp-json\/wp\/v2\/users\/1"}],"replies":[{"embeddable":true,"href":"https:\/\/colegioconcepciontalca.cl\/index.php\/wp-json\/wp\/v2\/comments?post=17805"}],"version-history":[{"count":1,"href":"https:\/\/colegioconcepciontalca.cl\/index.php\/wp-json\/wp\/v2\/posts\/17805\/revisions"}],"predecessor-version":[{"id":17807,"href":"https:\/\/colegioconcepciontalca.cl\/index.php\/wp-json\/wp\/v2\/posts\/17805\/revisions\/17807"}],"wp:featuredmedia":[{"embeddable":true,"href":"https:\/\/colegioconcepciontalca.cl\/index.php\/wp-json\/wp\/v2\/media\/17806"}],"wp:attachment":[{"href":"https:\/\/colegioconcepciontalca.cl\/index.php\/wp-json\/wp\/v2\/media?parent=17805"}],"wp:term":[{"taxonomy":"category","embeddable":true,"href":"https:\/\/colegioconcepciontalca.cl\/index.php\/wp-json\/wp\/v2\/categories?post=17805"},{"taxonomy":"post_tag","embeddable":true,"href":"https:\/\/colegioconcepciontalca.cl\/index.php\/wp-json\/wp\/v2\/tags?post=17805"}],"curies":[{"name":"wp","href":"https:\/\/api.w.org\/{rel}","templated":true}]}}