{"id":17780,"date":"2025-10-27T15:37:16","date_gmt":"2025-10-27T18:37:16","guid":{"rendered":"https:\/\/colegioconcepciontalca.cl\/?p=17780"},"modified":"2025-10-27T15:37:19","modified_gmt":"2025-10-27T18:37:19","slug":"5a-version-del-festival-de-primavera-2025","status":"publish","type":"post","link":"https:\/\/colegioconcepciontalca.cl\/index.php\/2025\/10\/27\/5a-version-del-festival-de-primavera-2025\/","title":{"rendered":"5\u00aa Versi\u00f3n del Festival de Primavera 2025"},"content":{"rendered":"<!--themify_builder_content-->\n<div id=\"themify_builder_content-17780\" data-postid=\"17780\" class=\"themify_builder_content themify_builder_content-17780 themify_builder tf_clear\">\n    \t<!-- module_row -->\n\t<div  data-lazy=\"1\" class=\"module_row themify_builder_row tb_vaa0305 tb_first tf_clearfix\">\n\t    \t\t<div class=\"row_inner col_align_top tf_box tf_w tf_rel\">\n\t\t\t<div  data-lazy=\"1\" class=\"module_column tb-column col-full first tb_bmsk305 tf_box\">\n\t    \t    \t        <div class=\"tb-column-inner tf_box tf_w\">\n\t\t    <!-- module text -->\n<div  class=\"module module-text tb_c7ii324   \" data-lazy=\"1\">\n            <div  class=\"tb_text_wrap\">\n    <p>El pasado s\u00e1bado 25 de octubre, nuestro colegio se llen\u00f3 de color, m\u00fasica y alegr\u00eda al celebrar la quinta versi\u00f3n del Festival de Primavera 2025, una jornada que transform\u00f3 nuestros espacios en un gran escenario dedicado al arte y la expresi\u00f3n corporal. Durante el evento, el p\u00fablico pudo disfrutar de diversas presentaciones que destacaron la danza, la gimnasia r\u00edtmica y la danza a\u00e9rea en tela, manifestaciones que reflejan el talento, la dedicaci\u00f3n y el compromiso de nuestros estudiantes.<\/p><p>En esta ocasi\u00f3n, contamos con la valiosa participaci\u00f3n de delegaciones invitadas provenientes de distintos establecimientos educacionales, quienes enriquecieron la jornada con su talento y entusiasmo:<\/p><ul data-start=\"888\" data-end=\"1035\"><li>Colegio Art\u00edstico del Maule<\/li><li>Escuela El Ed\u00e9n<\/li><li>Escuela Carlos Spano<\/li><li>Colegio Alborada de Linares<\/li><li>Club MOV<\/li><li>Club Valeska Gonz\u00e1lez<\/li><\/ul><p>Asimismo, tuvimos el honor de disfrutar las presentaciones de nuestros talleres de Gimnasia R\u00edtmica de 3\u00b0 a 4\u00b0 b\u00e1sico y de 5\u00b0 a 8\u00b0 b\u00e1sico, taller de tela con la destacada participaci\u00f3n de Martina Mar\u00edn quien despide su ultimo a\u00f1o con esta hermosa presentaci\u00f3n,\u00a0 junto a nuestra Selecci\u00f3n de Gimnasia R\u00edtmica, quienes demostraron con orgullo su esfuerzo, disciplina y pasi\u00f3n por el arte y el deporte.<\/p><p>Expresamos un especial agradecimiento a la profesora y entrenadora Marcela D\u00edaz\u00a0 Mellado por la impecable organizaci\u00f3n y coordinaci\u00f3n de este evento, as\u00ed como a todas las delegaciones invitadas\u00a0por compartir con nosotros esta valiosa instancia art\u00edstica.<\/p><p>Agradecemos sinceramente a todas las personas que hicieron posible esta nueva edici\u00f3n del Festival de Primavera, una verdadera celebraci\u00f3n del talento, la expresi\u00f3n art\u00edstica y la alegr\u00eda que caracterizan a nuestra comunidad educativa.<\/p>    <\/div>\n<\/div>\n<!-- \/module text -->\t        <\/div>\n\t    \t<\/div>\n\t\t    <\/div>\n\t    <!-- \/row_inner -->\n\t<\/div>\n\t<!-- \/module_row -->\n\t\t<!-- module_row -->\n\t<div  data-lazy=\"1\" class=\"module_row themify_builder_row tb_wjgp391 tf_clearfix\">\n\t    \t\t<div class=\"row_inner col_align_top tf_box tf_w tf_rel\">\n\t\t\t<div  data-lazy=\"1\" class=\"module_column tb-column col-full first tb_ubyr391 tf_box\">\n\t    \t    \t        <div class=\"tb-column-inner tf_box tf_w\">\n\t\t    <!-- module gallery -->\n<div  class=\"module gallery module-gallery tb_jz37405 layout-slider  \" data-lazy=\"1\">\n                <div class=\"swiper-container tf_carousel themify_builder_slider tf_rel tf_overflow\"\n\tdata-pager=\"0\"\n\t data-lazy=\"1\"\t\t\tdata-thumbs=\"tb_jz37405_thumbs\"\n\t\tdata-effect=\"scroll\" \n\t\tdata-css_url=\"https:\/\/colegioconcepciontalca.cl\/wp-content\/themes\/themify-ultra\/themify\/themify-builder\/css\/modules\/sliders\/carousel.css,https:\/\/colegioconcepciontalca.cl\/wp-content\/themes\/themify-ultra\/themify\/themify-builder\/css\/modules\/sliders\/gallery.css\"\n\t\t\t\tdata-auto=\"4\"\n\t\tdata-pause_hover=\"1\"\n\t\t\t\tdata-speed=\"1\"\n\tdata-wrapvar=\"1\"\n\tdata-slider_nav=\"0\"\n\tdata-height=\"variable\"\n\t>\n\t<div class=\"swiper-wrapper tf_lazy tf_rel tf_w tf_h tf_textc\">\n\t\t\t\t\t<div class=\"swiper-slide\">\n\t\t\t<div class=\"slide-inner-wrap\">\n\t\t\t\t<div class=\"tf_lazy slide-image gallery-icon\"><a href=\"https:\/\/colegioconcepciontalca.cl\/wp-content\/uploads\/2025\/10\/01-11.jpeg\" class=\"themify_lightbox\"><img loading=\"lazy\" decoding=\"async\" width=\"756\" height=\"605\" src=\"https:\/\/colegioconcepciontalca.cl\/wp-content\/uploads\/2025\/10\/01-11.jpeg\" class=\"wp-post-image wp-image-17781\" title=\"01\" data-tf-not-load=\"1\" alt=\"01\" srcset=\"https:\/\/colegioconcepciontalca.cl\/wp-content\/uploads\/2025\/10\/01-11.jpeg 756w, https:\/\/colegioconcepciontalca.cl\/wp-content\/uploads\/2025\/10\/01-11-300x240.jpeg 300w\" sizes=\"auto, (max-width: 756px) 100vw, 756px\" \/><\/a>\t\t\t\t<\/div>\n\t\t\t\t\t\t\t<\/div><\/div>\n\t\t\t\t\t<div class=\"swiper-slide\">\n\t\t\t<div class=\"slide-inner-wrap\">\n\t\t\t\t<div class=\"tf_lazy slide-image gallery-icon\"><a href=\"https:\/\/colegioconcepciontalca.cl\/wp-content\/uploads\/2025\/10\/02-10-scaled.jpeg\" class=\"themify_lightbox\"><img loading=\"lazy\" decoding=\"async\" width=\"2560\" height=\"2048\" src=\"https:\/\/colegioconcepciontalca.cl\/wp-content\/uploads\/2025\/10\/02-10-scaled.jpeg\" class=\"wp-post-image wp-image-17782\" title=\"02\" data-tf-not-load=\"1\" alt=\"02\" srcset=\"https:\/\/colegioconcepciontalca.cl\/wp-content\/uploads\/2025\/10\/02-10-scaled.jpeg 2560w, https:\/\/colegioconcepciontalca.cl\/wp-content\/uploads\/2025\/10\/02-10-300x240.jpeg 300w, https:\/\/colegioconcepciontalca.cl\/wp-content\/uploads\/2025\/10\/02-10-1024x819.jpeg 1024w, https:\/\/colegioconcepciontalca.cl\/wp-content\/uploads\/2025\/10\/02-10-768x614.jpeg 768w, https:\/\/colegioconcepciontalca.cl\/wp-content\/uploads\/2025\/10\/02-10-1536x1229.jpeg 1536w, https:\/\/colegioconcepciontalca.cl\/wp-content\/uploads\/2025\/10\/02-10-2048x1638.jpeg 2048w\" sizes=\"auto, (max-width: 2560px) 100vw, 2560px\" \/><\/a>\t\t\t\t<\/div>\n\t\t\t\t\t\t\t<\/div><\/div>\n\t\t\t\t\t<div class=\"swiper-slide\">\n\t\t\t<div class=\"slide-inner-wrap\">\n\t\t\t\t<div class=\"tf_lazy slide-image gallery-icon\"><a href=\"https:\/\/colegioconcepciontalca.cl\/wp-content\/uploads\/2025\/10\/03-9-scaled.jpeg\" class=\"themify_lightbox\"><img loading=\"lazy\" decoding=\"async\" width=\"2560\" height=\"2049\" src=\"https:\/\/colegioconcepciontalca.cl\/wp-content\/uploads\/2025\/10\/03-9-scaled.jpeg\" class=\"wp-post-image wp-image-17783\" title=\"03\" data-tf-not-load=\"1\" alt=\"03\" srcset=\"https:\/\/colegioconcepciontalca.cl\/wp-content\/uploads\/2025\/10\/03-9-scaled.jpeg 2560w, https:\/\/colegioconcepciontalca.cl\/wp-content\/uploads\/2025\/10\/03-9-300x240.jpeg 300w, https:\/\/colegioconcepciontalca.cl\/wp-content\/uploads\/2025\/10\/03-9-1024x819.jpeg 1024w, https:\/\/colegioconcepciontalca.cl\/wp-content\/uploads\/2025\/10\/03-9-768x615.jpeg 768w, https:\/\/colegioconcepciontalca.cl\/wp-content\/uploads\/2025\/10\/03-9-1536x1229.jpeg 1536w, https:\/\/colegioconcepciontalca.cl\/wp-content\/uploads\/2025\/10\/03-9-2048x1639.jpeg 2048w\" sizes=\"auto, (max-width: 2560px) 100vw, 2560px\" \/><\/a>\t\t\t\t<\/div>\n\t\t\t\t\t\t\t<\/div><\/div>\n\t\t\t\t\t<div class=\"swiper-slide\">\n\t\t\t<div class=\"slide-inner-wrap\">\n\t\t\t\t<div class=\"tf_lazy slide-image gallery-icon\"><a href=\"https:\/\/colegioconcepciontalca.cl\/wp-content\/uploads\/2025\/10\/04-8-scaled.jpeg\" class=\"themify_lightbox\"><img loading=\"lazy\" decoding=\"async\" width=\"2560\" height=\"2048\" src=\"https:\/\/colegioconcepciontalca.cl\/wp-content\/uploads\/2025\/10\/04-8-scaled.jpeg\" class=\"wp-post-image wp-image-17784\" title=\"04\" data-tf-not-load=\"1\" alt=\"04\" srcset=\"https:\/\/colegioconcepciontalca.cl\/wp-content\/uploads\/2025\/10\/04-8-scaled.jpeg 2560w, https:\/\/colegioconcepciontalca.cl\/wp-content\/uploads\/2025\/10\/04-8-300x240.jpeg 300w, https:\/\/colegioconcepciontalca.cl\/wp-content\/uploads\/2025\/10\/04-8-1024x819.jpeg 1024w, https:\/\/colegioconcepciontalca.cl\/wp-content\/uploads\/2025\/10\/04-8-768x614.jpeg 768w, https:\/\/colegioconcepciontalca.cl\/wp-content\/uploads\/2025\/10\/04-8-1536x1229.jpeg 1536w, https:\/\/colegioconcepciontalca.cl\/wp-content\/uploads\/2025\/10\/04-8-2048x1638.jpeg 2048w\" sizes=\"auto, (max-width: 2560px) 100vw, 2560px\" \/><\/a>\t\t\t\t<\/div>\n\t\t\t\t\t\t\t<\/div><\/div>\n\t\t\t\t\t<div class=\"swiper-slide\">\n\t\t\t<div class=\"slide-inner-wrap\">\n\t\t\t\t<div class=\"tf_lazy slide-image gallery-icon\"><a href=\"https:\/\/colegioconcepciontalca.cl\/wp-content\/uploads\/2025\/10\/05-9-scaled.jpeg\" class=\"themify_lightbox\"><img loading=\"lazy\" decoding=\"async\" width=\"2560\" height=\"2048\" src=\"https:\/\/colegioconcepciontalca.cl\/wp-content\/uploads\/2025\/10\/05-9-scaled.jpeg\" class=\"wp-post-image wp-image-17785\" title=\"05\" data-tf-not-load=\"1\" alt=\"05\" srcset=\"https:\/\/colegioconcepciontalca.cl\/wp-content\/uploads\/2025\/10\/05-9-scaled.jpeg 2560w, https:\/\/colegioconcepciontalca.cl\/wp-content\/uploads\/2025\/10\/05-9-300x240.jpeg 300w, https:\/\/colegioconcepciontalca.cl\/wp-content\/uploads\/2025\/10\/05-9-1024x819.jpeg 1024w, https:\/\/colegioconcepciontalca.cl\/wp-content\/uploads\/2025\/10\/05-9-768x614.jpeg 768w, https:\/\/colegioconcepciontalca.cl\/wp-content\/uploads\/2025\/10\/05-9-1536x1229.jpeg 1536w, https:\/\/colegioconcepciontalca.cl\/wp-content\/uploads\/2025\/10\/05-9-2048x1638.jpeg 2048w\" sizes=\"auto, (max-width: 2560px) 100vw, 2560px\" \/><\/a>\t\t\t\t<\/div>\n\t\t\t\t\t\t\t<\/div><\/div>\n\t\t\t\t\t<div class=\"swiper-slide\">\n\t\t\t<div class=\"slide-inner-wrap\">\n\t\t\t\t<div class=\"tf_lazy slide-image gallery-icon\"><a href=\"https:\/\/colegioconcepciontalca.cl\/wp-content\/uploads\/2025\/10\/06-9-scaled.jpeg\" class=\"themify_lightbox\"><img loading=\"lazy\" decoding=\"async\" width=\"2560\" height=\"2048\" src=\"https:\/\/colegioconcepciontalca.cl\/wp-content\/uploads\/2025\/10\/06-9-scaled.jpeg\" class=\"wp-post-image wp-image-17786\" title=\"06\" data-tf-not-load=\"1\" alt=\"06\" srcset=\"https:\/\/colegioconcepciontalca.cl\/wp-content\/uploads\/2025\/10\/06-9-scaled.jpeg 2560w, https:\/\/colegioconcepciontalca.cl\/wp-content\/uploads\/2025\/10\/06-9-300x240.jpeg 300w, https:\/\/colegioconcepciontalca.cl\/wp-content\/uploads\/2025\/10\/06-9-1024x819.jpeg 1024w, https:\/\/colegioconcepciontalca.cl\/wp-content\/uploads\/2025\/10\/06-9-768x614.jpeg 768w, https:\/\/colegioconcepciontalca.cl\/wp-content\/uploads\/2025\/10\/06-9-1536x1229.jpeg 1536w, https:\/\/colegioconcepciontalca.cl\/wp-content\/uploads\/2025\/10\/06-9-2048x1639.jpeg 2048w\" sizes=\"auto, (max-width: 2560px) 100vw, 2560px\" \/><\/a>\t\t\t\t<\/div>\n\t\t\t\t\t\t\t<\/div><\/div>\n\t\t\t\t\t<div class=\"swiper-slide\">\n\t\t\t<div class=\"slide-inner-wrap\">\n\t\t\t\t<div class=\"tf_lazy slide-image gallery-icon\"><a href=\"https:\/\/colegioconcepciontalca.cl\/wp-content\/uploads\/2025\/10\/07-9.jpeg\" class=\"themify_lightbox\"><img loading=\"lazy\" decoding=\"async\" width=\"1267\" height=\"1014\" src=\"https:\/\/colegioconcepciontalca.cl\/wp-content\/uploads\/2025\/10\/07-9.jpeg\" class=\"wp-post-image wp-image-17787\" title=\"07\" data-tf-not-load=\"1\" alt=\"07\" srcset=\"https:\/\/colegioconcepciontalca.cl\/wp-content\/uploads\/2025\/10\/07-9.jpeg 1267w, https:\/\/colegioconcepciontalca.cl\/wp-content\/uploads\/2025\/10\/07-9-300x240.jpeg 300w, https:\/\/colegioconcepciontalca.cl\/wp-content\/uploads\/2025\/10\/07-9-1024x820.jpeg 1024w, https:\/\/colegioconcepciontalca.cl\/wp-content\/uploads\/2025\/10\/07-9-768x615.jpeg 768w\" sizes=\"auto, (max-width: 1267px) 100vw, 1267px\" \/><\/a>\t\t\t\t<\/div>\n\t\t\t\t\t\t\t<\/div><\/div>\n\t\t\t\t\t<div class=\"swiper-slide\">\n\t\t\t<div class=\"slide-inner-wrap\">\n\t\t\t\t<div class=\"tf_lazy slide-image gallery-icon\"><a href=\"https:\/\/colegioconcepciontalca.cl\/wp-content\/uploads\/2025\/10\/08-9.jpeg\" class=\"themify_lightbox\"><img loading=\"lazy\" decoding=\"async\" width=\"716\" height=\"573\" src=\"https:\/\/colegioconcepciontalca.cl\/wp-content\/uploads\/2025\/10\/08-9.jpeg\" class=\"wp-post-image wp-image-17788\" title=\"08\" data-tf-not-load=\"1\" alt=\"08\" srcset=\"https:\/\/colegioconcepciontalca.cl\/wp-content\/uploads\/2025\/10\/08-9.jpeg 716w, https:\/\/colegioconcepciontalca.cl\/wp-content\/uploads\/2025\/10\/08-9-300x240.jpeg 300w\" sizes=\"auto, (max-width: 716px) 100vw, 716px\" \/><\/a>\t\t\t\t<\/div>\n\t\t\t\t\t\t\t<\/div><\/div>\n\t\t\t\t\t<div class=\"swiper-slide\">\n\t\t\t<div class=\"slide-inner-wrap\">\n\t\t\t\t<div class=\"tf_lazy slide-image gallery-icon\"><a href=\"https:\/\/colegioconcepciontalca.cl\/wp-content\/uploads\/2025\/10\/09-8.jpeg\" class=\"themify_lightbox\"><img loading=\"lazy\" decoding=\"async\" width=\"922\" height=\"738\" src=\"https:\/\/colegioconcepciontalca.cl\/wp-content\/uploads\/2025\/10\/09-8.jpeg\" class=\"wp-post-image wp-image-17789\" title=\"09\" data-tf-not-load=\"1\" alt=\"09\" srcset=\"https:\/\/colegioconcepciontalca.cl\/wp-content\/uploads\/2025\/10\/09-8.jpeg 922w, https:\/\/colegioconcepciontalca.cl\/wp-content\/uploads\/2025\/10\/09-8-300x240.jpeg 300w, https:\/\/colegioconcepciontalca.cl\/wp-content\/uploads\/2025\/10\/09-8-768x615.jpeg 768w\" sizes=\"auto, (max-width: 922px) 100vw, 922px\" \/><\/a>\t\t\t\t<\/div>\n\t\t\t\t\t\t\t<\/div><\/div>\n\t\t\t\t\t<div class=\"swiper-slide\">\n\t\t\t<div class=\"slide-inner-wrap\">\n\t\t\t\t<div class=\"tf_lazy slide-image gallery-icon\"><a href=\"https:\/\/colegioconcepciontalca.cl\/wp-content\/uploads\/2025\/10\/10-8.jpeg\" class=\"themify_lightbox\"><img loading=\"lazy\" decoding=\"async\" width=\"1222\" height=\"978\" src=\"https:\/\/colegioconcepciontalca.cl\/wp-content\/uploads\/2025\/10\/10-8.jpeg\" class=\"wp-post-image wp-image-17790\" title=\"10\" data-tf-not-load=\"1\" alt=\"10\" srcset=\"https:\/\/colegioconcepciontalca.cl\/wp-content\/uploads\/2025\/10\/10-8.jpeg 1222w, https:\/\/colegioconcepciontalca.cl\/wp-content\/uploads\/2025\/10\/10-8-300x240.jpeg 300w, https:\/\/colegioconcepciontalca.cl\/wp-content\/uploads\/2025\/10\/10-8-1024x820.jpeg 1024w, https:\/\/colegioconcepciontalca.cl\/wp-content\/uploads\/2025\/10\/10-8-768x615.jpeg 768w\" sizes=\"auto, (max-width: 1222px) 100vw, 1222px\" \/><\/a>\t\t\t\t<\/div>\n\t\t\t\t\t\t\t<\/div><\/div>\n\t\t\t\t\t<div class=\"swiper-slide\">\n\t\t\t<div class=\"slide-inner-wrap\">\n\t\t\t\t<div class=\"tf_lazy slide-image gallery-icon\"><a href=\"https:\/\/colegioconcepciontalca.cl\/wp-content\/uploads\/2025\/10\/11-4.jpeg\" class=\"themify_lightbox\"><img loading=\"lazy\" decoding=\"async\" width=\"1306\" height=\"1046\" src=\"https:\/\/colegioconcepciontalca.cl\/wp-content\/uploads\/2025\/10\/11-4.jpeg\" class=\"wp-post-image wp-image-17791\" title=\"11\" data-tf-not-load=\"1\" alt=\"11\" srcset=\"https:\/\/colegioconcepciontalca.cl\/wp-content\/uploads\/2025\/10\/11-4.jpeg 1306w, https:\/\/colegioconcepciontalca.cl\/wp-content\/uploads\/2025\/10\/11-4-300x240.jpeg 300w, https:\/\/colegioconcepciontalca.cl\/wp-content\/uploads\/2025\/10\/11-4-1024x820.jpeg 1024w, https:\/\/colegioconcepciontalca.cl\/wp-content\/uploads\/2025\/10\/11-4-768x615.jpeg 768w\" sizes=\"auto, (max-width: 1306px) 100vw, 1306px\" \/><\/a>\t\t\t\t<\/div>\n\t\t\t\t\t\t\t<\/div><\/div>\n\t\t\t\t\t<div class=\"swiper-slide\">\n\t\t\t<div class=\"slide-inner-wrap\">\n\t\t\t\t<div class=\"tf_lazy slide-image gallery-icon\"><a href=\"https:\/\/colegioconcepciontalca.cl\/wp-content\/uploads\/2025\/10\/12-4.jpeg\" class=\"themify_lightbox\"><img loading=\"lazy\" decoding=\"async\" width=\"1358\" height=\"1086\" src=\"https:\/\/colegioconcepciontalca.cl\/wp-content\/uploads\/2025\/10\/12-4.jpeg\" class=\"wp-post-image wp-image-17792\" title=\"12\" data-tf-not-load=\"1\" alt=\"12\" srcset=\"https:\/\/colegioconcepciontalca.cl\/wp-content\/uploads\/2025\/10\/12-4.jpeg 1358w, https:\/\/colegioconcepciontalca.cl\/wp-content\/uploads\/2025\/10\/12-4-300x240.jpeg 300w, https:\/\/colegioconcepciontalca.cl\/wp-content\/uploads\/2025\/10\/12-4-1024x819.jpeg 1024w, https:\/\/colegioconcepciontalca.cl\/wp-content\/uploads\/2025\/10\/12-4-768x614.jpeg 768w\" sizes=\"auto, (max-width: 1358px) 100vw, 1358px\" \/><\/a>\t\t\t\t<\/div>\n\t\t\t\t\t\t\t<\/div><\/div>\n\t\t\t\t\t<div class=\"swiper-slide\">\n\t\t\t<div class=\"slide-inner-wrap\">\n\t\t\t\t<div class=\"tf_lazy slide-image gallery-icon\"><a href=\"https:\/\/colegioconcepciontalca.cl\/wp-content\/uploads\/2025\/10\/13-4.jpeg\" class=\"themify_lightbox\"><img loading=\"lazy\" decoding=\"async\" width=\"710\" height=\"568\" src=\"https:\/\/colegioconcepciontalca.cl\/wp-content\/uploads\/2025\/10\/13-4.jpeg\" class=\"wp-post-image wp-image-17793\" title=\"13\" data-tf-not-load=\"1\" alt=\"13\" srcset=\"https:\/\/colegioconcepciontalca.cl\/wp-content\/uploads\/2025\/10\/13-4.jpeg 710w, https:\/\/colegioconcepciontalca.cl\/wp-content\/uploads\/2025\/10\/13-4-300x240.jpeg 300w\" sizes=\"auto, (max-width: 710px) 100vw, 710px\" \/><\/a>\t\t\t\t<\/div>\n\t\t\t\t\t\t\t<\/div><\/div>\n\t\t\t\t\t<div class=\"swiper-slide\">\n\t\t\t<div class=\"slide-inner-wrap\">\n\t\t\t\t<div class=\"tf_lazy slide-image gallery-icon\"><a href=\"https:\/\/colegioconcepciontalca.cl\/wp-content\/uploads\/2025\/10\/14-5.jpeg\" class=\"themify_lightbox\"><img loading=\"lazy\" decoding=\"async\" width=\"871\" height=\"697\" src=\"https:\/\/colegioconcepciontalca.cl\/wp-content\/uploads\/2025\/10\/14-5.jpeg\" class=\"wp-post-image wp-image-17794\" title=\"14\" data-tf-not-load=\"1\" alt=\"14\" srcset=\"https:\/\/colegioconcepciontalca.cl\/wp-content\/uploads\/2025\/10\/14-5.jpeg 871w, https:\/\/colegioconcepciontalca.cl\/wp-content\/uploads\/2025\/10\/14-5-300x240.jpeg 300w, https:\/\/colegioconcepciontalca.cl\/wp-content\/uploads\/2025\/10\/14-5-768x615.jpeg 768w\" sizes=\"auto, (max-width: 871px) 100vw, 871px\" \/><\/a>\t\t\t\t<\/div>\n\t\t\t\t\t\t\t<\/div><\/div>\n\t\t\t\t\t<div class=\"swiper-slide\">\n\t\t\t<div class=\"slide-inner-wrap\">\n\t\t\t\t<div class=\"tf_lazy slide-image gallery-icon\"><a href=\"https:\/\/colegioconcepciontalca.cl\/wp-content\/uploads\/2025\/10\/15-4.jpeg\" class=\"themify_lightbox\"><img loading=\"lazy\" decoding=\"async\" width=\"863\" height=\"690\" src=\"https:\/\/colegioconcepciontalca.cl\/wp-content\/uploads\/2025\/10\/15-4.jpeg\" class=\"wp-post-image wp-image-17795\" title=\"15\" data-tf-not-load=\"1\" alt=\"15\" srcset=\"https:\/\/colegioconcepciontalca.cl\/wp-content\/uploads\/2025\/10\/15-4.jpeg 863w, https:\/\/colegioconcepciontalca.cl\/wp-content\/uploads\/2025\/10\/15-4-300x240.jpeg 300w, https:\/\/colegioconcepciontalca.cl\/wp-content\/uploads\/2025\/10\/15-4-768x614.jpeg 768w\" sizes=\"auto, (max-width: 863px) 100vw, 863px\" \/><\/a>\t\t\t\t<\/div>\n\t\t\t\t\t\t\t<\/div><\/div>\n\t\t\t\t\t<div class=\"swiper-slide\">\n\t\t\t<div class=\"slide-inner-wrap\">\n\t\t\t\t<div class=\"tf_lazy slide-image gallery-icon\"><a href=\"https:\/\/colegioconcepciontalca.cl\/wp-content\/uploads\/2025\/10\/16-3.jpeg\" class=\"themify_lightbox\"><img loading=\"lazy\" decoding=\"async\" width=\"922\" height=\"738\" src=\"https:\/\/colegioconcepciontalca.cl\/wp-content\/uploads\/2025\/10\/16-3.jpeg\" class=\"wp-post-image wp-image-17796\" title=\"16\" data-tf-not-load=\"1\" alt=\"16\" srcset=\"https:\/\/colegioconcepciontalca.cl\/wp-content\/uploads\/2025\/10\/16-3.jpeg 922w, https:\/\/colegioconcepciontalca.cl\/wp-content\/uploads\/2025\/10\/16-3-300x240.jpeg 300w, https:\/\/colegioconcepciontalca.cl\/wp-content\/uploads\/2025\/10\/16-3-768x615.jpeg 768w\" sizes=\"auto, (max-width: 922px) 100vw, 922px\" \/><\/a>\t\t\t\t<\/div>\n\t\t\t\t\t\t\t<\/div><\/div>\n\t\t\t\t\t<div class=\"swiper-slide\">\n\t\t\t<div class=\"slide-inner-wrap\">\n\t\t\t\t<div class=\"tf_lazy slide-image gallery-icon\"><a href=\"https:\/\/colegioconcepciontalca.cl\/wp-content\/uploads\/2025\/10\/17-3.jpeg\" class=\"themify_lightbox\"><img loading=\"lazy\" decoding=\"async\" width=\"1335\" height=\"1068\" src=\"https:\/\/colegioconcepciontalca.cl\/wp-content\/uploads\/2025\/10\/17-3.jpeg\" class=\"wp-post-image wp-image-17797\" title=\"17\" data-tf-not-load=\"1\" alt=\"17\" srcset=\"https:\/\/colegioconcepciontalca.cl\/wp-content\/uploads\/2025\/10\/17-3.jpeg 1335w, https:\/\/colegioconcepciontalca.cl\/wp-content\/uploads\/2025\/10\/17-3-300x240.jpeg 300w, https:\/\/colegioconcepciontalca.cl\/wp-content\/uploads\/2025\/10\/17-3-1024x819.jpeg 1024w, https:\/\/colegioconcepciontalca.cl\/wp-content\/uploads\/2025\/10\/17-3-768x614.jpeg 768w\" sizes=\"auto, (max-width: 1335px) 100vw, 1335px\" \/><\/a>\t\t\t\t<\/div>\n\t\t\t\t\t\t\t<\/div><\/div>\n\t\t\t\t\t<div class=\"swiper-slide\">\n\t\t\t<div class=\"slide-inner-wrap\">\n\t\t\t\t<div class=\"tf_lazy slide-image gallery-icon\"><a href=\"https:\/\/colegioconcepciontalca.cl\/wp-content\/uploads\/2025\/10\/18-2.jpeg\" class=\"themify_lightbox\"><img loading=\"lazy\" decoding=\"async\" width=\"843\" height=\"675\" src=\"https:\/\/colegioconcepciontalca.cl\/wp-content\/uploads\/2025\/10\/18-2.jpeg\" class=\"wp-post-image wp-image-17798\" title=\"18\" data-tf-not-load=\"1\" alt=\"18\" srcset=\"https:\/\/colegioconcepciontalca.cl\/wp-content\/uploads\/2025\/10\/18-2.jpeg 843w, https:\/\/colegioconcepciontalca.cl\/wp-content\/uploads\/2025\/10\/18-2-300x240.jpeg 300w, https:\/\/colegioconcepciontalca.cl\/wp-content\/uploads\/2025\/10\/18-2-768x615.jpeg 768w\" sizes=\"auto, (max-width: 843px) 100vw, 843px\" \/><\/a>\t\t\t\t<\/div>\n\t\t\t\t\t\t\t<\/div><\/div>\n\t\t\t<\/div>\n<\/div>\n                <div class=\"themify_builder_slider_vertical tf_rel\">\n    <div class=\"swiper-container tf_carousel themify_builder_slider themify_builder_slider_vertical tb_jz37405_thumbs tf_rel tf_overflow\"\n\tdata-pager=\"1\"\n\t data-lazy=\"1\"\t        data-thumbs-id=\"tb_jz37405_thumbs\"\n\t\tdata-visible=\"4\" \n\t\tdata-tbreakpoints=\"1280\"\n\t\tdata-mbreakpoints=\"680\"\n\t\tdata-tab-visible=\"0\"\n\t\tdata-mob-visible=\"0\"\n\t\t\t\tdata-auto=\"4\"\n\t\tdata-pause_hover=\"1\"\n\t\t\t\t\tdata-controller=\"0\"\n\t\t\t\tdata-speed=\"1\"\n\tdata-wrapvar=\"1\"\n\tdata-slider_nav=\"1\"\n\tdata-height=\"variable\"\n\t>\n\t<div class=\"swiper-wrapper tf_lazy tf_rel tf_w tf_h tf_textc\">\n\t\t\t\t\t<div class=\"swiper-slide\">\n\t\t\t<div class=\"slide-inner-wrap\">\n\t\t\t\t<div class=\"tf_lazy slide-image gallery-icon\"><img loading=\"lazy\" decoding=\"async\" src=\"https:\/\/colegioconcepciontalca.cl\/wp-content\/uploads\/2025\/10\/01-11-300x200.jpeg\" width=\"300\" height=\"200\" class=\"wp-post-image wp-image-17781\" title=\"01\" data-tf-not-load=\"1\" alt=\"01\">\t\t\t\t<\/div>\n\t\t\t\t\t\t\t<\/div><\/div>\n\t\t\t\t\t<div class=\"swiper-slide\">\n\t\t\t<div class=\"slide-inner-wrap\">\n\t\t\t\t<div class=\"tf_lazy slide-image gallery-icon\"><img loading=\"lazy\" decoding=\"async\" src=\"https:\/\/colegioconcepciontalca.cl\/wp-content\/uploads\/2025\/10\/02-10-scaled-300x200.jpeg\" width=\"300\" height=\"200\" class=\"wp-post-image wp-image-17782\" title=\"02\" data-tf-not-load=\"1\" alt=\"02\">\t\t\t\t<\/div>\n\t\t\t\t\t\t\t<\/div><\/div>\n\t\t\t\t\t<div class=\"swiper-slide\">\n\t\t\t<div class=\"slide-inner-wrap\">\n\t\t\t\t<div class=\"tf_lazy slide-image gallery-icon\"><img loading=\"lazy\" decoding=\"async\" src=\"https:\/\/colegioconcepciontalca.cl\/wp-content\/uploads\/2025\/10\/03-9-scaled-300x200.jpeg\" width=\"300\" height=\"200\" class=\"wp-post-image wp-image-17783\" title=\"03\" data-tf-not-load=\"1\" alt=\"03\">\t\t\t\t<\/div>\n\t\t\t\t\t\t\t<\/div><\/div>\n\t\t\t\t\t<div class=\"swiper-slide\">\n\t\t\t<div class=\"slide-inner-wrap\">\n\t\t\t\t<div class=\"tf_lazy slide-image gallery-icon\"><img loading=\"lazy\" decoding=\"async\" src=\"https:\/\/colegioconcepciontalca.cl\/wp-content\/uploads\/2025\/10\/04-8-scaled-300x200.jpeg\" width=\"300\" height=\"200\" class=\"wp-post-image wp-image-17784\" title=\"04\" data-tf-not-load=\"1\" alt=\"04\">\t\t\t\t<\/div>\n\t\t\t\t\t\t\t<\/div><\/div>\n\t\t\t\t\t<div class=\"swiper-slide\">\n\t\t\t<div class=\"slide-inner-wrap\">\n\t\t\t\t<div class=\"tf_lazy slide-image gallery-icon\"><img loading=\"lazy\" decoding=\"async\" src=\"https:\/\/colegioconcepciontalca.cl\/wp-content\/uploads\/2025\/10\/05-9-scaled-300x200.jpeg\" width=\"300\" height=\"200\" class=\"wp-post-image wp-image-17785\" title=\"05\" data-tf-not-load=\"1\" alt=\"05\">\t\t\t\t<\/div>\n\t\t\t\t\t\t\t<\/div><\/div>\n\t\t\t\t\t<div class=\"swiper-slide\">\n\t\t\t<div class=\"slide-inner-wrap\">\n\t\t\t\t<div class=\"tf_lazy slide-image gallery-icon\"><img loading=\"lazy\" decoding=\"async\" src=\"https:\/\/colegioconcepciontalca.cl\/wp-content\/uploads\/2025\/10\/06-9-scaled-300x200.jpeg\" width=\"300\" height=\"200\" class=\"wp-post-image wp-image-17786\" title=\"06\" data-tf-not-load=\"1\" alt=\"06\">\t\t\t\t<\/div>\n\t\t\t\t\t\t\t<\/div><\/div>\n\t\t\t\t\t<div class=\"swiper-slide\">\n\t\t\t<div class=\"slide-inner-wrap\">\n\t\t\t\t<div class=\"tf_lazy slide-image gallery-icon\"><img loading=\"lazy\" decoding=\"async\" src=\"https:\/\/colegioconcepciontalca.cl\/wp-content\/uploads\/2025\/10\/07-9-300x200.jpeg\" width=\"300\" height=\"200\" class=\"wp-post-image wp-image-17787\" title=\"07\" data-tf-not-load=\"1\" alt=\"07\">\t\t\t\t<\/div>\n\t\t\t\t\t\t\t<\/div><\/div>\n\t\t\t\t\t<div class=\"swiper-slide\">\n\t\t\t<div class=\"slide-inner-wrap\">\n\t\t\t\t<div class=\"tf_lazy slide-image gallery-icon\"><img loading=\"lazy\" decoding=\"async\" src=\"https:\/\/colegioconcepciontalca.cl\/wp-content\/uploads\/2025\/10\/08-9-300x200.jpeg\" width=\"300\" height=\"200\" class=\"wp-post-image wp-image-17788\" title=\"08\" data-tf-not-load=\"1\" alt=\"08\">\t\t\t\t<\/div>\n\t\t\t\t\t\t\t<\/div><\/div>\n\t\t\t\t\t<div class=\"swiper-slide\">\n\t\t\t<div class=\"slide-inner-wrap\">\n\t\t\t\t<div class=\"tf_lazy slide-image gallery-icon\"><img loading=\"lazy\" decoding=\"async\" src=\"https:\/\/colegioconcepciontalca.cl\/wp-content\/uploads\/2025\/10\/09-8-300x200.jpeg\" width=\"300\" height=\"200\" class=\"wp-post-image wp-image-17789\" title=\"09\" data-tf-not-load=\"1\" alt=\"09\">\t\t\t\t<\/div>\n\t\t\t\t\t\t\t<\/div><\/div>\n\t\t\t\t\t<div class=\"swiper-slide\">\n\t\t\t<div class=\"slide-inner-wrap\">\n\t\t\t\t<div class=\"tf_lazy slide-image gallery-icon\"><img loading=\"lazy\" decoding=\"async\" src=\"https:\/\/colegioconcepciontalca.cl\/wp-content\/uploads\/2025\/10\/10-8-300x200.jpeg\" width=\"300\" height=\"200\" class=\"wp-post-image wp-image-17790\" title=\"10\" data-tf-not-load=\"1\" alt=\"10\">\t\t\t\t<\/div>\n\t\t\t\t\t\t\t<\/div><\/div>\n\t\t\t\t\t<div class=\"swiper-slide\">\n\t\t\t<div class=\"slide-inner-wrap\">\n\t\t\t\t<div class=\"tf_lazy slide-image gallery-icon\"><img loading=\"lazy\" decoding=\"async\" src=\"https:\/\/colegioconcepciontalca.cl\/wp-content\/uploads\/2025\/10\/11-4-300x200.jpeg\" width=\"300\" height=\"200\" class=\"wp-post-image wp-image-17791\" title=\"11\" data-tf-not-load=\"1\" alt=\"11\">\t\t\t\t<\/div>\n\t\t\t\t\t\t\t<\/div><\/div>\n\t\t\t\t\t<div class=\"swiper-slide\">\n\t\t\t<div class=\"slide-inner-wrap\">\n\t\t\t\t<div class=\"tf_lazy slide-image gallery-icon\"><img loading=\"lazy\" decoding=\"async\" src=\"https:\/\/colegioconcepciontalca.cl\/wp-content\/uploads\/2025\/10\/12-4-300x200.jpeg\" width=\"300\" height=\"200\" class=\"wp-post-image wp-image-17792\" title=\"12\" data-tf-not-load=\"1\" alt=\"12\">\t\t\t\t<\/div>\n\t\t\t\t\t\t\t<\/div><\/div>\n\t\t\t\t\t<div class=\"swiper-slide\">\n\t\t\t<div class=\"slide-inner-wrap\">\n\t\t\t\t<div class=\"tf_lazy slide-image gallery-icon\"><img loading=\"lazy\" decoding=\"async\" src=\"https:\/\/colegioconcepciontalca.cl\/wp-content\/uploads\/2025\/10\/13-4-300x200.jpeg\" width=\"300\" height=\"200\" class=\"wp-post-image wp-image-17793\" title=\"13\" data-tf-not-load=\"1\" alt=\"13\">\t\t\t\t<\/div>\n\t\t\t\t\t\t\t<\/div><\/div>\n\t\t\t\t\t<div class=\"swiper-slide\">\n\t\t\t<div class=\"slide-inner-wrap\">\n\t\t\t\t<div class=\"tf_lazy slide-image gallery-icon\"><img loading=\"lazy\" decoding=\"async\" src=\"https:\/\/colegioconcepciontalca.cl\/wp-content\/uploads\/2025\/10\/14-5-300x200.jpeg\" width=\"300\" height=\"200\" class=\"wp-post-image wp-image-17794\" title=\"14\" data-tf-not-load=\"1\" alt=\"14\">\t\t\t\t<\/div>\n\t\t\t\t\t\t\t<\/div><\/div>\n\t\t\t\t\t<div class=\"swiper-slide\">\n\t\t\t<div class=\"slide-inner-wrap\">\n\t\t\t\t<div class=\"tf_lazy slide-image gallery-icon\"><img loading=\"lazy\" decoding=\"async\" src=\"https:\/\/colegioconcepciontalca.cl\/wp-content\/uploads\/2025\/10\/15-4-300x200.jpeg\" width=\"300\" height=\"200\" class=\"wp-post-image wp-image-17795\" title=\"15\" data-tf-not-load=\"1\" alt=\"15\">\t\t\t\t<\/div>\n\t\t\t\t\t\t\t<\/div><\/div>\n\t\t\t\t\t<div class=\"swiper-slide\">\n\t\t\t<div class=\"slide-inner-wrap\">\n\t\t\t\t<div class=\"tf_lazy slide-image gallery-icon\"><img loading=\"lazy\" decoding=\"async\" src=\"https:\/\/colegioconcepciontalca.cl\/wp-content\/uploads\/2025\/10\/16-3-300x200.jpeg\" width=\"300\" height=\"200\" class=\"wp-post-image wp-image-17796\" title=\"16\" data-tf-not-load=\"1\" alt=\"16\">\t\t\t\t<\/div>\n\t\t\t\t\t\t\t<\/div><\/div>\n\t\t\t\t\t<div class=\"swiper-slide\">\n\t\t\t<div class=\"slide-inner-wrap\">\n\t\t\t\t<div class=\"tf_lazy slide-image gallery-icon\"><img loading=\"lazy\" decoding=\"async\" src=\"https:\/\/colegioconcepciontalca.cl\/wp-content\/uploads\/2025\/10\/17-3-300x200.jpeg\" width=\"300\" height=\"200\" class=\"wp-post-image wp-image-17797\" title=\"17\" data-tf-not-load=\"1\" alt=\"17\">\t\t\t\t<\/div>\n\t\t\t\t\t\t\t<\/div><\/div>\n\t\t\t\t\t<div class=\"swiper-slide\">\n\t\t\t<div class=\"slide-inner-wrap\">\n\t\t\t\t<div class=\"tf_lazy slide-image gallery-icon\"><img loading=\"lazy\" decoding=\"async\" src=\"https:\/\/colegioconcepciontalca.cl\/wp-content\/uploads\/2025\/10\/18-2-300x200.jpeg\" width=\"300\" height=\"200\" class=\"wp-post-image wp-image-17798\" title=\"18\" data-tf-not-load=\"1\" alt=\"18\">\t\t\t\t<\/div>\n\t\t\t\t\t\t\t<\/div><\/div>\n\t\t\t<\/div>\n<\/div>\n            <\/div>\n    \n<\/div>\n<!-- \/module gallery -->\n\t        <\/div>\n\t    \t<\/div>\n\t\t    <\/div>\n\t    <!-- \/row_inner -->\n\t<\/div>\n\t<!-- \/module_row -->\n\t<\/div>\n<!--\/themify_builder_content--><!-- AddThis Advanced Settings generic via filter on the_content --><!-- AddThis Share Buttons generic via filter on the_content -->","protected":false},"excerpt":{"rendered":"<p>El pasado s\u00e1bado 25 de octubre, nuestro colegio se llen\u00f3 de color, m\u00fasica y alegr\u00eda al celebrar la quinta versi\u00f3n del Festival de Primavera 2025, una jornada que transform\u00f3 nuestros espacios en un gran escenario dedicado al arte y la expresi\u00f3n corporal. Durante el evento, el p\u00fablico pudo disfrutar de diversas presentaciones que destacaron la [&hellip;]<!-- AddThis Advanced Settings generic via filter on get_the_excerpt --><!-- AddThis Share Buttons generic via filter on get_the_excerpt --><\/p>\n","protected":false},"author":1,"featured_media":17781,"comment_status":"closed","ping_status":"closed","sticky":false,"template":"","format":"standard","meta":{"footnotes":""},"categories":[4],"tags":[],"class_list":["post-17780","post","type-post","status-publish","format-standard","has-post-thumbnail","hentry","category-noticias","has-post-title","has-post-date","has-post-category","has-post-tag","has-post-comment","has-post-author",""," cat-4"],"jetpack_featured_media_url":"https:\/\/colegioconcepciontalca.cl\/wp-content\/uploads\/2025\/10\/01-11.jpeg","builder_content":"<p>El pasado s\u00e1bado 25 de octubre, nuestro colegio se llen\u00f3 de color, m\u00fasica y alegr\u00eda al celebrar la quinta versi\u00f3n del Festival de Primavera 2025, una jornada que transform\u00f3 nuestros espacios en un gran escenario dedicado al arte y la expresi\u00f3n corporal. Durante el evento, el p\u00fablico pudo disfrutar de diversas presentaciones que destacaron la danza, la gimnasia r\u00edtmica y la danza a\u00e9rea en tela, manifestaciones que reflejan el talento, la dedicaci\u00f3n y el compromiso de nuestros estudiantes.<\/p><p>En esta ocasi\u00f3n, contamos con la valiosa participaci\u00f3n de delegaciones invitadas provenientes de distintos establecimientos educacionales, quienes enriquecieron la jornada con su talento y entusiasmo:<\/p><ul data-start=\"888\" data-end=\"1035\"><li>Colegio Art\u00edstico del Maule<\/li><li>Escuela El Ed\u00e9n<\/li><li>Escuela Carlos Spano<\/li><li>Colegio Alborada de Linares<\/li><li>Club MOV<\/li><li>Club Valeska Gonz\u00e1lez<\/li><\/ul><p>Asimismo, tuvimos el honor de disfrutar las presentaciones de nuestros talleres de Gimnasia R\u00edtmica de 3\u00b0 a 4\u00b0 b\u00e1sico y de 5\u00b0 a 8\u00b0 b\u00e1sico, taller de tela con la destacada participaci\u00f3n de Martina Mar\u00edn quien despide su ultimo a\u00f1o con esta hermosa presentaci\u00f3n,\u00a0 junto a nuestra Selecci\u00f3n de Gimnasia R\u00edtmica, quienes demostraron con orgullo su esfuerzo, disciplina y pasi\u00f3n por el arte y el deporte.<\/p><p>Expresamos un especial agradecimiento a la profesora y entrenadora Marcela D\u00edaz\u00a0 Mellado por la impecable organizaci\u00f3n y coordinaci\u00f3n de este evento, as\u00ed como a todas las delegaciones invitadas\u00a0por compartir con nosotros esta valiosa instancia art\u00edstica.<\/p><p>Agradecemos sinceramente a todas las personas que hicieron posible esta nueva edici\u00f3n del Festival de Primavera, una verdadera celebraci\u00f3n del talento, la expresi\u00f3n art\u00edstica y la alegr\u00eda que caracterizan a nuestra comunidad educativa.<\/p>\n[gallery ids=\"17781,17782,17783,17784,17785,17786,17787,17788,17789,17790,17791,17792,17793,17794,17795,17796,17797,17798\"]","_links":{"self":[{"href":"https:\/\/colegioconcepciontalca.cl\/index.php\/wp-json\/wp\/v2\/posts\/17780","targetHints":{"allow":["GET"]}}],"collection":[{"href":"https:\/\/colegioconcepciontalca.cl\/index.php\/wp-json\/wp\/v2\/posts"}],"about":[{"href":"https:\/\/colegioconcepciontalca.cl\/index.php\/wp-json\/wp\/v2\/types\/post"}],"author":[{"embeddable":true,"href":"https:\/\/colegioconcepciontalca.cl\/index.php\/wp-json\/wp\/v2\/users\/1"}],"replies":[{"embeddable":true,"href":"https:\/\/colegioconcepciontalca.cl\/index.php\/wp-json\/wp\/v2\/comments?post=17780"}],"version-history":[{"count":1,"href":"https:\/\/colegioconcepciontalca.cl\/index.php\/wp-json\/wp\/v2\/posts\/17780\/revisions"}],"predecessor-version":[{"id":17799,"href":"https:\/\/colegioconcepciontalca.cl\/index.php\/wp-json\/wp\/v2\/posts\/17780\/revisions\/17799"}],"wp:featuredmedia":[{"embeddable":true,"href":"https:\/\/colegioconcepciontalca.cl\/index.php\/wp-json\/wp\/v2\/media\/17781"}],"wp:attachment":[{"href":"https:\/\/colegioconcepciontalca.cl\/index.php\/wp-json\/wp\/v2\/media?parent=17780"}],"wp:term":[{"taxonomy":"category","embeddable":true,"href":"https:\/\/colegioconcepciontalca.cl\/index.php\/wp-json\/wp\/v2\/categories?post=17780"},{"taxonomy":"post_tag","embeddable":true,"href":"https:\/\/colegioconcepciontalca.cl\/index.php\/wp-json\/wp\/v2\/tags?post=17780"}],"curies":[{"name":"wp","href":"https:\/\/api.w.org\/{rel}","templated":true}]}}