{"id":17463,"date":"2025-09-29T16:49:15","date_gmt":"2025-09-29T19:49:15","guid":{"rendered":"https:\/\/colegioconcepciontalca.cl\/?p=17463"},"modified":"2025-09-29T16:49:17","modified_gmt":"2025-09-29T19:49:17","slug":"coro-del-cctalca-participa-en-inauguracion-de-la-feria-del-libro-infantil-y-juvenil-filit","status":"publish","type":"post","link":"https:\/\/colegioconcepciontalca.cl\/index.php\/2025\/09\/29\/coro-del-cctalca-participa-en-inauguracion-de-la-feria-del-libro-infantil-y-juvenil-filit\/","title":{"rendered":"Coro del CCTalca participa en inauguraci\u00f3n de la Feria del Libro Infantil y Juvenil (FILIT)"},"content":{"rendered":"<!--themify_builder_content-->\n<div id=\"themify_builder_content-17463\" data-postid=\"17463\" class=\"themify_builder_content themify_builder_content-17463 themify_builder tf_clear\">\n    \t<!-- module_row -->\n\t<div  data-lazy=\"1\" class=\"module_row themify_builder_row tb_ykf0470 tb_first tf_clearfix\">\n\t    \t\t<div class=\"row_inner col_align_top tf_box tf_w tf_rel\">\n\t\t\t<div  data-lazy=\"1\" class=\"module_column tb-column col-full first tb_1pgn470 tf_box\">\n\t    \t    \t        <div class=\"tb-column-inner tf_box tf_w\">\n\t\t    <!-- module text -->\n<div  class=\"module module-text tb_d7nw487   \" data-lazy=\"1\">\n            <div  class=\"tb_text_wrap\">\n    <p data-start=\"195\" data-end=\"443\">La <strong data-start=\"198\" data-end=\"277\">Direcci\u00f3n de Extensi\u00f3n, Arte y Cultura de la Universidad Cat\u00f3lica del Maule<\/strong> invit\u00f3 al <strong data-start=\"288\" data-end=\"325\">Coro del Colegio Concepci\u00f3n Talca<\/strong> a participar en la ceremonia de inauguraci\u00f3n de la pr\u00f3xima <strong data-start=\"385\" data-end=\"440\">Feria del Libro Infantil y Juvenil de Talca (FILIT)<\/strong>.<\/p><p data-start=\"445\" data-end=\"708\">La actividad se desarroll\u00f3 el <strong data-start=\"475\" data-end=\"520\">lunes 29 de septiembre, a las 11:00 horas<\/strong>, en el <strong data-start=\"528\" data-end=\"586\">Campus San Miguel de la Universidad Cat\u00f3lica del Maule<\/strong>, contando con la presencia de autoridades universitarias, estudiantes y representantes del mundo cultural de la regi\u00f3n.<\/p><p data-start=\"710\" data-end=\"918\">Nuestro coro tuvo el honor de entregar un momento art\u00edstico en esta significativa jornada, realzando la importancia de la lectura, la m\u00fasica y la cultura en la formaci\u00f3n integral de las nuevas generaciones.<\/p>    <\/div>\n<\/div>\n<!-- \/module text -->\t        <\/div>\n\t    \t<\/div>\n\t\t    <\/div>\n\t    <!-- \/row_inner -->\n\t<\/div>\n\t<!-- \/module_row -->\n\t\t<!-- module_row -->\n\t<div  data-lazy=\"1\" class=\"module_row themify_builder_row tb_oo5g616 tf_clearfix\">\n\t    \t\t<div class=\"row_inner col_align_top tf_box tf_w tf_rel\">\n\t\t\t<div  data-lazy=\"1\" class=\"module_column tb-column col-full first tb_ukx6616 tf_box\">\n\t    \t    \t        <div class=\"tb-column-inner tf_box tf_w\">\n\t\t    <!-- module gallery -->\n<div  class=\"module gallery module-gallery tb_x27s641 layout-slider  \" data-lazy=\"1\">\n                <div class=\"swiper-container tf_carousel themify_builder_slider tf_rel tf_overflow\"\n\tdata-pager=\"0\"\n\t data-lazy=\"1\"\t\t\tdata-thumbs=\"tb_x27s641_thumbs\"\n\t\tdata-effect=\"scroll\" \n\t\tdata-css_url=\"https:\/\/colegioconcepciontalca.cl\/wp-content\/themes\/themify-ultra\/themify\/themify-builder\/css\/modules\/sliders\/carousel.css,https:\/\/colegioconcepciontalca.cl\/wp-content\/themes\/themify-ultra\/themify\/themify-builder\/css\/modules\/sliders\/gallery.css\"\n\t\t\t\tdata-auto=\"4\"\n\t\tdata-pause_hover=\"1\"\n\t\t\t\tdata-speed=\"1\"\n\tdata-wrapvar=\"1\"\n\tdata-slider_nav=\"0\"\n\tdata-height=\"variable\"\n\t>\n\t<div class=\"swiper-wrapper tf_lazy tf_rel tf_w tf_h tf_textc\">\n\t\t\t\t\t<div class=\"swiper-slide\">\n\t\t\t<div class=\"slide-inner-wrap\">\n\t\t\t\t<div class=\"tf_lazy slide-image gallery-icon\"><a href=\"https:\/\/colegioconcepciontalca.cl\/wp-content\/uploads\/2025\/09\/01-6-scaled.jpeg\" class=\"themify_lightbox\"><img loading=\"lazy\" decoding=\"async\" width=\"2560\" height=\"1978\" src=\"https:\/\/colegioconcepciontalca.cl\/wp-content\/uploads\/2025\/09\/01-6-scaled.jpeg\" class=\"wp-post-image wp-image-17464\" title=\"01\" data-tf-not-load=\"1\" alt=\"01\" srcset=\"https:\/\/colegioconcepciontalca.cl\/wp-content\/uploads\/2025\/09\/01-6-scaled.jpeg 2560w, https:\/\/colegioconcepciontalca.cl\/wp-content\/uploads\/2025\/09\/01-6-300x232.jpeg 300w, https:\/\/colegioconcepciontalca.cl\/wp-content\/uploads\/2025\/09\/01-6-1024x791.jpeg 1024w, https:\/\/colegioconcepciontalca.cl\/wp-content\/uploads\/2025\/09\/01-6-768x593.jpeg 768w, https:\/\/colegioconcepciontalca.cl\/wp-content\/uploads\/2025\/09\/01-6-1536x1187.jpeg 1536w, https:\/\/colegioconcepciontalca.cl\/wp-content\/uploads\/2025\/09\/01-6-2048x1583.jpeg 2048w\" sizes=\"auto, (max-width: 2560px) 100vw, 2560px\" \/><\/a>\t\t\t\t<\/div>\n\t\t\t\t\t\t\t<\/div><\/div>\n\t\t\t\t\t<div class=\"swiper-slide\">\n\t\t\t<div class=\"slide-inner-wrap\">\n\t\t\t\t<div class=\"tf_lazy slide-image gallery-icon\"><a href=\"https:\/\/colegioconcepciontalca.cl\/wp-content\/uploads\/2025\/09\/02-7-scaled.jpeg\" class=\"themify_lightbox\"><img loading=\"lazy\" decoding=\"async\" width=\"2560\" height=\"1978\" src=\"https:\/\/colegioconcepciontalca.cl\/wp-content\/uploads\/2025\/09\/02-7-scaled.jpeg\" class=\"wp-post-image wp-image-17465\" title=\"02\" data-tf-not-load=\"1\" alt=\"02\" srcset=\"https:\/\/colegioconcepciontalca.cl\/wp-content\/uploads\/2025\/09\/02-7-scaled.jpeg 2560w, https:\/\/colegioconcepciontalca.cl\/wp-content\/uploads\/2025\/09\/02-7-300x232.jpeg 300w, https:\/\/colegioconcepciontalca.cl\/wp-content\/uploads\/2025\/09\/02-7-1024x791.jpeg 1024w, https:\/\/colegioconcepciontalca.cl\/wp-content\/uploads\/2025\/09\/02-7-768x593.jpeg 768w, https:\/\/colegioconcepciontalca.cl\/wp-content\/uploads\/2025\/09\/02-7-1536x1187.jpeg 1536w, https:\/\/colegioconcepciontalca.cl\/wp-content\/uploads\/2025\/09\/02-7-2048x1583.jpeg 2048w\" sizes=\"auto, (max-width: 2560px) 100vw, 2560px\" \/><\/a>\t\t\t\t<\/div>\n\t\t\t\t\t\t\t<\/div><\/div>\n\t\t\t\t\t<div class=\"swiper-slide\">\n\t\t\t<div class=\"slide-inner-wrap\">\n\t\t\t\t<div class=\"tf_lazy slide-image gallery-icon\"><a href=\"https:\/\/colegioconcepciontalca.cl\/wp-content\/uploads\/2025\/09\/03-8-scaled.jpeg\" class=\"themify_lightbox\"><img loading=\"lazy\" decoding=\"async\" width=\"2560\" height=\"1978\" src=\"https:\/\/colegioconcepciontalca.cl\/wp-content\/uploads\/2025\/09\/03-8-scaled.jpeg\" class=\"wp-post-image wp-image-17466\" title=\"03\" data-tf-not-load=\"1\" alt=\"03\" srcset=\"https:\/\/colegioconcepciontalca.cl\/wp-content\/uploads\/2025\/09\/03-8-scaled.jpeg 2560w, https:\/\/colegioconcepciontalca.cl\/wp-content\/uploads\/2025\/09\/03-8-300x232.jpeg 300w, https:\/\/colegioconcepciontalca.cl\/wp-content\/uploads\/2025\/09\/03-8-1024x791.jpeg 1024w, https:\/\/colegioconcepciontalca.cl\/wp-content\/uploads\/2025\/09\/03-8-768x593.jpeg 768w, https:\/\/colegioconcepciontalca.cl\/wp-content\/uploads\/2025\/09\/03-8-1536x1187.jpeg 1536w, https:\/\/colegioconcepciontalca.cl\/wp-content\/uploads\/2025\/09\/03-8-2048x1583.jpeg 2048w\" sizes=\"auto, (max-width: 2560px) 100vw, 2560px\" \/><\/a>\t\t\t\t<\/div>\n\t\t\t\t\t\t\t<\/div><\/div>\n\t\t\t\t\t<div class=\"swiper-slide\">\n\t\t\t<div class=\"slide-inner-wrap\">\n\t\t\t\t<div class=\"tf_lazy slide-image gallery-icon\"><a href=\"https:\/\/colegioconcepciontalca.cl\/wp-content\/uploads\/2025\/09\/04-8-scaled.jpeg\" class=\"themify_lightbox\"><img loading=\"lazy\" decoding=\"async\" width=\"2560\" height=\"1978\" src=\"https:\/\/colegioconcepciontalca.cl\/wp-content\/uploads\/2025\/09\/04-8-scaled.jpeg\" class=\"wp-post-image wp-image-17467\" title=\"04\" data-tf-not-load=\"1\" alt=\"04\" srcset=\"https:\/\/colegioconcepciontalca.cl\/wp-content\/uploads\/2025\/09\/04-8-scaled.jpeg 2560w, https:\/\/colegioconcepciontalca.cl\/wp-content\/uploads\/2025\/09\/04-8-300x232.jpeg 300w, https:\/\/colegioconcepciontalca.cl\/wp-content\/uploads\/2025\/09\/04-8-1024x791.jpeg 1024w, https:\/\/colegioconcepciontalca.cl\/wp-content\/uploads\/2025\/09\/04-8-768x593.jpeg 768w, https:\/\/colegioconcepciontalca.cl\/wp-content\/uploads\/2025\/09\/04-8-1536x1187.jpeg 1536w, https:\/\/colegioconcepciontalca.cl\/wp-content\/uploads\/2025\/09\/04-8-2048x1583.jpeg 2048w\" sizes=\"auto, (max-width: 2560px) 100vw, 2560px\" \/><\/a>\t\t\t\t<\/div>\n\t\t\t\t\t\t\t<\/div><\/div>\n\t\t\t<\/div>\n<\/div>\n                <div class=\"themify_builder_slider_vertical tf_rel\">\n    <div class=\"swiper-container tf_carousel themify_builder_slider themify_builder_slider_vertical tb_x27s641_thumbs tf_rel tf_overflow\"\n\tdata-pager=\"1\"\n\t data-lazy=\"1\"\t        data-thumbs-id=\"tb_x27s641_thumbs\"\n\t\tdata-visible=\"4\" \n\t\tdata-tbreakpoints=\"1280\"\n\t\tdata-mbreakpoints=\"680\"\n\t\tdata-tab-visible=\"0\"\n\t\tdata-mob-visible=\"0\"\n\t\t\t\tdata-auto=\"4\"\n\t\tdata-pause_hover=\"1\"\n\t\t\t\t\tdata-controller=\"0\"\n\t\t\t\tdata-speed=\"1\"\n\tdata-wrapvar=\"1\"\n\tdata-slider_nav=\"1\"\n\tdata-height=\"variable\"\n\t>\n\t<div class=\"swiper-wrapper tf_lazy tf_rel tf_w tf_h tf_textc\">\n\t\t\t\t\t<div class=\"swiper-slide\">\n\t\t\t<div class=\"slide-inner-wrap\">\n\t\t\t\t<div class=\"tf_lazy slide-image gallery-icon\"><img loading=\"lazy\" decoding=\"async\" src=\"https:\/\/colegioconcepciontalca.cl\/wp-content\/uploads\/2025\/09\/01-6-scaled-300x200.jpeg\" width=\"300\" height=\"200\" class=\"wp-post-image wp-image-17464\" title=\"01\" data-tf-not-load=\"1\" alt=\"01\">\t\t\t\t<\/div>\n\t\t\t\t\t\t\t<\/div><\/div>\n\t\t\t\t\t<div class=\"swiper-slide\">\n\t\t\t<div class=\"slide-inner-wrap\">\n\t\t\t\t<div class=\"tf_lazy slide-image gallery-icon\"><img loading=\"lazy\" decoding=\"async\" src=\"https:\/\/colegioconcepciontalca.cl\/wp-content\/uploads\/2025\/09\/02-7-scaled-300x200.jpeg\" width=\"300\" height=\"200\" class=\"wp-post-image wp-image-17465\" title=\"02\" data-tf-not-load=\"1\" alt=\"02\">\t\t\t\t<\/div>\n\t\t\t\t\t\t\t<\/div><\/div>\n\t\t\t\t\t<div class=\"swiper-slide\">\n\t\t\t<div class=\"slide-inner-wrap\">\n\t\t\t\t<div class=\"tf_lazy slide-image gallery-icon\"><img loading=\"lazy\" decoding=\"async\" src=\"https:\/\/colegioconcepciontalca.cl\/wp-content\/uploads\/2025\/09\/03-8-scaled-300x200.jpeg\" width=\"300\" height=\"200\" class=\"wp-post-image wp-image-17466\" title=\"03\" data-tf-not-load=\"1\" alt=\"03\">\t\t\t\t<\/div>\n\t\t\t\t\t\t\t<\/div><\/div>\n\t\t\t\t\t<div class=\"swiper-slide\">\n\t\t\t<div class=\"slide-inner-wrap\">\n\t\t\t\t<div class=\"tf_lazy slide-image gallery-icon\"><img loading=\"lazy\" decoding=\"async\" src=\"https:\/\/colegioconcepciontalca.cl\/wp-content\/uploads\/2025\/09\/04-8-scaled-300x200.jpeg\" width=\"300\" height=\"200\" class=\"wp-post-image wp-image-17467\" title=\"04\" data-tf-not-load=\"1\" alt=\"04\">\t\t\t\t<\/div>\n\t\t\t\t\t\t\t<\/div><\/div>\n\t\t\t<\/div>\n<\/div>\n            <\/div>\n    \n<\/div>\n<!-- \/module gallery -->\n\t        <\/div>\n\t    \t<\/div>\n\t\t    <\/div>\n\t    <!-- \/row_inner -->\n\t<\/div>\n\t<!-- \/module_row -->\n\t<\/div>\n<!--\/themify_builder_content--><!-- AddThis Advanced Settings generic via filter on the_content --><!-- AddThis Share Buttons generic via filter on the_content -->","protected":false},"excerpt":{"rendered":"<p>La Direcci\u00f3n de Extensi\u00f3n, Arte y Cultura de la Universidad Cat\u00f3lica del Maule invit\u00f3 al Coro del Colegio Concepci\u00f3n Talca a participar en la ceremonia de inauguraci\u00f3n de la pr\u00f3xima Feria del Libro Infantil y Juvenil de Talca (FILIT).La actividad se desarroll\u00f3 el lunes 29 de septiembre, a las 11:00 horas, en el Campus San [&hellip;]<!-- AddThis Advanced Settings generic via filter on get_the_excerpt --><!-- AddThis Share Buttons generic via filter on get_the_excerpt --><\/p>\n","protected":false},"author":1,"featured_media":17464,"comment_status":"closed","ping_status":"closed","sticky":false,"template":"","format":"standard","meta":{"footnotes":""},"categories":[4],"tags":[],"class_list":["post-17463","post","type-post","status-publish","format-standard","has-post-thumbnail","hentry","category-noticias","has-post-title","has-post-date","has-post-category","has-post-tag","has-post-comment","has-post-author",""," cat-4"],"jetpack_featured_media_url":"https:\/\/colegioconcepciontalca.cl\/wp-content\/uploads\/2025\/09\/01-6-scaled.jpeg","builder_content":"<p data-start=\"195\" data-end=\"443\">La <strong data-start=\"198\" data-end=\"277\">Direcci\u00f3n de Extensi\u00f3n, Arte y Cultura de la Universidad Cat\u00f3lica del Maule<\/strong> invit\u00f3 al <strong data-start=\"288\" data-end=\"325\">Coro del Colegio Concepci\u00f3n Talca<\/strong> a participar en la ceremonia de inauguraci\u00f3n de la pr\u00f3xima <strong data-start=\"385\" data-end=\"440\">Feria del Libro Infantil y Juvenil de Talca (FILIT)<\/strong>.<\/p><p data-start=\"445\" data-end=\"708\">La actividad se desarroll\u00f3 el <strong data-start=\"475\" data-end=\"520\">lunes 29 de septiembre, a las 11:00 horas<\/strong>, en el <strong data-start=\"528\" data-end=\"586\">Campus San Miguel de la Universidad Cat\u00f3lica del Maule<\/strong>, contando con la presencia de autoridades universitarias, estudiantes y representantes del mundo cultural de la regi\u00f3n.<\/p><p data-start=\"710\" data-end=\"918\">Nuestro coro tuvo el honor de entregar un momento art\u00edstico en esta significativa jornada, realzando la importancia de la lectura, la m\u00fasica y la cultura en la formaci\u00f3n integral de las nuevas generaciones.<\/p>\n[gallery ids=\"17464,17465,17466,17467\"]","_links":{"self":[{"href":"https:\/\/colegioconcepciontalca.cl\/index.php\/wp-json\/wp\/v2\/posts\/17463","targetHints":{"allow":["GET"]}}],"collection":[{"href":"https:\/\/colegioconcepciontalca.cl\/index.php\/wp-json\/wp\/v2\/posts"}],"about":[{"href":"https:\/\/colegioconcepciontalca.cl\/index.php\/wp-json\/wp\/v2\/types\/post"}],"author":[{"embeddable":true,"href":"https:\/\/colegioconcepciontalca.cl\/index.php\/wp-json\/wp\/v2\/users\/1"}],"replies":[{"embeddable":true,"href":"https:\/\/colegioconcepciontalca.cl\/index.php\/wp-json\/wp\/v2\/comments?post=17463"}],"version-history":[{"count":1,"href":"https:\/\/colegioconcepciontalca.cl\/index.php\/wp-json\/wp\/v2\/posts\/17463\/revisions"}],"predecessor-version":[{"id":17468,"href":"https:\/\/colegioconcepciontalca.cl\/index.php\/wp-json\/wp\/v2\/posts\/17463\/revisions\/17468"}],"wp:featuredmedia":[{"embeddable":true,"href":"https:\/\/colegioconcepciontalca.cl\/index.php\/wp-json\/wp\/v2\/media\/17464"}],"wp:attachment":[{"href":"https:\/\/colegioconcepciontalca.cl\/index.php\/wp-json\/wp\/v2\/media?parent=17463"}],"wp:term":[{"taxonomy":"category","embeddable":true,"href":"https:\/\/colegioconcepciontalca.cl\/index.php\/wp-json\/wp\/v2\/categories?post=17463"},{"taxonomy":"post_tag","embeddable":true,"href":"https:\/\/colegioconcepciontalca.cl\/index.php\/wp-json\/wp\/v2\/tags?post=17463"}],"curies":[{"name":"wp","href":"https:\/\/api.w.org\/{rel}","templated":true}]}}