{"id":17073,"date":"2025-08-22T11:09:20","date_gmt":"2025-08-22T14:09:20","guid":{"rendered":"https:\/\/colegioconcepciontalca.cl\/?p=17073"},"modified":"2025-08-22T11:09:21","modified_gmt":"2025-08-22T14:09:21","slug":"seleccion-de-basquetbol-sub-17-del-cctalca-avanza-hasta-cuartos-de-final","status":"publish","type":"post","link":"https:\/\/colegioconcepciontalca.cl\/index.php\/2025\/08\/22\/seleccion-de-basquetbol-sub-17-del-cctalca-avanza-hasta-cuartos-de-final\/","title":{"rendered":"Selecci\u00f3n de B\u00e1squetbol Sub 17 del CCTalca Avanza hasta Cuartos de Final"},"content":{"rendered":"<!--themify_builder_content-->\n<div id=\"themify_builder_content-17073\" data-postid=\"17073\" class=\"themify_builder_content themify_builder_content-17073 themify_builder tf_clear\">\n    \t<!-- module_row -->\n\t<div  data-lazy=\"1\" class=\"module_row themify_builder_row tb_rxo2128 tb_first tf_clearfix\">\n\t    \t\t<div class=\"row_inner col_align_top tf_box tf_w tf_rel\">\n\t\t\t<div  data-lazy=\"1\" class=\"module_column tb-column col-full first tb_mweg129 tf_box\">\n\t    \t    \t        <div class=\"tb-column-inner tf_box tf_w\">\n\t\t    <!-- module text -->\n<div  class=\"module module-text tb_cd86159   \" data-lazy=\"1\">\n            <div  class=\"tb_text_wrap\">\n    <p data-start=\"156\" data-end=\"389\">Felicitamos a nuestra selecci\u00f3n de b\u00e1squetbol Sub 17 del Colegio Concepci\u00f3n Talca, quienes demostraron entrega, disciplina y gran nivel de juego al llegar hasta los <strong data-start=\"321\" data-end=\"341\">cuartos de final<\/strong> en su m\u00e1s reciente participaci\u00f3n competitiva.<\/p><p data-start=\"391\" data-end=\"560\">Un logro que refleja el esfuerzo de nuestros estudiantes y el compromiso del equipo t\u00e9cnico, consolidando el crecimiento del b\u00e1squetbol en nuestra comunidad educativa.<\/p>    <\/div>\n<\/div>\n<!-- \/module text -->\t        <\/div>\n\t    \t<\/div>\n\t\t    <\/div>\n\t    <!-- \/row_inner -->\n\t<\/div>\n\t<!-- \/module_row -->\n\t\t<!-- module_row -->\n\t<div  data-lazy=\"1\" class=\"module_row themify_builder_row tb_6fgr117 tf_clearfix\">\n\t    \t\t<div class=\"row_inner col_align_top tf_box tf_w tf_rel\">\n\t\t\t<div  data-lazy=\"1\" class=\"module_column tb-column col-full first tb_9qgi117 tf_box\">\n\t    \t    \t        <div class=\"tb-column-inner tf_box tf_w\">\n\t\t    <!-- module image -->\n<div  class=\"module module-image tb_cavm143   image-top tf_mw\" data-lazy=\"1\">\n            <div class=\"image-wrap tf_rel tf_mw\">\n\t\t    <img loading=\"lazy\" decoding=\"async\" width=\"2560\" height=\"1978\" src=\"https:\/\/colegioconcepciontalca.cl\/wp-content\/uploads\/2025\/08\/Basquetbol-Sub-17-scaled.jpeg\" class=\"wp-post-image wp-image-17074\" title=\"B\u00e1squetbol Sub 17\" alt=\"B\u00e1squetbol Sub 17\" srcset=\"https:\/\/colegioconcepciontalca.cl\/wp-content\/uploads\/2025\/08\/Basquetbol-Sub-17-scaled.jpeg 2560w, https:\/\/colegioconcepciontalca.cl\/wp-content\/uploads\/2025\/08\/Basquetbol-Sub-17-300x232.jpeg 300w, https:\/\/colegioconcepciontalca.cl\/wp-content\/uploads\/2025\/08\/Basquetbol-Sub-17-1024x791.jpeg 1024w, https:\/\/colegioconcepciontalca.cl\/wp-content\/uploads\/2025\/08\/Basquetbol-Sub-17-768x593.jpeg 768w, https:\/\/colegioconcepciontalca.cl\/wp-content\/uploads\/2025\/08\/Basquetbol-Sub-17-1536x1187.jpeg 1536w, https:\/\/colegioconcepciontalca.cl\/wp-content\/uploads\/2025\/08\/Basquetbol-Sub-17-2048x1583.jpeg 2048w\" sizes=\"auto, (max-width: 2560px) 100vw, 2560px\" \/>\t\n\t\t<\/div>\n\t<!-- \/image-wrap -->\n    \n    \n<\/div>\n<!-- \/module image -->\t        <\/div>\n\t    \t<\/div>\n\t\t    <\/div>\n\t    <!-- \/row_inner -->\n\t<\/div>\n\t<!-- \/module_row -->\n\t<\/div>\n<!--\/themify_builder_content--><!-- AddThis Advanced Settings generic via filter on the_content --><!-- AddThis Share Buttons generic via filter on the_content -->","protected":false},"excerpt":{"rendered":"<p>Felicitamos a nuestra selecci\u00f3n de b\u00e1squetbol Sub 17 del Colegio Concepci\u00f3n Talca, quienes demostraron entrega, disciplina y gran nivel de juego al llegar hasta los cuartos de final en su m\u00e1s reciente participaci\u00f3n competitiva.Un logro que refleja el esfuerzo de nuestros estudiantes y el compromiso del equipo t\u00e9cnico, consolidando el crecimiento del b\u00e1squetbol en nuestra [&hellip;]<!-- AddThis Advanced Settings generic via filter on get_the_excerpt --><!-- AddThis Share Buttons generic via filter on get_the_excerpt --><\/p>\n","protected":false},"author":1,"featured_media":17074,"comment_status":"closed","ping_status":"closed","sticky":false,"template":"","format":"standard","meta":{"footnotes":""},"categories":[4],"tags":[],"class_list":["post-17073","post","type-post","status-publish","format-standard","has-post-thumbnail","hentry","category-noticias","has-post-title","has-post-date","has-post-category","has-post-tag","has-post-comment","has-post-author",""," cat-4"],"jetpack_featured_media_url":"https:\/\/colegioconcepciontalca.cl\/wp-content\/uploads\/2025\/08\/Basquetbol-Sub-17-scaled.jpeg","builder_content":"<p data-start=\"156\" data-end=\"389\">Felicitamos a nuestra selecci\u00f3n de b\u00e1squetbol Sub 17 del Colegio Concepci\u00f3n Talca, quienes demostraron entrega, disciplina y gran nivel de juego al llegar hasta los <strong data-start=\"321\" data-end=\"341\">cuartos de final<\/strong> en su m\u00e1s reciente participaci\u00f3n competitiva.<\/p><p data-start=\"391\" data-end=\"560\">Un logro que refleja el esfuerzo de nuestros estudiantes y el compromiso del equipo t\u00e9cnico, consolidando el crecimiento del b\u00e1squetbol en nuestra comunidad educativa.<\/p>\n<img loading=\"lazy\" decoding=\"async\" width=\"2560\" height=\"1978\" src=\"https:\/\/colegioconcepciontalca.cl\/wp-content\/uploads\/2025\/08\/Basquetbol-Sub-17-scaled.jpeg\" title=\"B\u00e1squetbol Sub 17\" alt=\"B\u00e1squetbol Sub 17\" srcset=\"https:\/\/colegioconcepciontalca.cl\/wp-content\/uploads\/2025\/08\/Basquetbol-Sub-17-scaled.jpeg 2560w, https:\/\/colegioconcepciontalca.cl\/wp-content\/uploads\/2025\/08\/Basquetbol-Sub-17-300x232.jpeg 300w, https:\/\/colegioconcepciontalca.cl\/wp-content\/uploads\/2025\/08\/Basquetbol-Sub-17-1024x791.jpeg 1024w, https:\/\/colegioconcepciontalca.cl\/wp-content\/uploads\/2025\/08\/Basquetbol-Sub-17-768x593.jpeg 768w, https:\/\/colegioconcepciontalca.cl\/wp-content\/uploads\/2025\/08\/Basquetbol-Sub-17-1536x1187.jpeg 1536w, https:\/\/colegioconcepciontalca.cl\/wp-content\/uploads\/2025\/08\/Basquetbol-Sub-17-2048x1583.jpeg 2048w\" sizes=\"auto, (max-width: 2560px) 100vw, 2560px\" \/>","_links":{"self":[{"href":"https:\/\/colegioconcepciontalca.cl\/index.php\/wp-json\/wp\/v2\/posts\/17073","targetHints":{"allow":["GET"]}}],"collection":[{"href":"https:\/\/colegioconcepciontalca.cl\/index.php\/wp-json\/wp\/v2\/posts"}],"about":[{"href":"https:\/\/colegioconcepciontalca.cl\/index.php\/wp-json\/wp\/v2\/types\/post"}],"author":[{"embeddable":true,"href":"https:\/\/colegioconcepciontalca.cl\/index.php\/wp-json\/wp\/v2\/users\/1"}],"replies":[{"embeddable":true,"href":"https:\/\/colegioconcepciontalca.cl\/index.php\/wp-json\/wp\/v2\/comments?post=17073"}],"version-history":[{"count":1,"href":"https:\/\/colegioconcepciontalca.cl\/index.php\/wp-json\/wp\/v2\/posts\/17073\/revisions"}],"predecessor-version":[{"id":17075,"href":"https:\/\/colegioconcepciontalca.cl\/index.php\/wp-json\/wp\/v2\/posts\/17073\/revisions\/17075"}],"wp:featuredmedia":[{"embeddable":true,"href":"https:\/\/colegioconcepciontalca.cl\/index.php\/wp-json\/wp\/v2\/media\/17074"}],"wp:attachment":[{"href":"https:\/\/colegioconcepciontalca.cl\/index.php\/wp-json\/wp\/v2\/media?parent=17073"}],"wp:term":[{"taxonomy":"category","embeddable":true,"href":"https:\/\/colegioconcepciontalca.cl\/index.php\/wp-json\/wp\/v2\/categories?post=17073"},{"taxonomy":"post_tag","embeddable":true,"href":"https:\/\/colegioconcepciontalca.cl\/index.php\/wp-json\/wp\/v2\/tags?post=17073"}],"curies":[{"name":"wp","href":"https:\/\/api.w.org\/{rel}","templated":true}]}}