{"id":17016,"date":"2025-08-14T09:23:30","date_gmt":"2025-08-14T12:23:30","guid":{"rendered":"https:\/\/colegioconcepciontalca.cl\/?p=17016"},"modified":"2025-08-14T09:23:33","modified_gmt":"2025-08-14T12:23:33","slug":"charla-vocacional-de-arquitectura-inspira-a-estudiantes-de-ensenanza-media","status":"publish","type":"post","link":"https:\/\/colegioconcepciontalca.cl\/index.php\/2025\/08\/14\/charla-vocacional-de-arquitectura-inspira-a-estudiantes-de-ensenanza-media\/","title":{"rendered":"Charla Vocacional de Arquitectura Inspira a Estudiantes de Ense\u00f1anza Media"},"content":{"rendered":"<!--themify_builder_content-->\n<div id=\"themify_builder_content-17016\" data-postid=\"17016\" class=\"themify_builder_content themify_builder_content-17016 themify_builder tf_clear\">\n    \t<!-- module_row -->\n\t<div  data-lazy=\"1\" class=\"module_row themify_builder_row tb_omc421 tb_first tf_clearfix\">\n\t    \t\t<div class=\"row_inner col_align_top tf_box tf_w tf_rel\">\n\t\t\t<div  data-lazy=\"1\" class=\"module_column tb-column col-full first tb_5bja21 tf_box\">\n\t    \t    \t        <div class=\"tb-column-inner tf_box tf_w\">\n\t\t    <!-- module text -->\n<div  class=\"module module-text tb_tivh36   \" data-lazy=\"1\">\n            <div  class=\"tb_text_wrap\">\n    <p data-start=\"153\" data-end=\"390\">El mi\u00e9rcoles 13 de agosto, en horario de orientaci\u00f3n, los estudiantes de 3\u00b0 y 4\u00b0 Medio del Colegio Concepci\u00f3n Talca participaron en una enriquecedora charla vocacional dictada por Nicol\u00e1s Soto, arquitecto egresado de la Universidad de Chile.<\/p><p data-start=\"392\" data-end=\"749\">La actividad, organizada por la Direcci\u00f3n de Formaci\u00f3n y enmarcada en el Plan Vocacional del establecimiento, se llev\u00f3 a cabo en el Gimnasio Jorge Venegas Venegas. Durante la exposici\u00f3n, Soto comparti\u00f3 su experiencia acad\u00e9mica y profesional, entregando detalles sobre la carrera de Arquitectura, su proceso formativo y las oportunidades del campo laboral.<\/p><p data-start=\"751\" data-end=\"933\">Los asistentes mostraron inter\u00e9s y participaron activamente, aprovechando la instancia para resolver dudas y conocer de primera mano los desaf\u00edos y proyecciones de esta disciplina.<\/p>    <\/div>\n<\/div>\n<!-- \/module text -->\t        <\/div>\n\t    \t<\/div>\n\t\t    <\/div>\n\t    <!-- \/row_inner -->\n\t<\/div>\n\t<!-- \/module_row -->\n\t\t<!-- module_row -->\n\t<div  data-lazy=\"1\" class=\"module_row themify_builder_row tb_1lgj498 tf_clearfix\">\n\t    \t\t<div class=\"row_inner col_align_top tf_box tf_w tf_rel\">\n\t\t\t<div  data-lazy=\"1\" class=\"module_column tb-column col-full first tb_m29d499 tf_box\">\n\t    \t    \t        <div class=\"tb-column-inner tf_box tf_w\">\n\t\t    <!-- module gallery -->\n<div  class=\"module gallery module-gallery tb_hp9g514 layout-slider  \" data-lazy=\"1\">\n                <div class=\"swiper-container tf_carousel themify_builder_slider tf_rel tf_overflow\"\n\tdata-pager=\"0\"\n\t data-lazy=\"1\"\t\t\tdata-thumbs=\"tb_hp9g514_thumbs\"\n\t\tdata-effect=\"scroll\" \n\t\tdata-css_url=\"https:\/\/colegioconcepciontalca.cl\/wp-content\/themes\/themify-ultra\/themify\/themify-builder\/css\/modules\/sliders\/carousel.css,https:\/\/colegioconcepciontalca.cl\/wp-content\/themes\/themify-ultra\/themify\/themify-builder\/css\/modules\/sliders\/gallery.css\"\n\t\t\t\tdata-auto=\"4\"\n\t\tdata-pause_hover=\"1\"\n\t\t\t\tdata-speed=\"1\"\n\tdata-wrapvar=\"1\"\n\tdata-slider_nav=\"0\"\n\tdata-height=\"variable\"\n\t>\n\t<div class=\"swiper-wrapper tf_lazy tf_rel tf_w tf_h tf_textc\">\n\t\t\t\t\t<div class=\"swiper-slide\">\n\t\t\t<div class=\"slide-inner-wrap\">\n\t\t\t\t<div class=\"tf_lazy slide-image gallery-icon\"><a href=\"https:\/\/colegioconcepciontalca.cl\/wp-content\/uploads\/2025\/08\/01-6-scaled.jpeg\" class=\"themify_lightbox\"><img loading=\"lazy\" decoding=\"async\" width=\"2560\" height=\"2560\" src=\"https:\/\/colegioconcepciontalca.cl\/wp-content\/uploads\/2025\/08\/01-6-scaled.jpeg\" class=\"wp-post-image wp-image-17017\" title=\"01\" data-tf-not-load=\"1\" alt=\"01\" srcset=\"https:\/\/colegioconcepciontalca.cl\/wp-content\/uploads\/2025\/08\/01-6-scaled.jpeg 2560w, https:\/\/colegioconcepciontalca.cl\/wp-content\/uploads\/2025\/08\/01-6-300x300.jpeg 300w, https:\/\/colegioconcepciontalca.cl\/wp-content\/uploads\/2025\/08\/01-6-1024x1024.jpeg 1024w, https:\/\/colegioconcepciontalca.cl\/wp-content\/uploads\/2025\/08\/01-6-150x150.jpeg 150w, https:\/\/colegioconcepciontalca.cl\/wp-content\/uploads\/2025\/08\/01-6-768x768.jpeg 768w, https:\/\/colegioconcepciontalca.cl\/wp-content\/uploads\/2025\/08\/01-6-1536x1536.jpeg 1536w, https:\/\/colegioconcepciontalca.cl\/wp-content\/uploads\/2025\/08\/01-6-2048x2048.jpeg 2048w\" sizes=\"auto, (max-width: 2560px) 100vw, 2560px\" \/><\/a>\t\t\t\t<\/div>\n\t\t\t\t\t\t\t<\/div><\/div>\n\t\t\t\t\t<div class=\"swiper-slide\">\n\t\t\t<div class=\"slide-inner-wrap\">\n\t\t\t\t<div class=\"tf_lazy slide-image gallery-icon\"><a href=\"https:\/\/colegioconcepciontalca.cl\/wp-content\/uploads\/2025\/08\/02-6-scaled.jpeg\" class=\"themify_lightbox\"><img loading=\"lazy\" decoding=\"async\" width=\"2560\" height=\"2560\" src=\"https:\/\/colegioconcepciontalca.cl\/wp-content\/uploads\/2025\/08\/02-6-scaled.jpeg\" class=\"wp-post-image wp-image-17018\" title=\"02\" data-tf-not-load=\"1\" alt=\"02\" srcset=\"https:\/\/colegioconcepciontalca.cl\/wp-content\/uploads\/2025\/08\/02-6-scaled.jpeg 2560w, https:\/\/colegioconcepciontalca.cl\/wp-content\/uploads\/2025\/08\/02-6-300x300.jpeg 300w, https:\/\/colegioconcepciontalca.cl\/wp-content\/uploads\/2025\/08\/02-6-1024x1024.jpeg 1024w, https:\/\/colegioconcepciontalca.cl\/wp-content\/uploads\/2025\/08\/02-6-150x150.jpeg 150w, https:\/\/colegioconcepciontalca.cl\/wp-content\/uploads\/2025\/08\/02-6-768x768.jpeg 768w, https:\/\/colegioconcepciontalca.cl\/wp-content\/uploads\/2025\/08\/02-6-1536x1536.jpeg 1536w, https:\/\/colegioconcepciontalca.cl\/wp-content\/uploads\/2025\/08\/02-6-2048x2048.jpeg 2048w\" sizes=\"auto, (max-width: 2560px) 100vw, 2560px\" \/><\/a>\t\t\t\t<\/div>\n\t\t\t\t\t\t\t<\/div><\/div>\n\t\t\t\t\t<div class=\"swiper-slide\">\n\t\t\t<div class=\"slide-inner-wrap\">\n\t\t\t\t<div class=\"tf_lazy slide-image gallery-icon\"><a href=\"https:\/\/colegioconcepciontalca.cl\/wp-content\/uploads\/2025\/08\/03-5-scaled.jpeg\" class=\"themify_lightbox\"><img loading=\"lazy\" decoding=\"async\" width=\"2560\" height=\"2560\" src=\"https:\/\/colegioconcepciontalca.cl\/wp-content\/uploads\/2025\/08\/03-5-scaled.jpeg\" class=\"wp-post-image wp-image-17019\" title=\"03\" data-tf-not-load=\"1\" alt=\"03\" srcset=\"https:\/\/colegioconcepciontalca.cl\/wp-content\/uploads\/2025\/08\/03-5-scaled.jpeg 2560w, https:\/\/colegioconcepciontalca.cl\/wp-content\/uploads\/2025\/08\/03-5-300x300.jpeg 300w, https:\/\/colegioconcepciontalca.cl\/wp-content\/uploads\/2025\/08\/03-5-1024x1024.jpeg 1024w, https:\/\/colegioconcepciontalca.cl\/wp-content\/uploads\/2025\/08\/03-5-150x150.jpeg 150w, https:\/\/colegioconcepciontalca.cl\/wp-content\/uploads\/2025\/08\/03-5-768x768.jpeg 768w, https:\/\/colegioconcepciontalca.cl\/wp-content\/uploads\/2025\/08\/03-5-1536x1536.jpeg 1536w, https:\/\/colegioconcepciontalca.cl\/wp-content\/uploads\/2025\/08\/03-5-2048x2048.jpeg 2048w\" sizes=\"auto, (max-width: 2560px) 100vw, 2560px\" \/><\/a>\t\t\t\t<\/div>\n\t\t\t\t\t\t\t<\/div><\/div>\n\t\t\t\t\t<div class=\"swiper-slide\">\n\t\t\t<div class=\"slide-inner-wrap\">\n\t\t\t\t<div class=\"tf_lazy slide-image gallery-icon\"><a href=\"https:\/\/colegioconcepciontalca.cl\/wp-content\/uploads\/2025\/08\/04-5-scaled.jpeg\" class=\"themify_lightbox\"><img loading=\"lazy\" decoding=\"async\" width=\"2560\" height=\"2560\" src=\"https:\/\/colegioconcepciontalca.cl\/wp-content\/uploads\/2025\/08\/04-5-scaled.jpeg\" class=\"wp-post-image wp-image-17020\" title=\"04\" data-tf-not-load=\"1\" alt=\"04\" srcset=\"https:\/\/colegioconcepciontalca.cl\/wp-content\/uploads\/2025\/08\/04-5-scaled.jpeg 2560w, https:\/\/colegioconcepciontalca.cl\/wp-content\/uploads\/2025\/08\/04-5-300x300.jpeg 300w, https:\/\/colegioconcepciontalca.cl\/wp-content\/uploads\/2025\/08\/04-5-1024x1024.jpeg 1024w, https:\/\/colegioconcepciontalca.cl\/wp-content\/uploads\/2025\/08\/04-5-150x150.jpeg 150w, https:\/\/colegioconcepciontalca.cl\/wp-content\/uploads\/2025\/08\/04-5-768x768.jpeg 768w, https:\/\/colegioconcepciontalca.cl\/wp-content\/uploads\/2025\/08\/04-5-1536x1536.jpeg 1536w, https:\/\/colegioconcepciontalca.cl\/wp-content\/uploads\/2025\/08\/04-5-2048x2048.jpeg 2048w\" sizes=\"auto, (max-width: 2560px) 100vw, 2560px\" \/><\/a>\t\t\t\t<\/div>\n\t\t\t\t\t\t\t<\/div><\/div>\n\t\t\t\t\t<div class=\"swiper-slide\">\n\t\t\t<div class=\"slide-inner-wrap\">\n\t\t\t\t<div class=\"tf_lazy slide-image gallery-icon\"><a href=\"https:\/\/colegioconcepciontalca.cl\/wp-content\/uploads\/2025\/08\/05-4-scaled.jpeg\" class=\"themify_lightbox\"><img loading=\"lazy\" decoding=\"async\" width=\"2560\" height=\"2560\" src=\"https:\/\/colegioconcepciontalca.cl\/wp-content\/uploads\/2025\/08\/05-4-scaled.jpeg\" class=\"wp-post-image wp-image-17021\" title=\"05\" data-tf-not-load=\"1\" alt=\"05\" srcset=\"https:\/\/colegioconcepciontalca.cl\/wp-content\/uploads\/2025\/08\/05-4-scaled.jpeg 2560w, https:\/\/colegioconcepciontalca.cl\/wp-content\/uploads\/2025\/08\/05-4-300x300.jpeg 300w, https:\/\/colegioconcepciontalca.cl\/wp-content\/uploads\/2025\/08\/05-4-1024x1024.jpeg 1024w, https:\/\/colegioconcepciontalca.cl\/wp-content\/uploads\/2025\/08\/05-4-150x150.jpeg 150w, https:\/\/colegioconcepciontalca.cl\/wp-content\/uploads\/2025\/08\/05-4-768x768.jpeg 768w, https:\/\/colegioconcepciontalca.cl\/wp-content\/uploads\/2025\/08\/05-4-1536x1536.jpeg 1536w, https:\/\/colegioconcepciontalca.cl\/wp-content\/uploads\/2025\/08\/05-4-2048x2048.jpeg 2048w\" sizes=\"auto, (max-width: 2560px) 100vw, 2560px\" \/><\/a>\t\t\t\t<\/div>\n\t\t\t\t\t\t\t<\/div><\/div>\n\t\t\t\t\t<div class=\"swiper-slide\">\n\t\t\t<div class=\"slide-inner-wrap\">\n\t\t\t\t<div class=\"tf_lazy slide-image gallery-icon\"><a href=\"https:\/\/colegioconcepciontalca.cl\/wp-content\/uploads\/2025\/08\/06-4-scaled.jpeg\" class=\"themify_lightbox\"><img loading=\"lazy\" decoding=\"async\" width=\"2560\" height=\"2560\" src=\"https:\/\/colegioconcepciontalca.cl\/wp-content\/uploads\/2025\/08\/06-4-scaled.jpeg\" class=\"wp-post-image wp-image-17022\" title=\"06\" data-tf-not-load=\"1\" alt=\"06\" srcset=\"https:\/\/colegioconcepciontalca.cl\/wp-content\/uploads\/2025\/08\/06-4-scaled.jpeg 2560w, https:\/\/colegioconcepciontalca.cl\/wp-content\/uploads\/2025\/08\/06-4-300x300.jpeg 300w, https:\/\/colegioconcepciontalca.cl\/wp-content\/uploads\/2025\/08\/06-4-1024x1024.jpeg 1024w, https:\/\/colegioconcepciontalca.cl\/wp-content\/uploads\/2025\/08\/06-4-150x150.jpeg 150w, https:\/\/colegioconcepciontalca.cl\/wp-content\/uploads\/2025\/08\/06-4-768x768.jpeg 768w, https:\/\/colegioconcepciontalca.cl\/wp-content\/uploads\/2025\/08\/06-4-1536x1536.jpeg 1536w, https:\/\/colegioconcepciontalca.cl\/wp-content\/uploads\/2025\/08\/06-4-2048x2048.jpeg 2048w\" sizes=\"auto, (max-width: 2560px) 100vw, 2560px\" \/><\/a>\t\t\t\t<\/div>\n\t\t\t\t\t\t\t<\/div><\/div>\n\t\t\t\t\t<div class=\"swiper-slide\">\n\t\t\t<div class=\"slide-inner-wrap\">\n\t\t\t\t<div class=\"tf_lazy slide-image gallery-icon\"><a href=\"https:\/\/colegioconcepciontalca.cl\/wp-content\/uploads\/2025\/08\/07-4-scaled.jpeg\" class=\"themify_lightbox\"><img loading=\"lazy\" decoding=\"async\" width=\"2560\" height=\"2560\" src=\"https:\/\/colegioconcepciontalca.cl\/wp-content\/uploads\/2025\/08\/07-4-scaled.jpeg\" class=\"wp-post-image wp-image-17023\" title=\"07\" data-tf-not-load=\"1\" alt=\"07\" srcset=\"https:\/\/colegioconcepciontalca.cl\/wp-content\/uploads\/2025\/08\/07-4-scaled.jpeg 2560w, https:\/\/colegioconcepciontalca.cl\/wp-content\/uploads\/2025\/08\/07-4-300x300.jpeg 300w, https:\/\/colegioconcepciontalca.cl\/wp-content\/uploads\/2025\/08\/07-4-1024x1024.jpeg 1024w, https:\/\/colegioconcepciontalca.cl\/wp-content\/uploads\/2025\/08\/07-4-150x150.jpeg 150w, https:\/\/colegioconcepciontalca.cl\/wp-content\/uploads\/2025\/08\/07-4-768x768.jpeg 768w, https:\/\/colegioconcepciontalca.cl\/wp-content\/uploads\/2025\/08\/07-4-1536x1536.jpeg 1536w, https:\/\/colegioconcepciontalca.cl\/wp-content\/uploads\/2025\/08\/07-4-2048x2048.jpeg 2048w\" sizes=\"auto, (max-width: 2560px) 100vw, 2560px\" \/><\/a>\t\t\t\t<\/div>\n\t\t\t\t\t\t\t<\/div><\/div>\n\t\t\t\t\t<div class=\"swiper-slide\">\n\t\t\t<div class=\"slide-inner-wrap\">\n\t\t\t\t<div class=\"tf_lazy slide-image gallery-icon\"><a href=\"https:\/\/colegioconcepciontalca.cl\/wp-content\/uploads\/2025\/08\/08-4-scaled.jpeg\" class=\"themify_lightbox\"><img loading=\"lazy\" decoding=\"async\" width=\"2560\" height=\"2560\" src=\"https:\/\/colegioconcepciontalca.cl\/wp-content\/uploads\/2025\/08\/08-4-scaled.jpeg\" class=\"wp-post-image wp-image-17024\" title=\"08\" data-tf-not-load=\"1\" alt=\"08\" srcset=\"https:\/\/colegioconcepciontalca.cl\/wp-content\/uploads\/2025\/08\/08-4-scaled.jpeg 2560w, https:\/\/colegioconcepciontalca.cl\/wp-content\/uploads\/2025\/08\/08-4-300x300.jpeg 300w, https:\/\/colegioconcepciontalca.cl\/wp-content\/uploads\/2025\/08\/08-4-1024x1024.jpeg 1024w, https:\/\/colegioconcepciontalca.cl\/wp-content\/uploads\/2025\/08\/08-4-150x150.jpeg 150w, https:\/\/colegioconcepciontalca.cl\/wp-content\/uploads\/2025\/08\/08-4-768x768.jpeg 768w, https:\/\/colegioconcepciontalca.cl\/wp-content\/uploads\/2025\/08\/08-4-1536x1536.jpeg 1536w, https:\/\/colegioconcepciontalca.cl\/wp-content\/uploads\/2025\/08\/08-4-2048x2048.jpeg 2048w\" sizes=\"auto, (max-width: 2560px) 100vw, 2560px\" \/><\/a>\t\t\t\t<\/div>\n\t\t\t\t\t\t\t<\/div><\/div>\n\t\t\t\t\t<div class=\"swiper-slide\">\n\t\t\t<div class=\"slide-inner-wrap\">\n\t\t\t\t<div class=\"tf_lazy slide-image gallery-icon\"><a href=\"https:\/\/colegioconcepciontalca.cl\/wp-content\/uploads\/2025\/08\/09-4-scaled.jpeg\" class=\"themify_lightbox\"><img loading=\"lazy\" decoding=\"async\" width=\"2560\" height=\"2560\" src=\"https:\/\/colegioconcepciontalca.cl\/wp-content\/uploads\/2025\/08\/09-4-scaled.jpeg\" class=\"wp-post-image wp-image-17025\" title=\"09\" data-tf-not-load=\"1\" alt=\"09\" srcset=\"https:\/\/colegioconcepciontalca.cl\/wp-content\/uploads\/2025\/08\/09-4-scaled.jpeg 2560w, https:\/\/colegioconcepciontalca.cl\/wp-content\/uploads\/2025\/08\/09-4-300x300.jpeg 300w, https:\/\/colegioconcepciontalca.cl\/wp-content\/uploads\/2025\/08\/09-4-1024x1024.jpeg 1024w, https:\/\/colegioconcepciontalca.cl\/wp-content\/uploads\/2025\/08\/09-4-150x150.jpeg 150w, https:\/\/colegioconcepciontalca.cl\/wp-content\/uploads\/2025\/08\/09-4-768x768.jpeg 768w, https:\/\/colegioconcepciontalca.cl\/wp-content\/uploads\/2025\/08\/09-4-1536x1536.jpeg 1536w, https:\/\/colegioconcepciontalca.cl\/wp-content\/uploads\/2025\/08\/09-4-2048x2048.jpeg 2048w\" sizes=\"auto, (max-width: 2560px) 100vw, 2560px\" \/><\/a>\t\t\t\t<\/div>\n\t\t\t\t\t\t\t<\/div><\/div>\n\t\t\t<\/div>\n<\/div>\n                <div class=\"themify_builder_slider_vertical tf_rel\">\n    <div class=\"swiper-container tf_carousel themify_builder_slider themify_builder_slider_vertical tb_hp9g514_thumbs tf_rel tf_overflow\"\n\tdata-pager=\"1\"\n\t data-lazy=\"1\"\t        data-thumbs-id=\"tb_hp9g514_thumbs\"\n\t\tdata-visible=\"4\" \n\t\tdata-tbreakpoints=\"1280\"\n\t\tdata-mbreakpoints=\"680\"\n\t\tdata-tab-visible=\"0\"\n\t\tdata-mob-visible=\"0\"\n\t\t\t\tdata-auto=\"4\"\n\t\tdata-pause_hover=\"1\"\n\t\t\t\t\tdata-controller=\"0\"\n\t\t\t\tdata-speed=\"1\"\n\tdata-wrapvar=\"1\"\n\tdata-slider_nav=\"1\"\n\tdata-height=\"variable\"\n\t>\n\t<div class=\"swiper-wrapper tf_lazy tf_rel tf_w tf_h tf_textc\">\n\t\t\t\t\t<div class=\"swiper-slide\">\n\t\t\t<div class=\"slide-inner-wrap\">\n\t\t\t\t<div class=\"tf_lazy slide-image gallery-icon\"><img loading=\"lazy\" decoding=\"async\" src=\"https:\/\/colegioconcepciontalca.cl\/wp-content\/uploads\/2025\/08\/01-6-scaled-300x200.jpeg\" width=\"300\" height=\"200\" class=\"wp-post-image wp-image-17017\" title=\"01\" data-tf-not-load=\"1\" alt=\"01\">\t\t\t\t<\/div>\n\t\t\t\t\t\t\t<\/div><\/div>\n\t\t\t\t\t<div class=\"swiper-slide\">\n\t\t\t<div class=\"slide-inner-wrap\">\n\t\t\t\t<div class=\"tf_lazy slide-image gallery-icon\"><img loading=\"lazy\" decoding=\"async\" src=\"https:\/\/colegioconcepciontalca.cl\/wp-content\/uploads\/2025\/08\/02-6-scaled-300x200.jpeg\" width=\"300\" height=\"200\" class=\"wp-post-image wp-image-17018\" title=\"02\" data-tf-not-load=\"1\" alt=\"02\">\t\t\t\t<\/div>\n\t\t\t\t\t\t\t<\/div><\/div>\n\t\t\t\t\t<div class=\"swiper-slide\">\n\t\t\t<div class=\"slide-inner-wrap\">\n\t\t\t\t<div class=\"tf_lazy slide-image gallery-icon\"><img loading=\"lazy\" decoding=\"async\" src=\"https:\/\/colegioconcepciontalca.cl\/wp-content\/uploads\/2025\/08\/03-5-scaled-300x200.jpeg\" width=\"300\" height=\"200\" class=\"wp-post-image wp-image-17019\" title=\"03\" data-tf-not-load=\"1\" alt=\"03\">\t\t\t\t<\/div>\n\t\t\t\t\t\t\t<\/div><\/div>\n\t\t\t\t\t<div class=\"swiper-slide\">\n\t\t\t<div class=\"slide-inner-wrap\">\n\t\t\t\t<div class=\"tf_lazy slide-image gallery-icon\"><img loading=\"lazy\" decoding=\"async\" src=\"https:\/\/colegioconcepciontalca.cl\/wp-content\/uploads\/2025\/08\/04-5-scaled-300x200.jpeg\" width=\"300\" height=\"200\" class=\"wp-post-image wp-image-17020\" title=\"04\" data-tf-not-load=\"1\" alt=\"04\">\t\t\t\t<\/div>\n\t\t\t\t\t\t\t<\/div><\/div>\n\t\t\t\t\t<div class=\"swiper-slide\">\n\t\t\t<div class=\"slide-inner-wrap\">\n\t\t\t\t<div class=\"tf_lazy slide-image gallery-icon\"><img loading=\"lazy\" decoding=\"async\" src=\"https:\/\/colegioconcepciontalca.cl\/wp-content\/uploads\/2025\/08\/05-4-scaled-300x200.jpeg\" width=\"300\" height=\"200\" class=\"wp-post-image wp-image-17021\" title=\"05\" data-tf-not-load=\"1\" alt=\"05\">\t\t\t\t<\/div>\n\t\t\t\t\t\t\t<\/div><\/div>\n\t\t\t\t\t<div class=\"swiper-slide\">\n\t\t\t<div class=\"slide-inner-wrap\">\n\t\t\t\t<div class=\"tf_lazy slide-image gallery-icon\"><img loading=\"lazy\" decoding=\"async\" src=\"https:\/\/colegioconcepciontalca.cl\/wp-content\/uploads\/2025\/08\/06-4-scaled-300x200.jpeg\" width=\"300\" height=\"200\" class=\"wp-post-image wp-image-17022\" title=\"06\" data-tf-not-load=\"1\" alt=\"06\">\t\t\t\t<\/div>\n\t\t\t\t\t\t\t<\/div><\/div>\n\t\t\t\t\t<div class=\"swiper-slide\">\n\t\t\t<div class=\"slide-inner-wrap\">\n\t\t\t\t<div class=\"tf_lazy slide-image gallery-icon\"><img loading=\"lazy\" decoding=\"async\" src=\"https:\/\/colegioconcepciontalca.cl\/wp-content\/uploads\/2025\/08\/07-4-scaled-300x200.jpeg\" width=\"300\" height=\"200\" class=\"wp-post-image wp-image-17023\" title=\"07\" data-tf-not-load=\"1\" alt=\"07\">\t\t\t\t<\/div>\n\t\t\t\t\t\t\t<\/div><\/div>\n\t\t\t\t\t<div class=\"swiper-slide\">\n\t\t\t<div class=\"slide-inner-wrap\">\n\t\t\t\t<div class=\"tf_lazy slide-image gallery-icon\"><img loading=\"lazy\" decoding=\"async\" src=\"https:\/\/colegioconcepciontalca.cl\/wp-content\/uploads\/2025\/08\/08-4-scaled-300x200.jpeg\" width=\"300\" height=\"200\" class=\"wp-post-image wp-image-17024\" title=\"08\" data-tf-not-load=\"1\" alt=\"08\">\t\t\t\t<\/div>\n\t\t\t\t\t\t\t<\/div><\/div>\n\t\t\t\t\t<div class=\"swiper-slide\">\n\t\t\t<div class=\"slide-inner-wrap\">\n\t\t\t\t<div class=\"tf_lazy slide-image gallery-icon\"><img loading=\"lazy\" decoding=\"async\" src=\"https:\/\/colegioconcepciontalca.cl\/wp-content\/uploads\/2025\/08\/09-4-scaled-300x200.jpeg\" width=\"300\" height=\"200\" class=\"wp-post-image wp-image-17025\" title=\"09\" data-tf-not-load=\"1\" alt=\"09\">\t\t\t\t<\/div>\n\t\t\t\t\t\t\t<\/div><\/div>\n\t\t\t<\/div>\n<\/div>\n            <\/div>\n    \n<\/div>\n<!-- \/module gallery -->\n\t        <\/div>\n\t    \t<\/div>\n\t\t    <\/div>\n\t    <!-- \/row_inner -->\n\t<\/div>\n\t<!-- \/module_row -->\n\t<\/div>\n<!--\/themify_builder_content--><!-- AddThis Advanced Settings generic via filter on the_content --><!-- AddThis Share Buttons generic via filter on the_content -->","protected":false},"excerpt":{"rendered":"<p>El mi\u00e9rcoles 13 de agosto, en horario de orientaci\u00f3n, los estudiantes de 3\u00b0 y 4\u00b0 Medio del Colegio Concepci\u00f3n Talca participaron en una enriquecedora charla vocacional dictada por Nicol\u00e1s Soto, arquitecto egresado de la Universidad de Chile.La actividad, organizada por la Direcci\u00f3n de Formaci\u00f3n y enmarcada en el Plan Vocacional del establecimiento, se llev\u00f3 a [&hellip;]<!-- AddThis Advanced Settings generic via filter on get_the_excerpt --><!-- AddThis Share Buttons generic via filter on get_the_excerpt --><\/p>\n","protected":false},"author":1,"featured_media":17017,"comment_status":"closed","ping_status":"closed","sticky":false,"template":"","format":"standard","meta":{"footnotes":""},"categories":[4],"tags":[],"class_list":["post-17016","post","type-post","status-publish","format-standard","has-post-thumbnail","hentry","category-noticias","has-post-title","has-post-date","has-post-category","has-post-tag","has-post-comment","has-post-author",""," cat-4"],"jetpack_featured_media_url":"https:\/\/colegioconcepciontalca.cl\/wp-content\/uploads\/2025\/08\/01-6-scaled.jpeg","builder_content":"<p data-start=\"153\" data-end=\"390\">El mi\u00e9rcoles 13 de agosto, en horario de orientaci\u00f3n, los estudiantes de 3\u00b0 y 4\u00b0 Medio del Colegio Concepci\u00f3n Talca participaron en una enriquecedora charla vocacional dictada por Nicol\u00e1s Soto, arquitecto egresado de la Universidad de Chile.<\/p><p data-start=\"392\" data-end=\"749\">La actividad, organizada por la Direcci\u00f3n de Formaci\u00f3n y enmarcada en el Plan Vocacional del establecimiento, se llev\u00f3 a cabo en el Gimnasio Jorge Venegas Venegas. Durante la exposici\u00f3n, Soto comparti\u00f3 su experiencia acad\u00e9mica y profesional, entregando detalles sobre la carrera de Arquitectura, su proceso formativo y las oportunidades del campo laboral.<\/p><p data-start=\"751\" data-end=\"933\">Los asistentes mostraron inter\u00e9s y participaron activamente, aprovechando la instancia para resolver dudas y conocer de primera mano los desaf\u00edos y proyecciones de esta disciplina.<\/p>\n[gallery ids=\"17017,17018,17019,17020,17021,17022,17023,17024,17025\"]","_links":{"self":[{"href":"https:\/\/colegioconcepciontalca.cl\/index.php\/wp-json\/wp\/v2\/posts\/17016","targetHints":{"allow":["GET"]}}],"collection":[{"href":"https:\/\/colegioconcepciontalca.cl\/index.php\/wp-json\/wp\/v2\/posts"}],"about":[{"href":"https:\/\/colegioconcepciontalca.cl\/index.php\/wp-json\/wp\/v2\/types\/post"}],"author":[{"embeddable":true,"href":"https:\/\/colegioconcepciontalca.cl\/index.php\/wp-json\/wp\/v2\/users\/1"}],"replies":[{"embeddable":true,"href":"https:\/\/colegioconcepciontalca.cl\/index.php\/wp-json\/wp\/v2\/comments?post=17016"}],"version-history":[{"count":1,"href":"https:\/\/colegioconcepciontalca.cl\/index.php\/wp-json\/wp\/v2\/posts\/17016\/revisions"}],"predecessor-version":[{"id":17026,"href":"https:\/\/colegioconcepciontalca.cl\/index.php\/wp-json\/wp\/v2\/posts\/17016\/revisions\/17026"}],"wp:featuredmedia":[{"embeddable":true,"href":"https:\/\/colegioconcepciontalca.cl\/index.php\/wp-json\/wp\/v2\/media\/17017"}],"wp:attachment":[{"href":"https:\/\/colegioconcepciontalca.cl\/index.php\/wp-json\/wp\/v2\/media?parent=17016"}],"wp:term":[{"taxonomy":"category","embeddable":true,"href":"https:\/\/colegioconcepciontalca.cl\/index.php\/wp-json\/wp\/v2\/categories?post=17016"},{"taxonomy":"post_tag","embeddable":true,"href":"https:\/\/colegioconcepciontalca.cl\/index.php\/wp-json\/wp\/v2\/tags?post=17016"}],"curies":[{"name":"wp","href":"https:\/\/api.w.org\/{rel}","templated":true}]}}