{"id":16949,"date":"2025-08-12T09:18:38","date_gmt":"2025-08-12T12:18:38","guid":{"rendered":"https:\/\/colegioconcepciontalca.cl\/?p=16949"},"modified":"2025-08-12T09:18:41","modified_gmt":"2025-08-12T12:18:41","slug":"olimpiadas-de-quimica-umce-2025","status":"publish","type":"post","link":"https:\/\/colegioconcepciontalca.cl\/index.php\/2025\/08\/12\/olimpiadas-de-quimica-umce-2025\/","title":{"rendered":"Olimpiadas de Qu\u00edmica UMCE 2025"},"content":{"rendered":"<!--themify_builder_content-->\n<div id=\"themify_builder_content-16949\" data-postid=\"16949\" class=\"themify_builder_content themify_builder_content-16949 themify_builder tf_clear\">\n    \t<!-- module_row -->\n\t<div  data-lazy=\"1\" class=\"module_row themify_builder_row tb_ztt0654 tb_first tf_clearfix\">\n\t    \t\t<div class=\"row_inner col_align_top tf_box tf_w tf_rel\">\n\t\t\t<div  data-lazy=\"1\" class=\"module_column tb-column col-full first tb_q3b2655 tf_box\">\n\t    \t    \t        <div class=\"tb-column-inner tf_box tf_w\">\n\t\t    <!-- module text -->\n<div  class=\"module module-text tb_mlqf670   \" data-lazy=\"1\">\n            <div  class=\"tb_text_wrap\">\n    <div class=\"\" data-block=\"true\" data-editor=\"133k8\" data-offset-key=\"7is99-0-0\"><div data-offset-key=\"7is99-0-0\" class=\"_1mf _1mj\">El pasado 9 de agosto, una delegaci\u00f3n de estudiantes de ense\u00f1anza media de nuestro colegio, a cargo de la profesora Joanna Miranda, particip\u00f3 en la etapa regional de las Olimpiadas de Qu\u00edmica UMCE 2025, instancia que re\u00fane a j\u00f3venes talentos de la regi\u00f3n para poner a prueba sus conocimientos, habilidades y pasi\u00f3n por la qu\u00edmica.<\/div><\/div><div class=\"\" data-block=\"true\" data-editor=\"133k8\" data-offset-key=\"ciuc8-0-0\"><div data-offset-key=\"ciuc8-0-0\" class=\"_1mf _1mj\"><span data-offset-key=\"ciuc8-0-0\">Agradecemos el compromiso y la dedicaci\u00f3n de nuestras y nuestros representantes, quienes no solo demostraron excelencia acad\u00e9mica, sino tambi\u00e9n trabajo en equipo y esp\u00edritu de superaci\u00f3n.<\/span><\/div><\/div>    <\/div>\n<\/div>\n<!-- \/module text -->\t        <\/div>\n\t    \t<\/div>\n\t\t    <\/div>\n\t    <!-- \/row_inner -->\n\t<\/div>\n\t<!-- \/module_row -->\n\t\t<!-- module_row -->\n\t<div  data-lazy=\"1\" class=\"module_row themify_builder_row tb_cmkt729 tf_clearfix\">\n\t    \t\t<div class=\"row_inner col_align_top tf_box tf_w tf_rel\">\n\t\t\t<div  data-lazy=\"1\" class=\"module_column tb-column col-full first tb_k4b1730 tf_box\">\n\t    \t    \t        <div class=\"tb-column-inner tf_box tf_w\">\n\t\t    <!-- module gallery -->\n<div  class=\"module gallery module-gallery tb_g5ga745 layout-slider  \" data-lazy=\"1\">\n                <div class=\"swiper-container tf_carousel themify_builder_slider tf_rel tf_overflow\"\n\tdata-pager=\"0\"\n\t data-lazy=\"1\"\t\t\tdata-thumbs=\"tb_g5ga745_thumbs\"\n\t\tdata-effect=\"scroll\" \n\t\tdata-css_url=\"https:\/\/colegioconcepciontalca.cl\/wp-content\/themes\/themify-ultra\/themify\/themify-builder\/css\/modules\/sliders\/carousel.css,https:\/\/colegioconcepciontalca.cl\/wp-content\/themes\/themify-ultra\/themify\/themify-builder\/css\/modules\/sliders\/gallery.css\"\n\t\t\t\tdata-auto=\"4\"\n\t\tdata-pause_hover=\"1\"\n\t\t\t\tdata-speed=\"1\"\n\tdata-wrapvar=\"1\"\n\tdata-slider_nav=\"0\"\n\tdata-height=\"variable\"\n\t>\n\t<div class=\"swiper-wrapper tf_lazy tf_rel tf_w tf_h tf_textc\">\n\t\t\t\t\t<div class=\"swiper-slide\">\n\t\t\t<div class=\"slide-inner-wrap\">\n\t\t\t\t<div class=\"tf_lazy slide-image gallery-icon\"><a href=\"https:\/\/colegioconcepciontalca.cl\/wp-content\/uploads\/2025\/08\/01-scaled.jpg\" class=\"themify_lightbox\"><img loading=\"lazy\" decoding=\"async\" width=\"2560\" height=\"1978\" src=\"https:\/\/colegioconcepciontalca.cl\/wp-content\/uploads\/2025\/08\/01-scaled.jpg\" class=\"wp-post-image wp-image-16950\" title=\"01\" data-tf-not-load=\"1\" alt=\"01\" srcset=\"https:\/\/colegioconcepciontalca.cl\/wp-content\/uploads\/2025\/08\/01-scaled.jpg 2560w, https:\/\/colegioconcepciontalca.cl\/wp-content\/uploads\/2025\/08\/01-300x232.jpg 300w, https:\/\/colegioconcepciontalca.cl\/wp-content\/uploads\/2025\/08\/01-1024x791.jpg 1024w, https:\/\/colegioconcepciontalca.cl\/wp-content\/uploads\/2025\/08\/01-768x593.jpg 768w, https:\/\/colegioconcepciontalca.cl\/wp-content\/uploads\/2025\/08\/01-1536x1187.jpg 1536w, https:\/\/colegioconcepciontalca.cl\/wp-content\/uploads\/2025\/08\/01-2048x1583.jpg 2048w\" sizes=\"auto, (max-width: 2560px) 100vw, 2560px\" \/><\/a>\t\t\t\t<\/div>\n\t\t\t\t\t\t\t<\/div><\/div>\n\t\t\t\t\t<div class=\"swiper-slide\">\n\t\t\t<div class=\"slide-inner-wrap\">\n\t\t\t\t<div class=\"tf_lazy slide-image gallery-icon\"><a href=\"https:\/\/colegioconcepciontalca.cl\/wp-content\/uploads\/2025\/08\/02-scaled.jpg\" class=\"themify_lightbox\"><img loading=\"lazy\" decoding=\"async\" width=\"2560\" height=\"1978\" src=\"https:\/\/colegioconcepciontalca.cl\/wp-content\/uploads\/2025\/08\/02-scaled.jpg\" class=\"wp-post-image wp-image-16951\" title=\"02\" data-tf-not-load=\"1\" alt=\"02\" srcset=\"https:\/\/colegioconcepciontalca.cl\/wp-content\/uploads\/2025\/08\/02-scaled.jpg 2560w, https:\/\/colegioconcepciontalca.cl\/wp-content\/uploads\/2025\/08\/02-300x232.jpg 300w, https:\/\/colegioconcepciontalca.cl\/wp-content\/uploads\/2025\/08\/02-1024x791.jpg 1024w, https:\/\/colegioconcepciontalca.cl\/wp-content\/uploads\/2025\/08\/02-768x593.jpg 768w, https:\/\/colegioconcepciontalca.cl\/wp-content\/uploads\/2025\/08\/02-1536x1187.jpg 1536w, https:\/\/colegioconcepciontalca.cl\/wp-content\/uploads\/2025\/08\/02-2048x1583.jpg 2048w\" sizes=\"auto, (max-width: 2560px) 100vw, 2560px\" \/><\/a>\t\t\t\t<\/div>\n\t\t\t\t\t\t\t<\/div><\/div>\n\t\t\t<\/div>\n<\/div>\n                <div class=\"themify_builder_slider_vertical tf_rel\">\n    <div class=\"swiper-container tf_carousel themify_builder_slider themify_builder_slider_vertical tb_g5ga745_thumbs tf_rel tf_overflow\"\n\tdata-pager=\"1\"\n\t data-lazy=\"1\"\t        data-thumbs-id=\"tb_g5ga745_thumbs\"\n\t\tdata-visible=\"4\" \n\t\tdata-tbreakpoints=\"1280\"\n\t\tdata-mbreakpoints=\"680\"\n\t\tdata-tab-visible=\"0\"\n\t\tdata-mob-visible=\"0\"\n\t\t\t\tdata-auto=\"4\"\n\t\tdata-pause_hover=\"1\"\n\t\t\t\t\tdata-controller=\"0\"\n\t\t\t\tdata-speed=\"1\"\n\tdata-wrapvar=\"1\"\n\tdata-slider_nav=\"1\"\n\tdata-height=\"variable\"\n\t>\n\t<div class=\"swiper-wrapper tf_lazy tf_rel tf_w tf_h tf_textc\">\n\t\t\t\t\t<div class=\"swiper-slide\">\n\t\t\t<div class=\"slide-inner-wrap\">\n\t\t\t\t<div class=\"tf_lazy slide-image gallery-icon\"><img loading=\"lazy\" decoding=\"async\" src=\"https:\/\/colegioconcepciontalca.cl\/wp-content\/uploads\/2025\/08\/01-scaled-300x200.jpg\" width=\"300\" height=\"200\" class=\"wp-post-image wp-image-16950\" title=\"01\" data-tf-not-load=\"1\" alt=\"01\">\t\t\t\t<\/div>\n\t\t\t\t\t\t\t<\/div><\/div>\n\t\t\t\t\t<div class=\"swiper-slide\">\n\t\t\t<div class=\"slide-inner-wrap\">\n\t\t\t\t<div class=\"tf_lazy slide-image gallery-icon\"><img loading=\"lazy\" decoding=\"async\" src=\"https:\/\/colegioconcepciontalca.cl\/wp-content\/uploads\/2025\/08\/02-scaled-300x200.jpg\" width=\"300\" height=\"200\" class=\"wp-post-image wp-image-16951\" title=\"02\" data-tf-not-load=\"1\" alt=\"02\">\t\t\t\t<\/div>\n\t\t\t\t\t\t\t<\/div><\/div>\n\t\t\t<\/div>\n<\/div>\n            <\/div>\n    \n<\/div>\n<!-- \/module gallery -->\n\t        <\/div>\n\t    \t<\/div>\n\t\t    <\/div>\n\t    <!-- \/row_inner -->\n\t<\/div>\n\t<!-- \/module_row -->\n\t<\/div>\n<!--\/themify_builder_content--><!-- AddThis Advanced Settings generic via filter on the_content --><!-- AddThis Share Buttons generic via filter on the_content -->","protected":false},"excerpt":{"rendered":"<p>El pasado 9 de agosto, una delegaci\u00f3n de estudiantes de ense\u00f1anza media de nuestro colegio, a cargo de la profesora Joanna Miranda, particip\u00f3 en la etapa regional de las Olimpiadas de Qu\u00edmica UMCE 2025, instancia que re\u00fane a j\u00f3venes talentos de la regi\u00f3n para poner a prueba sus conocimientos, habilidades y pasi\u00f3n por la qu\u00edmica.Agradecemos [&hellip;]<!-- AddThis Advanced Settings generic via filter on get_the_excerpt --><!-- AddThis Share Buttons generic via filter on get_the_excerpt --><\/p>\n","protected":false},"author":1,"featured_media":16950,"comment_status":"closed","ping_status":"closed","sticky":false,"template":"","format":"standard","meta":{"footnotes":""},"categories":[4],"tags":[],"class_list":["post-16949","post","type-post","status-publish","format-standard","has-post-thumbnail","hentry","category-noticias","has-post-title","has-post-date","has-post-category","has-post-tag","has-post-comment","has-post-author",""," cat-4"],"jetpack_featured_media_url":"https:\/\/colegioconcepciontalca.cl\/wp-content\/uploads\/2025\/08\/01-scaled.jpg","builder_content":"El pasado 9 de agosto, una delegaci\u00f3n de estudiantes de ense\u00f1anza media de nuestro colegio, a cargo de la profesora Joanna Miranda, particip\u00f3 en la etapa regional de las Olimpiadas de Qu\u00edmica UMCE 2025, instancia que re\u00fane a j\u00f3venes talentos de la regi\u00f3n para poner a prueba sus conocimientos, habilidades y pasi\u00f3n por la qu\u00edmica.Agradecemos el compromiso y la dedicaci\u00f3n de nuestras y nuestros representantes, quienes no solo demostraron excelencia acad\u00e9mica, sino tambi\u00e9n trabajo en equipo y esp\u00edritu de superaci\u00f3n.\n[gallery ids=\"16950,16951\"]","_links":{"self":[{"href":"https:\/\/colegioconcepciontalca.cl\/index.php\/wp-json\/wp\/v2\/posts\/16949","targetHints":{"allow":["GET"]}}],"collection":[{"href":"https:\/\/colegioconcepciontalca.cl\/index.php\/wp-json\/wp\/v2\/posts"}],"about":[{"href":"https:\/\/colegioconcepciontalca.cl\/index.php\/wp-json\/wp\/v2\/types\/post"}],"author":[{"embeddable":true,"href":"https:\/\/colegioconcepciontalca.cl\/index.php\/wp-json\/wp\/v2\/users\/1"}],"replies":[{"embeddable":true,"href":"https:\/\/colegioconcepciontalca.cl\/index.php\/wp-json\/wp\/v2\/comments?post=16949"}],"version-history":[{"count":1,"href":"https:\/\/colegioconcepciontalca.cl\/index.php\/wp-json\/wp\/v2\/posts\/16949\/revisions"}],"predecessor-version":[{"id":16952,"href":"https:\/\/colegioconcepciontalca.cl\/index.php\/wp-json\/wp\/v2\/posts\/16949\/revisions\/16952"}],"wp:featuredmedia":[{"embeddable":true,"href":"https:\/\/colegioconcepciontalca.cl\/index.php\/wp-json\/wp\/v2\/media\/16950"}],"wp:attachment":[{"href":"https:\/\/colegioconcepciontalca.cl\/index.php\/wp-json\/wp\/v2\/media?parent=16949"}],"wp:term":[{"taxonomy":"category","embeddable":true,"href":"https:\/\/colegioconcepciontalca.cl\/index.php\/wp-json\/wp\/v2\/categories?post=16949"},{"taxonomy":"post_tag","embeddable":true,"href":"https:\/\/colegioconcepciontalca.cl\/index.php\/wp-json\/wp\/v2\/tags?post=16949"}],"curies":[{"name":"wp","href":"https:\/\/api.w.org\/{rel}","templated":true}]}}