{"id":16917,"date":"2025-08-06T10:22:15","date_gmt":"2025-08-06T13:22:15","guid":{"rendered":"https:\/\/colegioconcepciontalca.cl\/?p=16917"},"modified":"2025-08-06T10:22:21","modified_gmt":"2025-08-06T13:22:21","slug":"plantacion-de-especies-nativas-en-nuestro-colegio","status":"publish","type":"post","link":"https:\/\/colegioconcepciontalca.cl\/index.php\/2025\/08\/06\/plantacion-de-especies-nativas-en-nuestro-colegio\/","title":{"rendered":"Plantaci\u00f3n de Especies Nativas en Nuestro Colegio"},"content":{"rendered":"<!--themify_builder_content-->\n<div id=\"themify_builder_content-16917\" data-postid=\"16917\" class=\"themify_builder_content themify_builder_content-16917 themify_builder tf_clear\">\n    \t<!-- module_row -->\n\t<div  data-lazy=\"1\" class=\"module_row themify_builder_row tb_5v0c920 tb_first tf_clearfix\">\n\t    \t\t<div class=\"row_inner col_align_top tf_box tf_w tf_rel\">\n\t\t\t<div  data-lazy=\"1\" class=\"module_column tb-column col-full first tb_cvbp920 tf_box\">\n\t    \t    \t        <div class=\"tb-column-inner tf_box tf_w\">\n\t\t    <!-- module text -->\n<div  class=\"module module-text tb_cih0934   \" data-lazy=\"1\">\n            <div  class=\"tb_text_wrap\">\n    <p style=\"min-height: 13.8px; margin: 0cm 0cm 9.0pt 0cm;\"><span style=\"font-size: 15.0pt; font-family: 'Times New Roman',serif; color: black;\">El d\u00eda de ayer se llev\u00f3 a cabo una significativa jornada de plantaci\u00f3n de especies nativas en nuestro colegio, con el objetivo de reforestar nuestros patios y contribuir al cuidado del medio ambiente. Esta actividad fue liderada por la Brigada Ecol\u00f3gica, bajo la gu\u00eda de nuestra profesora de Ciencias, Anyi Acevedo, y cont\u00f3 con el valioso apoyo del profesor Cristian Tapia quien lidera el comit\u00e9 Medio Ambiental y de la Direcci\u00f3n de Formaci\u00f3n adem\u00e1s de la colaboraci\u00f3n log\u00edstica por parte del Equipo Directivo, a quienes agradecemos profundamente.<\/span><o:p><\/o:p><\/p><p style=\"margin: 0cm 0cm 9.0pt 0cm;\"><span style=\"font-size: 15.0pt; font-family: 'Times New Roman',serif; color: black;\">Las especies plantadas fueron donadas por Miguel Mart\u00ednez, miembro de la organizaci\u00f3n ambiental sin fines de lucro Adopta un \u00c1rbol, a quien extendemos nuestro sincero agradecimiento por su generoso aporte y compromiso con el entorno.<\/span><o:p><\/o:p><\/p>    <\/div>\n<\/div>\n<!-- \/module text -->\t        <\/div>\n\t    \t<\/div>\n\t\t    <\/div>\n\t    <!-- \/row_inner -->\n\t<\/div>\n\t<!-- \/module_row -->\n\t\t<!-- module_row -->\n\t<div  data-lazy=\"1\" class=\"module_row themify_builder_row tb_pvld554 tf_clearfix\">\n\t    \t\t<div class=\"row_inner col_align_top tf_box tf_w tf_rel\">\n\t\t\t<div  data-lazy=\"1\" class=\"module_column tb-column col-full first tb_wkuu554 tf_box\">\n\t    \t    \t        <div class=\"tb-column-inner tf_box tf_w\">\n\t\t    <!-- module gallery -->\n<div  class=\"module gallery module-gallery tb_65xy569 layout-slider  \" data-lazy=\"1\">\n                <div class=\"swiper-container tf_carousel themify_builder_slider tf_rel tf_overflow\"\n\tdata-pager=\"0\"\n\t data-lazy=\"1\"\t\t\tdata-thumbs=\"tb_65xy569_thumbs\"\n\t\tdata-effect=\"scroll\" \n\t\tdata-css_url=\"https:\/\/colegioconcepciontalca.cl\/wp-content\/themes\/themify-ultra\/themify\/themify-builder\/css\/modules\/sliders\/carousel.css,https:\/\/colegioconcepciontalca.cl\/wp-content\/themes\/themify-ultra\/themify\/themify-builder\/css\/modules\/sliders\/gallery.css\"\n\t\t\t\tdata-auto=\"4\"\n\t\tdata-pause_hover=\"1\"\n\t\t\t\tdata-speed=\"1\"\n\tdata-wrapvar=\"1\"\n\tdata-slider_nav=\"0\"\n\tdata-height=\"variable\"\n\t>\n\t<div class=\"swiper-wrapper tf_lazy tf_rel tf_w tf_h tf_textc\">\n\t\t\t\t\t<div class=\"swiper-slide\">\n\t\t\t<div class=\"slide-inner-wrap\">\n\t\t\t\t<div class=\"tf_lazy slide-image gallery-icon\"><a href=\"https:\/\/colegioconcepciontalca.cl\/wp-content\/uploads\/2025\/08\/01-3.jpeg\" class=\"themify_lightbox\"><img loading=\"lazy\" decoding=\"async\" width=\"1500\" height=\"1200\" src=\"https:\/\/colegioconcepciontalca.cl\/wp-content\/uploads\/2025\/08\/01-3.jpeg\" class=\"wp-post-image wp-image-16918\" title=\"01\" data-tf-not-load=\"1\" alt=\"01\" srcset=\"https:\/\/colegioconcepciontalca.cl\/wp-content\/uploads\/2025\/08\/01-3.jpeg 1500w, https:\/\/colegioconcepciontalca.cl\/wp-content\/uploads\/2025\/08\/01-3-300x240.jpeg 300w, https:\/\/colegioconcepciontalca.cl\/wp-content\/uploads\/2025\/08\/01-3-1024x819.jpeg 1024w, https:\/\/colegioconcepciontalca.cl\/wp-content\/uploads\/2025\/08\/01-3-768x614.jpeg 768w\" sizes=\"auto, (max-width: 1500px) 100vw, 1500px\" \/><\/a>\t\t\t\t<\/div>\n\t\t\t\t\t\t\t<\/div><\/div>\n\t\t\t\t\t<div class=\"swiper-slide\">\n\t\t\t<div class=\"slide-inner-wrap\">\n\t\t\t\t<div class=\"tf_lazy slide-image gallery-icon\"><a href=\"https:\/\/colegioconcepciontalca.cl\/wp-content\/uploads\/2025\/08\/02-3.jpeg\" class=\"themify_lightbox\"><img loading=\"lazy\" decoding=\"async\" width=\"1500\" height=\"1200\" src=\"https:\/\/colegioconcepciontalca.cl\/wp-content\/uploads\/2025\/08\/02-3.jpeg\" class=\"wp-post-image wp-image-16919\" title=\"02\" data-tf-not-load=\"1\" alt=\"02\" srcset=\"https:\/\/colegioconcepciontalca.cl\/wp-content\/uploads\/2025\/08\/02-3.jpeg 1500w, https:\/\/colegioconcepciontalca.cl\/wp-content\/uploads\/2025\/08\/02-3-300x240.jpeg 300w, https:\/\/colegioconcepciontalca.cl\/wp-content\/uploads\/2025\/08\/02-3-1024x819.jpeg 1024w, https:\/\/colegioconcepciontalca.cl\/wp-content\/uploads\/2025\/08\/02-3-768x614.jpeg 768w\" sizes=\"auto, (max-width: 1500px) 100vw, 1500px\" \/><\/a>\t\t\t\t<\/div>\n\t\t\t\t\t\t\t<\/div><\/div>\n\t\t\t\t\t<div class=\"swiper-slide\">\n\t\t\t<div class=\"slide-inner-wrap\">\n\t\t\t\t<div class=\"tf_lazy slide-image gallery-icon\"><a href=\"https:\/\/colegioconcepciontalca.cl\/wp-content\/uploads\/2025\/08\/03-2.jpeg\" class=\"themify_lightbox\"><img loading=\"lazy\" decoding=\"async\" width=\"1500\" height=\"1200\" src=\"https:\/\/colegioconcepciontalca.cl\/wp-content\/uploads\/2025\/08\/03-2.jpeg\" class=\"wp-post-image wp-image-16920\" title=\"03\" data-tf-not-load=\"1\" alt=\"03\" srcset=\"https:\/\/colegioconcepciontalca.cl\/wp-content\/uploads\/2025\/08\/03-2.jpeg 1500w, https:\/\/colegioconcepciontalca.cl\/wp-content\/uploads\/2025\/08\/03-2-300x240.jpeg 300w, https:\/\/colegioconcepciontalca.cl\/wp-content\/uploads\/2025\/08\/03-2-1024x819.jpeg 1024w, https:\/\/colegioconcepciontalca.cl\/wp-content\/uploads\/2025\/08\/03-2-768x614.jpeg 768w\" sizes=\"auto, (max-width: 1500px) 100vw, 1500px\" \/><\/a>\t\t\t\t<\/div>\n\t\t\t\t\t\t\t<\/div><\/div>\n\t\t\t\t\t<div class=\"swiper-slide\">\n\t\t\t<div class=\"slide-inner-wrap\">\n\t\t\t\t<div class=\"tf_lazy slide-image gallery-icon\"><a href=\"https:\/\/colegioconcepciontalca.cl\/wp-content\/uploads\/2025\/08\/04-2.jpeg\" class=\"themify_lightbox\"><img loading=\"lazy\" decoding=\"async\" width=\"1500\" height=\"1200\" src=\"https:\/\/colegioconcepciontalca.cl\/wp-content\/uploads\/2025\/08\/04-2.jpeg\" class=\"wp-post-image wp-image-16921\" title=\"04\" data-tf-not-load=\"1\" alt=\"04\" srcset=\"https:\/\/colegioconcepciontalca.cl\/wp-content\/uploads\/2025\/08\/04-2.jpeg 1500w, https:\/\/colegioconcepciontalca.cl\/wp-content\/uploads\/2025\/08\/04-2-300x240.jpeg 300w, https:\/\/colegioconcepciontalca.cl\/wp-content\/uploads\/2025\/08\/04-2-1024x819.jpeg 1024w, https:\/\/colegioconcepciontalca.cl\/wp-content\/uploads\/2025\/08\/04-2-768x614.jpeg 768w\" sizes=\"auto, (max-width: 1500px) 100vw, 1500px\" \/><\/a>\t\t\t\t<\/div>\n\t\t\t\t\t\t\t<\/div><\/div>\n\t\t\t\t\t<div class=\"swiper-slide\">\n\t\t\t<div class=\"slide-inner-wrap\">\n\t\t\t\t<div class=\"tf_lazy slide-image gallery-icon\"><a href=\"https:\/\/colegioconcepciontalca.cl\/wp-content\/uploads\/2025\/08\/05-2.jpeg\" class=\"themify_lightbox\"><img loading=\"lazy\" decoding=\"async\" width=\"1500\" height=\"1200\" src=\"https:\/\/colegioconcepciontalca.cl\/wp-content\/uploads\/2025\/08\/05-2.jpeg\" class=\"wp-post-image wp-image-16922\" title=\"05\" data-tf-not-load=\"1\" alt=\"05\" srcset=\"https:\/\/colegioconcepciontalca.cl\/wp-content\/uploads\/2025\/08\/05-2.jpeg 1500w, https:\/\/colegioconcepciontalca.cl\/wp-content\/uploads\/2025\/08\/05-2-300x240.jpeg 300w, https:\/\/colegioconcepciontalca.cl\/wp-content\/uploads\/2025\/08\/05-2-1024x819.jpeg 1024w, https:\/\/colegioconcepciontalca.cl\/wp-content\/uploads\/2025\/08\/05-2-768x614.jpeg 768w\" sizes=\"auto, (max-width: 1500px) 100vw, 1500px\" \/><\/a>\t\t\t\t<\/div>\n\t\t\t\t\t\t\t<\/div><\/div>\n\t\t\t\t\t<div class=\"swiper-slide\">\n\t\t\t<div class=\"slide-inner-wrap\">\n\t\t\t\t<div class=\"tf_lazy slide-image gallery-icon\"><a href=\"https:\/\/colegioconcepciontalca.cl\/wp-content\/uploads\/2025\/08\/06-2.jpeg\" class=\"themify_lightbox\"><img loading=\"lazy\" decoding=\"async\" width=\"1500\" height=\"1200\" src=\"https:\/\/colegioconcepciontalca.cl\/wp-content\/uploads\/2025\/08\/06-2.jpeg\" class=\"wp-post-image wp-image-16923\" title=\"06\" data-tf-not-load=\"1\" alt=\"06\" srcset=\"https:\/\/colegioconcepciontalca.cl\/wp-content\/uploads\/2025\/08\/06-2.jpeg 1500w, https:\/\/colegioconcepciontalca.cl\/wp-content\/uploads\/2025\/08\/06-2-300x240.jpeg 300w, https:\/\/colegioconcepciontalca.cl\/wp-content\/uploads\/2025\/08\/06-2-1024x819.jpeg 1024w, https:\/\/colegioconcepciontalca.cl\/wp-content\/uploads\/2025\/08\/06-2-768x614.jpeg 768w\" sizes=\"auto, (max-width: 1500px) 100vw, 1500px\" \/><\/a>\t\t\t\t<\/div>\n\t\t\t\t\t\t\t<\/div><\/div>\n\t\t\t\t\t<div class=\"swiper-slide\">\n\t\t\t<div class=\"slide-inner-wrap\">\n\t\t\t\t<div class=\"tf_lazy slide-image gallery-icon\"><a href=\"https:\/\/colegioconcepciontalca.cl\/wp-content\/uploads\/2025\/08\/07-2.jpeg\" class=\"themify_lightbox\"><img loading=\"lazy\" decoding=\"async\" width=\"1500\" height=\"1200\" src=\"https:\/\/colegioconcepciontalca.cl\/wp-content\/uploads\/2025\/08\/07-2.jpeg\" class=\"wp-post-image wp-image-16924\" title=\"07\" data-tf-not-load=\"1\" alt=\"07\" srcset=\"https:\/\/colegioconcepciontalca.cl\/wp-content\/uploads\/2025\/08\/07-2.jpeg 1500w, https:\/\/colegioconcepciontalca.cl\/wp-content\/uploads\/2025\/08\/07-2-300x240.jpeg 300w, https:\/\/colegioconcepciontalca.cl\/wp-content\/uploads\/2025\/08\/07-2-1024x819.jpeg 1024w, https:\/\/colegioconcepciontalca.cl\/wp-content\/uploads\/2025\/08\/07-2-768x614.jpeg 768w\" sizes=\"auto, (max-width: 1500px) 100vw, 1500px\" \/><\/a>\t\t\t\t<\/div>\n\t\t\t\t\t\t\t<\/div><\/div>\n\t\t\t\t\t<div class=\"swiper-slide\">\n\t\t\t<div class=\"slide-inner-wrap\">\n\t\t\t\t<div class=\"tf_lazy slide-image gallery-icon\"><a href=\"https:\/\/colegioconcepciontalca.cl\/wp-content\/uploads\/2025\/08\/08-2.jpeg\" class=\"themify_lightbox\"><img loading=\"lazy\" decoding=\"async\" width=\"1500\" height=\"1200\" src=\"https:\/\/colegioconcepciontalca.cl\/wp-content\/uploads\/2025\/08\/08-2.jpeg\" class=\"wp-post-image wp-image-16925\" title=\"08\" data-tf-not-load=\"1\" alt=\"08\" srcset=\"https:\/\/colegioconcepciontalca.cl\/wp-content\/uploads\/2025\/08\/08-2.jpeg 1500w, https:\/\/colegioconcepciontalca.cl\/wp-content\/uploads\/2025\/08\/08-2-300x240.jpeg 300w, https:\/\/colegioconcepciontalca.cl\/wp-content\/uploads\/2025\/08\/08-2-1024x819.jpeg 1024w, https:\/\/colegioconcepciontalca.cl\/wp-content\/uploads\/2025\/08\/08-2-768x614.jpeg 768w\" sizes=\"auto, (max-width: 1500px) 100vw, 1500px\" \/><\/a>\t\t\t\t<\/div>\n\t\t\t\t\t\t\t<\/div><\/div>\n\t\t\t\t\t<div class=\"swiper-slide\">\n\t\t\t<div class=\"slide-inner-wrap\">\n\t\t\t\t<div class=\"tf_lazy slide-image gallery-icon\"><a href=\"https:\/\/colegioconcepciontalca.cl\/wp-content\/uploads\/2025\/08\/09-2.jpeg\" class=\"themify_lightbox\"><img loading=\"lazy\" decoding=\"async\" width=\"1500\" height=\"1200\" src=\"https:\/\/colegioconcepciontalca.cl\/wp-content\/uploads\/2025\/08\/09-2.jpeg\" class=\"wp-post-image wp-image-16926\" title=\"09\" data-tf-not-load=\"1\" alt=\"09\" srcset=\"https:\/\/colegioconcepciontalca.cl\/wp-content\/uploads\/2025\/08\/09-2.jpeg 1500w, https:\/\/colegioconcepciontalca.cl\/wp-content\/uploads\/2025\/08\/09-2-300x240.jpeg 300w, https:\/\/colegioconcepciontalca.cl\/wp-content\/uploads\/2025\/08\/09-2-1024x819.jpeg 1024w, https:\/\/colegioconcepciontalca.cl\/wp-content\/uploads\/2025\/08\/09-2-768x614.jpeg 768w\" sizes=\"auto, (max-width: 1500px) 100vw, 1500px\" \/><\/a>\t\t\t\t<\/div>\n\t\t\t\t\t\t\t<\/div><\/div>\n\t\t\t\t\t<div class=\"swiper-slide\">\n\t\t\t<div class=\"slide-inner-wrap\">\n\t\t\t\t<div class=\"tf_lazy slide-image gallery-icon\"><a href=\"https:\/\/colegioconcepciontalca.cl\/wp-content\/uploads\/2025\/08\/10-2.jpeg\" class=\"themify_lightbox\"><img loading=\"lazy\" decoding=\"async\" width=\"1500\" height=\"1200\" src=\"https:\/\/colegioconcepciontalca.cl\/wp-content\/uploads\/2025\/08\/10-2.jpeg\" class=\"wp-post-image wp-image-16927\" title=\"10\" data-tf-not-load=\"1\" alt=\"10\" srcset=\"https:\/\/colegioconcepciontalca.cl\/wp-content\/uploads\/2025\/08\/10-2.jpeg 1500w, https:\/\/colegioconcepciontalca.cl\/wp-content\/uploads\/2025\/08\/10-2-300x240.jpeg 300w, https:\/\/colegioconcepciontalca.cl\/wp-content\/uploads\/2025\/08\/10-2-1024x819.jpeg 1024w, https:\/\/colegioconcepciontalca.cl\/wp-content\/uploads\/2025\/08\/10-2-768x614.jpeg 768w\" sizes=\"auto, (max-width: 1500px) 100vw, 1500px\" \/><\/a>\t\t\t\t<\/div>\n\t\t\t\t\t\t\t<\/div><\/div>\n\t\t\t\t\t<div class=\"swiper-slide\">\n\t\t\t<div class=\"slide-inner-wrap\">\n\t\t\t\t<div class=\"tf_lazy slide-image gallery-icon\"><a href=\"https:\/\/colegioconcepciontalca.cl\/wp-content\/uploads\/2025\/08\/11-2.jpeg\" class=\"themify_lightbox\"><img loading=\"lazy\" decoding=\"async\" width=\"1500\" height=\"1200\" src=\"https:\/\/colegioconcepciontalca.cl\/wp-content\/uploads\/2025\/08\/11-2.jpeg\" class=\"wp-post-image wp-image-16928\" title=\"11\" data-tf-not-load=\"1\" alt=\"11\" srcset=\"https:\/\/colegioconcepciontalca.cl\/wp-content\/uploads\/2025\/08\/11-2.jpeg 1500w, https:\/\/colegioconcepciontalca.cl\/wp-content\/uploads\/2025\/08\/11-2-300x240.jpeg 300w, https:\/\/colegioconcepciontalca.cl\/wp-content\/uploads\/2025\/08\/11-2-1024x819.jpeg 1024w, https:\/\/colegioconcepciontalca.cl\/wp-content\/uploads\/2025\/08\/11-2-768x614.jpeg 768w\" sizes=\"auto, (max-width: 1500px) 100vw, 1500px\" \/><\/a>\t\t\t\t<\/div>\n\t\t\t\t\t\t\t<\/div><\/div>\n\t\t\t\t\t<div class=\"swiper-slide\">\n\t\t\t<div class=\"slide-inner-wrap\">\n\t\t\t\t<div class=\"tf_lazy slide-image gallery-icon\"><a href=\"https:\/\/colegioconcepciontalca.cl\/wp-content\/uploads\/2025\/08\/12-2.jpeg\" class=\"themify_lightbox\"><img loading=\"lazy\" decoding=\"async\" width=\"1500\" height=\"1200\" src=\"https:\/\/colegioconcepciontalca.cl\/wp-content\/uploads\/2025\/08\/12-2.jpeg\" class=\"wp-post-image wp-image-16929\" title=\"12\" data-tf-not-load=\"1\" alt=\"12\" srcset=\"https:\/\/colegioconcepciontalca.cl\/wp-content\/uploads\/2025\/08\/12-2.jpeg 1500w, https:\/\/colegioconcepciontalca.cl\/wp-content\/uploads\/2025\/08\/12-2-300x240.jpeg 300w, https:\/\/colegioconcepciontalca.cl\/wp-content\/uploads\/2025\/08\/12-2-1024x819.jpeg 1024w, https:\/\/colegioconcepciontalca.cl\/wp-content\/uploads\/2025\/08\/12-2-768x614.jpeg 768w\" sizes=\"auto, (max-width: 1500px) 100vw, 1500px\" \/><\/a>\t\t\t\t<\/div>\n\t\t\t\t\t\t\t<\/div><\/div>\n\t\t\t\t\t<div class=\"swiper-slide\">\n\t\t\t<div class=\"slide-inner-wrap\">\n\t\t\t\t<div class=\"tf_lazy slide-image gallery-icon\"><a href=\"https:\/\/colegioconcepciontalca.cl\/wp-content\/uploads\/2025\/08\/13-2.jpeg\" class=\"themify_lightbox\"><img loading=\"lazy\" decoding=\"async\" width=\"1500\" height=\"1200\" src=\"https:\/\/colegioconcepciontalca.cl\/wp-content\/uploads\/2025\/08\/13-2.jpeg\" class=\"wp-post-image wp-image-16930\" title=\"13\" data-tf-not-load=\"1\" alt=\"13\" srcset=\"https:\/\/colegioconcepciontalca.cl\/wp-content\/uploads\/2025\/08\/13-2.jpeg 1500w, https:\/\/colegioconcepciontalca.cl\/wp-content\/uploads\/2025\/08\/13-2-300x240.jpeg 300w, https:\/\/colegioconcepciontalca.cl\/wp-content\/uploads\/2025\/08\/13-2-1024x819.jpeg 1024w, https:\/\/colegioconcepciontalca.cl\/wp-content\/uploads\/2025\/08\/13-2-768x614.jpeg 768w\" sizes=\"auto, (max-width: 1500px) 100vw, 1500px\" \/><\/a>\t\t\t\t<\/div>\n\t\t\t\t\t\t\t<\/div><\/div>\n\t\t\t\t\t<div class=\"swiper-slide\">\n\t\t\t<div class=\"slide-inner-wrap\">\n\t\t\t\t<div class=\"tf_lazy slide-image gallery-icon\"><a href=\"https:\/\/colegioconcepciontalca.cl\/wp-content\/uploads\/2025\/08\/14-2.jpeg\" class=\"themify_lightbox\"><img loading=\"lazy\" decoding=\"async\" width=\"1500\" height=\"1200\" src=\"https:\/\/colegioconcepciontalca.cl\/wp-content\/uploads\/2025\/08\/14-2.jpeg\" class=\"wp-post-image wp-image-16931\" title=\"14\" data-tf-not-load=\"1\" alt=\"14\" srcset=\"https:\/\/colegioconcepciontalca.cl\/wp-content\/uploads\/2025\/08\/14-2.jpeg 1500w, https:\/\/colegioconcepciontalca.cl\/wp-content\/uploads\/2025\/08\/14-2-300x240.jpeg 300w, https:\/\/colegioconcepciontalca.cl\/wp-content\/uploads\/2025\/08\/14-2-1024x819.jpeg 1024w, https:\/\/colegioconcepciontalca.cl\/wp-content\/uploads\/2025\/08\/14-2-768x614.jpeg 768w\" sizes=\"auto, (max-width: 1500px) 100vw, 1500px\" \/><\/a>\t\t\t\t<\/div>\n\t\t\t\t\t\t\t<\/div><\/div>\n\t\t\t\t\t<div class=\"swiper-slide\">\n\t\t\t<div class=\"slide-inner-wrap\">\n\t\t\t\t<div class=\"tf_lazy slide-image gallery-icon\"><a href=\"https:\/\/colegioconcepciontalca.cl\/wp-content\/uploads\/2025\/08\/15-1.jpeg\" class=\"themify_lightbox\"><img loading=\"lazy\" decoding=\"async\" width=\"1500\" height=\"1200\" src=\"https:\/\/colegioconcepciontalca.cl\/wp-content\/uploads\/2025\/08\/15-1.jpeg\" class=\"wp-post-image wp-image-16932\" title=\"15\" data-tf-not-load=\"1\" alt=\"15\" srcset=\"https:\/\/colegioconcepciontalca.cl\/wp-content\/uploads\/2025\/08\/15-1.jpeg 1500w, https:\/\/colegioconcepciontalca.cl\/wp-content\/uploads\/2025\/08\/15-1-300x240.jpeg 300w, https:\/\/colegioconcepciontalca.cl\/wp-content\/uploads\/2025\/08\/15-1-1024x819.jpeg 1024w, https:\/\/colegioconcepciontalca.cl\/wp-content\/uploads\/2025\/08\/15-1-768x614.jpeg 768w\" sizes=\"auto, (max-width: 1500px) 100vw, 1500px\" \/><\/a>\t\t\t\t<\/div>\n\t\t\t\t\t\t\t<\/div><\/div>\n\t\t\t\t\t<div class=\"swiper-slide\">\n\t\t\t<div class=\"slide-inner-wrap\">\n\t\t\t\t<div class=\"tf_lazy slide-image gallery-icon\"><a href=\"https:\/\/colegioconcepciontalca.cl\/wp-content\/uploads\/2025\/08\/16-1.jpeg\" class=\"themify_lightbox\"><img loading=\"lazy\" decoding=\"async\" width=\"1500\" height=\"1200\" src=\"https:\/\/colegioconcepciontalca.cl\/wp-content\/uploads\/2025\/08\/16-1.jpeg\" class=\"wp-post-image wp-image-16933\" title=\"16\" data-tf-not-load=\"1\" alt=\"16\" srcset=\"https:\/\/colegioconcepciontalca.cl\/wp-content\/uploads\/2025\/08\/16-1.jpeg 1500w, https:\/\/colegioconcepciontalca.cl\/wp-content\/uploads\/2025\/08\/16-1-300x240.jpeg 300w, https:\/\/colegioconcepciontalca.cl\/wp-content\/uploads\/2025\/08\/16-1-1024x819.jpeg 1024w, https:\/\/colegioconcepciontalca.cl\/wp-content\/uploads\/2025\/08\/16-1-768x614.jpeg 768w\" sizes=\"auto, (max-width: 1500px) 100vw, 1500px\" \/><\/a>\t\t\t\t<\/div>\n\t\t\t\t\t\t\t<\/div><\/div>\n\t\t\t\t\t<div class=\"swiper-slide\">\n\t\t\t<div class=\"slide-inner-wrap\">\n\t\t\t\t<div class=\"tf_lazy slide-image gallery-icon\"><a href=\"https:\/\/colegioconcepciontalca.cl\/wp-content\/uploads\/2025\/08\/17.jpeg\" class=\"themify_lightbox\"><img loading=\"lazy\" decoding=\"async\" width=\"1500\" height=\"1200\" src=\"https:\/\/colegioconcepciontalca.cl\/wp-content\/uploads\/2025\/08\/17.jpeg\" class=\"wp-post-image wp-image-16934\" title=\"17\" data-tf-not-load=\"1\" alt=\"17\" srcset=\"https:\/\/colegioconcepciontalca.cl\/wp-content\/uploads\/2025\/08\/17.jpeg 1500w, https:\/\/colegioconcepciontalca.cl\/wp-content\/uploads\/2025\/08\/17-300x240.jpeg 300w, https:\/\/colegioconcepciontalca.cl\/wp-content\/uploads\/2025\/08\/17-1024x819.jpeg 1024w, https:\/\/colegioconcepciontalca.cl\/wp-content\/uploads\/2025\/08\/17-768x614.jpeg 768w\" sizes=\"auto, (max-width: 1500px) 100vw, 1500px\" \/><\/a>\t\t\t\t<\/div>\n\t\t\t\t\t\t\t<\/div><\/div>\n\t\t\t\t\t<div class=\"swiper-slide\">\n\t\t\t<div class=\"slide-inner-wrap\">\n\t\t\t\t<div class=\"tf_lazy slide-image gallery-icon\"><a href=\"https:\/\/colegioconcepciontalca.cl\/wp-content\/uploads\/2025\/08\/18.jpeg\" class=\"themify_lightbox\"><img loading=\"lazy\" decoding=\"async\" width=\"1500\" height=\"1200\" src=\"https:\/\/colegioconcepciontalca.cl\/wp-content\/uploads\/2025\/08\/18.jpeg\" class=\"wp-post-image wp-image-16935\" title=\"18\" data-tf-not-load=\"1\" alt=\"18\" srcset=\"https:\/\/colegioconcepciontalca.cl\/wp-content\/uploads\/2025\/08\/18.jpeg 1500w, https:\/\/colegioconcepciontalca.cl\/wp-content\/uploads\/2025\/08\/18-300x240.jpeg 300w, https:\/\/colegioconcepciontalca.cl\/wp-content\/uploads\/2025\/08\/18-1024x819.jpeg 1024w, https:\/\/colegioconcepciontalca.cl\/wp-content\/uploads\/2025\/08\/18-768x614.jpeg 768w\" sizes=\"auto, (max-width: 1500px) 100vw, 1500px\" \/><\/a>\t\t\t\t<\/div>\n\t\t\t\t\t\t\t<\/div><\/div>\n\t\t\t\t\t<div class=\"swiper-slide\">\n\t\t\t<div class=\"slide-inner-wrap\">\n\t\t\t\t<div class=\"tf_lazy slide-image gallery-icon\"><a href=\"https:\/\/colegioconcepciontalca.cl\/wp-content\/uploads\/2025\/08\/19.jpeg\" class=\"themify_lightbox\"><img loading=\"lazy\" decoding=\"async\" width=\"1500\" height=\"1200\" src=\"https:\/\/colegioconcepciontalca.cl\/wp-content\/uploads\/2025\/08\/19.jpeg\" class=\"wp-post-image wp-image-16936\" title=\"19\" data-tf-not-load=\"1\" alt=\"19\" srcset=\"https:\/\/colegioconcepciontalca.cl\/wp-content\/uploads\/2025\/08\/19.jpeg 1500w, https:\/\/colegioconcepciontalca.cl\/wp-content\/uploads\/2025\/08\/19-300x240.jpeg 300w, https:\/\/colegioconcepciontalca.cl\/wp-content\/uploads\/2025\/08\/19-1024x819.jpeg 1024w, https:\/\/colegioconcepciontalca.cl\/wp-content\/uploads\/2025\/08\/19-768x614.jpeg 768w\" sizes=\"auto, (max-width: 1500px) 100vw, 1500px\" \/><\/a>\t\t\t\t<\/div>\n\t\t\t\t\t\t\t<\/div><\/div>\n\t\t\t\t\t<div class=\"swiper-slide\">\n\t\t\t<div class=\"slide-inner-wrap\">\n\t\t\t\t<div class=\"tf_lazy slide-image gallery-icon\"><a href=\"https:\/\/colegioconcepciontalca.cl\/wp-content\/uploads\/2025\/08\/20.jpeg\" class=\"themify_lightbox\"><img loading=\"lazy\" decoding=\"async\" width=\"1500\" height=\"1200\" src=\"https:\/\/colegioconcepciontalca.cl\/wp-content\/uploads\/2025\/08\/20.jpeg\" class=\"wp-post-image wp-image-16937\" title=\"20\" data-tf-not-load=\"1\" alt=\"20\" srcset=\"https:\/\/colegioconcepciontalca.cl\/wp-content\/uploads\/2025\/08\/20.jpeg 1500w, https:\/\/colegioconcepciontalca.cl\/wp-content\/uploads\/2025\/08\/20-300x240.jpeg 300w, https:\/\/colegioconcepciontalca.cl\/wp-content\/uploads\/2025\/08\/20-1024x819.jpeg 1024w, https:\/\/colegioconcepciontalca.cl\/wp-content\/uploads\/2025\/08\/20-768x614.jpeg 768w\" sizes=\"auto, (max-width: 1500px) 100vw, 1500px\" \/><\/a>\t\t\t\t<\/div>\n\t\t\t\t\t\t\t<\/div><\/div>\n\t\t\t<\/div>\n<\/div>\n                <div class=\"themify_builder_slider_vertical tf_rel\">\n    <div class=\"swiper-container tf_carousel themify_builder_slider themify_builder_slider_vertical tb_65xy569_thumbs tf_rel tf_overflow\"\n\tdata-pager=\"1\"\n\t data-lazy=\"1\"\t        data-thumbs-id=\"tb_65xy569_thumbs\"\n\t\tdata-visible=\"4\" \n\t\tdata-tbreakpoints=\"1280\"\n\t\tdata-mbreakpoints=\"680\"\n\t\tdata-tab-visible=\"0\"\n\t\tdata-mob-visible=\"0\"\n\t\t\t\tdata-auto=\"4\"\n\t\tdata-pause_hover=\"1\"\n\t\t\t\t\tdata-controller=\"0\"\n\t\t\t\tdata-speed=\"1\"\n\tdata-wrapvar=\"1\"\n\tdata-slider_nav=\"1\"\n\tdata-height=\"variable\"\n\t>\n\t<div class=\"swiper-wrapper tf_lazy tf_rel tf_w tf_h tf_textc\">\n\t\t\t\t\t<div class=\"swiper-slide\">\n\t\t\t<div class=\"slide-inner-wrap\">\n\t\t\t\t<div class=\"tf_lazy slide-image gallery-icon\"><img loading=\"lazy\" decoding=\"async\" src=\"https:\/\/colegioconcepciontalca.cl\/wp-content\/uploads\/2025\/08\/01-3-300x200.jpeg\" width=\"300\" height=\"200\" class=\"wp-post-image wp-image-16918\" title=\"01\" data-tf-not-load=\"1\" alt=\"01\">\t\t\t\t<\/div>\n\t\t\t\t\t\t\t<\/div><\/div>\n\t\t\t\t\t<div class=\"swiper-slide\">\n\t\t\t<div class=\"slide-inner-wrap\">\n\t\t\t\t<div class=\"tf_lazy slide-image gallery-icon\"><img loading=\"lazy\" decoding=\"async\" src=\"https:\/\/colegioconcepciontalca.cl\/wp-content\/uploads\/2025\/08\/02-3-300x200.jpeg\" width=\"300\" height=\"200\" class=\"wp-post-image wp-image-16919\" title=\"02\" data-tf-not-load=\"1\" alt=\"02\">\t\t\t\t<\/div>\n\t\t\t\t\t\t\t<\/div><\/div>\n\t\t\t\t\t<div class=\"swiper-slide\">\n\t\t\t<div class=\"slide-inner-wrap\">\n\t\t\t\t<div class=\"tf_lazy slide-image gallery-icon\"><img loading=\"lazy\" decoding=\"async\" src=\"https:\/\/colegioconcepciontalca.cl\/wp-content\/uploads\/2025\/08\/03-2-300x200.jpeg\" width=\"300\" height=\"200\" class=\"wp-post-image wp-image-16920\" title=\"03\" data-tf-not-load=\"1\" alt=\"03\">\t\t\t\t<\/div>\n\t\t\t\t\t\t\t<\/div><\/div>\n\t\t\t\t\t<div class=\"swiper-slide\">\n\t\t\t<div class=\"slide-inner-wrap\">\n\t\t\t\t<div class=\"tf_lazy slide-image gallery-icon\"><img loading=\"lazy\" decoding=\"async\" src=\"https:\/\/colegioconcepciontalca.cl\/wp-content\/uploads\/2025\/08\/04-2-300x200.jpeg\" width=\"300\" height=\"200\" class=\"wp-post-image wp-image-16921\" title=\"04\" data-tf-not-load=\"1\" alt=\"04\">\t\t\t\t<\/div>\n\t\t\t\t\t\t\t<\/div><\/div>\n\t\t\t\t\t<div class=\"swiper-slide\">\n\t\t\t<div class=\"slide-inner-wrap\">\n\t\t\t\t<div class=\"tf_lazy slide-image gallery-icon\"><img loading=\"lazy\" decoding=\"async\" src=\"https:\/\/colegioconcepciontalca.cl\/wp-content\/uploads\/2025\/08\/05-2-300x200.jpeg\" width=\"300\" height=\"200\" class=\"wp-post-image wp-image-16922\" title=\"05\" data-tf-not-load=\"1\" alt=\"05\">\t\t\t\t<\/div>\n\t\t\t\t\t\t\t<\/div><\/div>\n\t\t\t\t\t<div class=\"swiper-slide\">\n\t\t\t<div class=\"slide-inner-wrap\">\n\t\t\t\t<div class=\"tf_lazy slide-image gallery-icon\"><img loading=\"lazy\" decoding=\"async\" src=\"https:\/\/colegioconcepciontalca.cl\/wp-content\/uploads\/2025\/08\/06-2-300x200.jpeg\" width=\"300\" height=\"200\" class=\"wp-post-image wp-image-16923\" title=\"06\" data-tf-not-load=\"1\" alt=\"06\">\t\t\t\t<\/div>\n\t\t\t\t\t\t\t<\/div><\/div>\n\t\t\t\t\t<div class=\"swiper-slide\">\n\t\t\t<div class=\"slide-inner-wrap\">\n\t\t\t\t<div class=\"tf_lazy slide-image gallery-icon\"><img loading=\"lazy\" decoding=\"async\" src=\"https:\/\/colegioconcepciontalca.cl\/wp-content\/uploads\/2025\/08\/07-2-300x200.jpeg\" width=\"300\" height=\"200\" class=\"wp-post-image wp-image-16924\" title=\"07\" data-tf-not-load=\"1\" alt=\"07\">\t\t\t\t<\/div>\n\t\t\t\t\t\t\t<\/div><\/div>\n\t\t\t\t\t<div class=\"swiper-slide\">\n\t\t\t<div class=\"slide-inner-wrap\">\n\t\t\t\t<div class=\"tf_lazy slide-image gallery-icon\"><img loading=\"lazy\" decoding=\"async\" src=\"https:\/\/colegioconcepciontalca.cl\/wp-content\/uploads\/2025\/08\/08-2-300x200.jpeg\" width=\"300\" height=\"200\" class=\"wp-post-image wp-image-16925\" title=\"08\" data-tf-not-load=\"1\" alt=\"08\">\t\t\t\t<\/div>\n\t\t\t\t\t\t\t<\/div><\/div>\n\t\t\t\t\t<div class=\"swiper-slide\">\n\t\t\t<div class=\"slide-inner-wrap\">\n\t\t\t\t<div class=\"tf_lazy slide-image gallery-icon\"><img loading=\"lazy\" decoding=\"async\" src=\"https:\/\/colegioconcepciontalca.cl\/wp-content\/uploads\/2025\/08\/09-2-300x200.jpeg\" width=\"300\" height=\"200\" class=\"wp-post-image wp-image-16926\" title=\"09\" data-tf-not-load=\"1\" alt=\"09\">\t\t\t\t<\/div>\n\t\t\t\t\t\t\t<\/div><\/div>\n\t\t\t\t\t<div class=\"swiper-slide\">\n\t\t\t<div class=\"slide-inner-wrap\">\n\t\t\t\t<div class=\"tf_lazy slide-image gallery-icon\"><img loading=\"lazy\" decoding=\"async\" src=\"https:\/\/colegioconcepciontalca.cl\/wp-content\/uploads\/2025\/08\/10-2-300x200.jpeg\" width=\"300\" height=\"200\" class=\"wp-post-image wp-image-16927\" title=\"10\" data-tf-not-load=\"1\" alt=\"10\">\t\t\t\t<\/div>\n\t\t\t\t\t\t\t<\/div><\/div>\n\t\t\t\t\t<div class=\"swiper-slide\">\n\t\t\t<div class=\"slide-inner-wrap\">\n\t\t\t\t<div class=\"tf_lazy slide-image gallery-icon\"><img loading=\"lazy\" decoding=\"async\" src=\"https:\/\/colegioconcepciontalca.cl\/wp-content\/uploads\/2025\/08\/11-2-300x200.jpeg\" width=\"300\" height=\"200\" class=\"wp-post-image wp-image-16928\" title=\"11\" data-tf-not-load=\"1\" alt=\"11\">\t\t\t\t<\/div>\n\t\t\t\t\t\t\t<\/div><\/div>\n\t\t\t\t\t<div class=\"swiper-slide\">\n\t\t\t<div class=\"slide-inner-wrap\">\n\t\t\t\t<div class=\"tf_lazy slide-image gallery-icon\"><img loading=\"lazy\" decoding=\"async\" src=\"https:\/\/colegioconcepciontalca.cl\/wp-content\/uploads\/2025\/08\/12-2-300x200.jpeg\" width=\"300\" height=\"200\" class=\"wp-post-image wp-image-16929\" title=\"12\" data-tf-not-load=\"1\" alt=\"12\">\t\t\t\t<\/div>\n\t\t\t\t\t\t\t<\/div><\/div>\n\t\t\t\t\t<div class=\"swiper-slide\">\n\t\t\t<div class=\"slide-inner-wrap\">\n\t\t\t\t<div class=\"tf_lazy slide-image gallery-icon\"><img loading=\"lazy\" decoding=\"async\" src=\"https:\/\/colegioconcepciontalca.cl\/wp-content\/uploads\/2025\/08\/13-2-300x200.jpeg\" width=\"300\" height=\"200\" class=\"wp-post-image wp-image-16930\" title=\"13\" data-tf-not-load=\"1\" alt=\"13\">\t\t\t\t<\/div>\n\t\t\t\t\t\t\t<\/div><\/div>\n\t\t\t\t\t<div class=\"swiper-slide\">\n\t\t\t<div class=\"slide-inner-wrap\">\n\t\t\t\t<div class=\"tf_lazy slide-image gallery-icon\"><img loading=\"lazy\" decoding=\"async\" src=\"https:\/\/colegioconcepciontalca.cl\/wp-content\/uploads\/2025\/08\/14-2-300x200.jpeg\" width=\"300\" height=\"200\" class=\"wp-post-image wp-image-16931\" title=\"14\" data-tf-not-load=\"1\" alt=\"14\">\t\t\t\t<\/div>\n\t\t\t\t\t\t\t<\/div><\/div>\n\t\t\t\t\t<div class=\"swiper-slide\">\n\t\t\t<div class=\"slide-inner-wrap\">\n\t\t\t\t<div class=\"tf_lazy slide-image gallery-icon\"><img loading=\"lazy\" decoding=\"async\" src=\"https:\/\/colegioconcepciontalca.cl\/wp-content\/uploads\/2025\/08\/15-1-300x200.jpeg\" width=\"300\" height=\"200\" class=\"wp-post-image wp-image-16932\" title=\"15\" data-tf-not-load=\"1\" alt=\"15\">\t\t\t\t<\/div>\n\t\t\t\t\t\t\t<\/div><\/div>\n\t\t\t\t\t<div class=\"swiper-slide\">\n\t\t\t<div class=\"slide-inner-wrap\">\n\t\t\t\t<div class=\"tf_lazy slide-image gallery-icon\"><img loading=\"lazy\" decoding=\"async\" src=\"https:\/\/colegioconcepciontalca.cl\/wp-content\/uploads\/2025\/08\/16-1-300x200.jpeg\" width=\"300\" height=\"200\" class=\"wp-post-image wp-image-16933\" title=\"16\" data-tf-not-load=\"1\" alt=\"16\">\t\t\t\t<\/div>\n\t\t\t\t\t\t\t<\/div><\/div>\n\t\t\t\t\t<div class=\"swiper-slide\">\n\t\t\t<div class=\"slide-inner-wrap\">\n\t\t\t\t<div class=\"tf_lazy slide-image gallery-icon\"><img loading=\"lazy\" decoding=\"async\" src=\"https:\/\/colegioconcepciontalca.cl\/wp-content\/uploads\/2025\/08\/17-300x200.jpeg\" width=\"300\" height=\"200\" class=\"wp-post-image wp-image-16934\" title=\"17\" data-tf-not-load=\"1\" alt=\"17\">\t\t\t\t<\/div>\n\t\t\t\t\t\t\t<\/div><\/div>\n\t\t\t\t\t<div class=\"swiper-slide\">\n\t\t\t<div class=\"slide-inner-wrap\">\n\t\t\t\t<div class=\"tf_lazy slide-image gallery-icon\"><img loading=\"lazy\" decoding=\"async\" src=\"https:\/\/colegioconcepciontalca.cl\/wp-content\/uploads\/2025\/08\/18-300x200.jpeg\" width=\"300\" height=\"200\" class=\"wp-post-image wp-image-16935\" title=\"18\" data-tf-not-load=\"1\" alt=\"18\">\t\t\t\t<\/div>\n\t\t\t\t\t\t\t<\/div><\/div>\n\t\t\t\t\t<div class=\"swiper-slide\">\n\t\t\t<div class=\"slide-inner-wrap\">\n\t\t\t\t<div class=\"tf_lazy slide-image gallery-icon\"><img loading=\"lazy\" decoding=\"async\" src=\"https:\/\/colegioconcepciontalca.cl\/wp-content\/uploads\/2025\/08\/19-300x200.jpeg\" width=\"300\" height=\"200\" class=\"wp-post-image wp-image-16936\" title=\"19\" data-tf-not-load=\"1\" alt=\"19\">\t\t\t\t<\/div>\n\t\t\t\t\t\t\t<\/div><\/div>\n\t\t\t\t\t<div class=\"swiper-slide\">\n\t\t\t<div class=\"slide-inner-wrap\">\n\t\t\t\t<div class=\"tf_lazy slide-image gallery-icon\"><img loading=\"lazy\" decoding=\"async\" src=\"https:\/\/colegioconcepciontalca.cl\/wp-content\/uploads\/2025\/08\/20-300x200.jpeg\" width=\"300\" height=\"200\" class=\"wp-post-image wp-image-16937\" title=\"20\" data-tf-not-load=\"1\" alt=\"20\">\t\t\t\t<\/div>\n\t\t\t\t\t\t\t<\/div><\/div>\n\t\t\t<\/div>\n<\/div>\n            <\/div>\n    \n<\/div>\n<!-- \/module gallery -->\n\t        <\/div>\n\t    \t<\/div>\n\t\t    <\/div>\n\t    <!-- \/row_inner -->\n\t<\/div>\n\t<!-- \/module_row -->\n\t<\/div>\n<!--\/themify_builder_content--><!-- AddThis Advanced Settings generic via filter on the_content --><!-- AddThis Share Buttons generic via filter on the_content -->","protected":false},"excerpt":{"rendered":"<p>El d\u00eda de ayer se llev\u00f3 a cabo una significativa jornada de plantaci\u00f3n de especies nativas en nuestro colegio, con el objetivo de reforestar nuestros patios y contribuir al cuidado del medio ambiente. Esta actividad fue liderada por la Brigada Ecol\u00f3gica, bajo la gu\u00eda de nuestra profesora de Ciencias, Anyi Acevedo, y cont\u00f3 con el [&hellip;]<!-- AddThis Advanced Settings generic via filter on get_the_excerpt --><!-- AddThis Share Buttons generic via filter on get_the_excerpt --><\/p>\n","protected":false},"author":1,"featured_media":16918,"comment_status":"closed","ping_status":"closed","sticky":false,"template":"","format":"standard","meta":{"footnotes":""},"categories":[4],"tags":[],"class_list":["post-16917","post","type-post","status-publish","format-standard","has-post-thumbnail","hentry","category-noticias","has-post-title","has-post-date","has-post-category","has-post-tag","has-post-comment","has-post-author",""," cat-4"],"jetpack_featured_media_url":"https:\/\/colegioconcepciontalca.cl\/wp-content\/uploads\/2025\/08\/01-3.jpeg","builder_content":"<p style=\"min-height: 13.8px; margin: 0cm 0cm 9.0pt 0cm;\">El d\u00eda de ayer se llev\u00f3 a cabo una significativa jornada de plantaci\u00f3n de especies nativas en nuestro colegio, con el objetivo de reforestar nuestros patios y contribuir al cuidado del medio ambiente. Esta actividad fue liderada por la Brigada Ecol\u00f3gica, bajo la gu\u00eda de nuestra profesora de Ciencias, Anyi Acevedo, y cont\u00f3 con el valioso apoyo del profesor Cristian Tapia quien lidera el comit\u00e9 Medio Ambiental y de la Direcci\u00f3n de Formaci\u00f3n adem\u00e1s de la colaboraci\u00f3n log\u00edstica por parte del Equipo Directivo, a quienes agradecemos profundamente.<o:p><\/o:p><\/p><p style=\"margin: 0cm 0cm 9.0pt 0cm;\">Las especies plantadas fueron donadas por Miguel Mart\u00ednez, miembro de la organizaci\u00f3n ambiental sin fines de lucro Adopta un \u00c1rbol, a quien extendemos nuestro sincero agradecimiento por su generoso aporte y compromiso con el entorno.<o:p><\/o:p><\/p>\n[gallery ids=\"16918,16919,16920,16921,16922,16923,16924,16925,16926,16927,16928,16929,16930,16931,16932,16933,16934,16935,16936,16937\"]","_links":{"self":[{"href":"https:\/\/colegioconcepciontalca.cl\/index.php\/wp-json\/wp\/v2\/posts\/16917","targetHints":{"allow":["GET"]}}],"collection":[{"href":"https:\/\/colegioconcepciontalca.cl\/index.php\/wp-json\/wp\/v2\/posts"}],"about":[{"href":"https:\/\/colegioconcepciontalca.cl\/index.php\/wp-json\/wp\/v2\/types\/post"}],"author":[{"embeddable":true,"href":"https:\/\/colegioconcepciontalca.cl\/index.php\/wp-json\/wp\/v2\/users\/1"}],"replies":[{"embeddable":true,"href":"https:\/\/colegioconcepciontalca.cl\/index.php\/wp-json\/wp\/v2\/comments?post=16917"}],"version-history":[{"count":1,"href":"https:\/\/colegioconcepciontalca.cl\/index.php\/wp-json\/wp\/v2\/posts\/16917\/revisions"}],"predecessor-version":[{"id":16938,"href":"https:\/\/colegioconcepciontalca.cl\/index.php\/wp-json\/wp\/v2\/posts\/16917\/revisions\/16938"}],"wp:featuredmedia":[{"embeddable":true,"href":"https:\/\/colegioconcepciontalca.cl\/index.php\/wp-json\/wp\/v2\/media\/16918"}],"wp:attachment":[{"href":"https:\/\/colegioconcepciontalca.cl\/index.php\/wp-json\/wp\/v2\/media?parent=16917"}],"wp:term":[{"taxonomy":"category","embeddable":true,"href":"https:\/\/colegioconcepciontalca.cl\/index.php\/wp-json\/wp\/v2\/categories?post=16917"},{"taxonomy":"post_tag","embeddable":true,"href":"https:\/\/colegioconcepciontalca.cl\/index.php\/wp-json\/wp\/v2\/tags?post=16917"}],"curies":[{"name":"wp","href":"https:\/\/api.w.org\/{rel}","templated":true}]}}