{"id":16898,"date":"2025-08-05T13:49:07","date_gmt":"2025-08-05T16:49:07","guid":{"rendered":"https:\/\/colegioconcepciontalca.cl\/?p=16898"},"modified":"2025-08-05T13:49:12","modified_gmt":"2025-08-05T16:49:12","slug":"florencia-jaque-del-6-basico-c-brillo-en-sundance-week-colombia-2025","status":"publish","type":"post","link":"https:\/\/colegioconcepciontalca.cl\/index.php\/2025\/08\/05\/florencia-jaque-del-6-basico-c-brillo-en-sundance-week-colombia-2025\/","title":{"rendered":"Florencia Jaque del 6\u00b0 B\u00e1sico C brill\u00f3 en Sundance Week Colombia 2025"},"content":{"rendered":"<!--themify_builder_content-->\n<div id=\"themify_builder_content-16898\" data-postid=\"16898\" class=\"themify_builder_content themify_builder_content-16898 themify_builder tf_clear\">\n    \t<!-- module_row -->\n\t<div  data-lazy=\"1\" class=\"module_row themify_builder_row tb_1e1f835 tb_first tf_clearfix\">\n\t    \t\t<div class=\"row_inner col_align_top tf_box tf_w tf_rel\">\n\t\t\t<div  data-lazy=\"1\" class=\"module_column tb-column col-full first tb_awh4835 tf_box\">\n\t    \t    \t        <div class=\"tb-column-inner tf_box tf_w\">\n\t\t    <!-- module text -->\n<div  class=\"module module-text tb_1yyj851   \" data-lazy=\"1\">\n            <div  class=\"tb_text_wrap\">\n    <div class=\"\" data-block=\"true\" data-editor=\"1n91l\" data-offset-key=\"aeab7-0-0\"><div data-offset-key=\"aeab7-0-0\" class=\"_1mf _1mj\">Con orgullo destacamos la participaci\u00f3n de nuestra estudiante Florencia Jaque Navas, del 6\u00b0 B\u00e1sico C del Colegio Concepci\u00f3n Talca, quien viaj\u00f3 a Cartagena de Indias, Colombia, para representar a Chile en el prestigioso certamen internacional Sundance Week 2025, junto a la reconocida Academia de Danza Marka.<\/div><\/div><div class=\"\" data-block=\"true\" data-editor=\"1n91l\" data-offset-key=\"83o07-0-0\"><div data-offset-key=\"83o07-0-0\" class=\"_1mf _1mj\"><span data-offset-key=\"83o07-0-0\">Florencia tuvo un destacado desempe\u00f1o, obteniendo el 3\u00b0 lugar en su coreograf\u00eda solista de danzas \u00e1rabes, resultado que refleja su esfuerzo, dedicaci\u00f3n y talento art\u00edstico. Adem\u00e1s, particip\u00f3 en las modalidades grupales de show, danzas \u00e1rabes y danzas \u00e9tnicas, logrando en todas ellas el 1\u00b0 lugar, consolidando el excelente nivel del conjunto.<\/span><\/div><\/div><div class=\"\" data-block=\"true\" data-editor=\"1n91l\" data-offset-key=\"dqtg6-0-0\"><div data-offset-key=\"dqtg6-0-0\" class=\"_1mf _1mj\"><span data-offset-key=\"dqtg6-0-0\">\u00a0<\/span><\/div><\/div><div class=\"\" data-block=\"true\" data-editor=\"1n91l\" data-offset-key=\"8u9th-0-0\"><div data-offset-key=\"8u9th-0-0\" class=\"_1mf _1mj\"><span data-offset-key=\"8u9th-0-0\">La Academia Marka fue la gran ganadora del evento, obteniendo un total de 32 primeros lugares, 10 segundos y 8 terceros, as\u00ed como reconocimientos especiales como:<\/span><\/div><\/div><div class=\"\" data-block=\"true\" data-editor=\"1n91l\" data-offset-key=\"nv6e-0-0\"><div data-offset-key=\"nv6e-0-0\" class=\"_1mf _1mj\"><span data-offset-key=\"nv6e-0-0\">\u00a0<\/span><\/div><\/div><div class=\"\" data-block=\"true\" data-editor=\"1n91l\" data-offset-key=\"atfpk-0-0\"><ul><li data-offset-key=\"atfpk-0-0\" class=\"_1mf _1mj\"><span data-offset-key=\"atfpk-0-0\">Premio a la Mejor Coreograf\u00eda Grupal por \u201cSentir Pascuense\u201d (98,5 pts)<\/span><\/li><\/ul><\/div><div class=\"\" data-block=\"true\" data-editor=\"1n91l\" data-offset-key=\"6e1q-0-0\"><ul><li data-offset-key=\"6e1q-0-0\" class=\"_1mf _1mj\"><span data-offset-key=\"6e1q-0-0\">Reconocimiento de Honor al M\u00e9rito por los m\u00e1s altos puntajes en danzas \u00e9tnicas y polinesias<\/span><\/li><\/ul><\/div><div class=\"\" data-block=\"true\" data-editor=\"1n91l\" data-offset-key=\"c87rd-0-0\"><ul><li data-offset-key=\"c87rd-0-0\" class=\"_1mf _1mj\"><span data-offset-key=\"c87rd-0-0\">Trofeos Gran Sundance en las categor\u00edas Estudiante, Pre-Profesional y Profesional<\/span><\/li><\/ul><\/div><div class=\"\" data-block=\"true\" data-editor=\"1n91l\" data-offset-key=\"57m79-0-0\"><ul><li data-offset-key=\"57m79-0-0\" class=\"_1mf _1mj\"><span data-offset-key=\"57m79-0-0\">Reconocimiento como la Mejor Escuela del Festival<\/span><\/li><\/ul><\/div><div class=\"\" data-block=\"true\" data-editor=\"1n91l\" data-offset-key=\"7m2m2-0-0\"><div data-offset-key=\"7m2m2-0-0\" class=\"_1mf _1mj\"><span data-offset-key=\"7m2m2-0-0\">\u00a0<\/span><\/div><\/div><div class=\"\" data-block=\"true\" data-editor=\"1n91l\" data-offset-key=\"87q41-0-0\"><div data-offset-key=\"87q41-0-0\" class=\"_1mf _1mj\"><span data-offset-key=\"87q41-0-0\">La directora art\u00edstica, Patricia Vera, agradeci\u00f3 a la comunidad y al equipo por este importante logro, destacando que la danza es un lenguaje de identidad, disciplina y transformaci\u00f3n.<\/span><\/div><\/div><div class=\"\" data-block=\"true\" data-editor=\"1n91l\" data-offset-key=\"b7rhm-0-0\"><div data-offset-key=\"b7rhm-0-0\" class=\"_1mf _1mj\"><span data-offset-key=\"b7rhm-0-0\">Este destacado desempe\u00f1o les permiti\u00f3 clasificar al Sudamericano Sundance Week Panam\u00e1 2026, abriendo nuevas puertas para el talento talquino a nivel continental.<\/span><\/div><\/div><div class=\"\" data-block=\"true\" data-editor=\"1n91l\" data-offset-key=\"7node-0-0\"><div data-offset-key=\"7node-0-0\" class=\"_1mf _1mj\"><span data-offset-key=\"7node-0-0\">Felicitamos a Florencia y a toda la delegaci\u00f3n de la Academia Marka por su compromiso, excelencia y por dejar en alto el nombre de Talca y del Colegio Concepci\u00f3n Talca en un escenario internacional de gran prestigio. \u00a1Un orgullo para toda nuestra comunidad educativa!<\/span><\/div><\/div>    <\/div>\n<\/div>\n<!-- \/module text -->\t        <\/div>\n\t    \t<\/div>\n\t\t    <\/div>\n\t    <!-- \/row_inner -->\n\t<\/div>\n\t<!-- \/module_row -->\n\t\t<!-- module_row -->\n\t<div  data-lazy=\"1\" class=\"module_row themify_builder_row tb_lcvr688 tf_clearfix\">\n\t    \t\t<div class=\"row_inner col_align_top tf_box tf_w tf_rel\">\n\t\t\t<div  data-lazy=\"1\" class=\"module_column tb-column col-full first tb_dq2t688 tf_box\">\n\t    \t    \t        <div class=\"tb-column-inner tf_box tf_w\">\n\t\t    <!-- module gallery -->\n<div  class=\"module gallery module-gallery tb_ic2k707 layout-slider  \" data-lazy=\"1\">\n                <div class=\"swiper-container tf_carousel themify_builder_slider tf_rel tf_overflow\"\n\tdata-pager=\"0\"\n\t data-lazy=\"1\"\t\t\tdata-thumbs=\"tb_ic2k707_thumbs\"\n\t\tdata-effect=\"scroll\" \n\t\tdata-css_url=\"https:\/\/colegioconcepciontalca.cl\/wp-content\/themes\/themify-ultra\/themify\/themify-builder\/css\/modules\/sliders\/carousel.css,https:\/\/colegioconcepciontalca.cl\/wp-content\/themes\/themify-ultra\/themify\/themify-builder\/css\/modules\/sliders\/gallery.css\"\n\t\t\t\tdata-auto=\"4\"\n\t\tdata-pause_hover=\"1\"\n\t\t\t\tdata-speed=\"1\"\n\tdata-wrapvar=\"1\"\n\tdata-slider_nav=\"0\"\n\tdata-height=\"variable\"\n\t>\n\t<div class=\"swiper-wrapper tf_lazy tf_rel tf_w tf_h tf_textc\">\n\t\t\t\t\t<div class=\"swiper-slide\">\n\t\t\t<div class=\"slide-inner-wrap\">\n\t\t\t\t<div class=\"tf_lazy slide-image gallery-icon\"><a href=\"https:\/\/colegioconcepciontalca.cl\/wp-content\/uploads\/2025\/08\/01-2-scaled.jpeg\" class=\"themify_lightbox\"><img loading=\"lazy\" decoding=\"async\" width=\"2560\" height=\"2560\" src=\"https:\/\/colegioconcepciontalca.cl\/wp-content\/uploads\/2025\/08\/01-2-scaled.jpeg\" class=\"wp-post-image wp-image-16899\" title=\"01\" data-tf-not-load=\"1\" alt=\"01\" srcset=\"https:\/\/colegioconcepciontalca.cl\/wp-content\/uploads\/2025\/08\/01-2-scaled.jpeg 2560w, https:\/\/colegioconcepciontalca.cl\/wp-content\/uploads\/2025\/08\/01-2-300x300.jpeg 300w, https:\/\/colegioconcepciontalca.cl\/wp-content\/uploads\/2025\/08\/01-2-1024x1024.jpeg 1024w, https:\/\/colegioconcepciontalca.cl\/wp-content\/uploads\/2025\/08\/01-2-150x150.jpeg 150w, https:\/\/colegioconcepciontalca.cl\/wp-content\/uploads\/2025\/08\/01-2-768x768.jpeg 768w, https:\/\/colegioconcepciontalca.cl\/wp-content\/uploads\/2025\/08\/01-2-1536x1536.jpeg 1536w, https:\/\/colegioconcepciontalca.cl\/wp-content\/uploads\/2025\/08\/01-2-2048x2048.jpeg 2048w\" sizes=\"auto, (max-width: 2560px) 100vw, 2560px\" \/><\/a>\t\t\t\t<\/div>\n\t\t\t\t\t\t\t<\/div><\/div>\n\t\t\t\t\t<div class=\"swiper-slide\">\n\t\t\t<div class=\"slide-inner-wrap\">\n\t\t\t\t<div class=\"tf_lazy slide-image gallery-icon\"><a href=\"https:\/\/colegioconcepciontalca.cl\/wp-content\/uploads\/2025\/08\/02-2-scaled.jpeg\" class=\"themify_lightbox\"><img loading=\"lazy\" decoding=\"async\" width=\"2560\" height=\"2560\" src=\"https:\/\/colegioconcepciontalca.cl\/wp-content\/uploads\/2025\/08\/02-2-scaled.jpeg\" class=\"wp-post-image wp-image-16900\" title=\"02\" data-tf-not-load=\"1\" alt=\"02\" srcset=\"https:\/\/colegioconcepciontalca.cl\/wp-content\/uploads\/2025\/08\/02-2-scaled.jpeg 2560w, https:\/\/colegioconcepciontalca.cl\/wp-content\/uploads\/2025\/08\/02-2-300x300.jpeg 300w, https:\/\/colegioconcepciontalca.cl\/wp-content\/uploads\/2025\/08\/02-2-1024x1024.jpeg 1024w, https:\/\/colegioconcepciontalca.cl\/wp-content\/uploads\/2025\/08\/02-2-150x150.jpeg 150w, https:\/\/colegioconcepciontalca.cl\/wp-content\/uploads\/2025\/08\/02-2-768x768.jpeg 768w, https:\/\/colegioconcepciontalca.cl\/wp-content\/uploads\/2025\/08\/02-2-1536x1536.jpeg 1536w, https:\/\/colegioconcepciontalca.cl\/wp-content\/uploads\/2025\/08\/02-2-2048x2048.jpeg 2048w\" sizes=\"auto, (max-width: 2560px) 100vw, 2560px\" \/><\/a>\t\t\t\t<\/div>\n\t\t\t\t\t\t\t<\/div><\/div>\n\t\t\t\t\t<div class=\"swiper-slide\">\n\t\t\t<div class=\"slide-inner-wrap\">\n\t\t\t\t<div class=\"tf_lazy slide-image gallery-icon\"><a href=\"https:\/\/colegioconcepciontalca.cl\/wp-content\/uploads\/2025\/08\/03-1-scaled.jpeg\" class=\"themify_lightbox\"><img loading=\"lazy\" decoding=\"async\" width=\"2560\" height=\"2560\" src=\"https:\/\/colegioconcepciontalca.cl\/wp-content\/uploads\/2025\/08\/03-1-scaled.jpeg\" class=\"wp-post-image wp-image-16901\" title=\"03\" data-tf-not-load=\"1\" alt=\"03\" srcset=\"https:\/\/colegioconcepciontalca.cl\/wp-content\/uploads\/2025\/08\/03-1-scaled.jpeg 2560w, https:\/\/colegioconcepciontalca.cl\/wp-content\/uploads\/2025\/08\/03-1-300x300.jpeg 300w, https:\/\/colegioconcepciontalca.cl\/wp-content\/uploads\/2025\/08\/03-1-1024x1024.jpeg 1024w, https:\/\/colegioconcepciontalca.cl\/wp-content\/uploads\/2025\/08\/03-1-150x150.jpeg 150w, https:\/\/colegioconcepciontalca.cl\/wp-content\/uploads\/2025\/08\/03-1-768x768.jpeg 768w, https:\/\/colegioconcepciontalca.cl\/wp-content\/uploads\/2025\/08\/03-1-1536x1536.jpeg 1536w, https:\/\/colegioconcepciontalca.cl\/wp-content\/uploads\/2025\/08\/03-1-2048x2048.jpeg 2048w\" sizes=\"auto, (max-width: 2560px) 100vw, 2560px\" \/><\/a>\t\t\t\t<\/div>\n\t\t\t\t\t\t\t<\/div><\/div>\n\t\t\t\t\t<div class=\"swiper-slide\">\n\t\t\t<div class=\"slide-inner-wrap\">\n\t\t\t\t<div class=\"tf_lazy slide-image gallery-icon\"><a href=\"https:\/\/colegioconcepciontalca.cl\/wp-content\/uploads\/2025\/08\/04-1-scaled.jpeg\" class=\"themify_lightbox\"><img loading=\"lazy\" decoding=\"async\" width=\"2560\" height=\"2560\" src=\"https:\/\/colegioconcepciontalca.cl\/wp-content\/uploads\/2025\/08\/04-1-scaled.jpeg\" class=\"wp-post-image wp-image-16902\" title=\"04\" data-tf-not-load=\"1\" alt=\"04\" srcset=\"https:\/\/colegioconcepciontalca.cl\/wp-content\/uploads\/2025\/08\/04-1-scaled.jpeg 2560w, https:\/\/colegioconcepciontalca.cl\/wp-content\/uploads\/2025\/08\/04-1-300x300.jpeg 300w, https:\/\/colegioconcepciontalca.cl\/wp-content\/uploads\/2025\/08\/04-1-1024x1024.jpeg 1024w, https:\/\/colegioconcepciontalca.cl\/wp-content\/uploads\/2025\/08\/04-1-150x150.jpeg 150w, https:\/\/colegioconcepciontalca.cl\/wp-content\/uploads\/2025\/08\/04-1-768x768.jpeg 768w, https:\/\/colegioconcepciontalca.cl\/wp-content\/uploads\/2025\/08\/04-1-1536x1536.jpeg 1536w, https:\/\/colegioconcepciontalca.cl\/wp-content\/uploads\/2025\/08\/04-1-2048x2048.jpeg 2048w\" sizes=\"auto, (max-width: 2560px) 100vw, 2560px\" \/><\/a>\t\t\t\t<\/div>\n\t\t\t\t\t\t\t<\/div><\/div>\n\t\t\t\t\t<div class=\"swiper-slide\">\n\t\t\t<div class=\"slide-inner-wrap\">\n\t\t\t\t<div class=\"tf_lazy slide-image gallery-icon\"><a href=\"https:\/\/colegioconcepciontalca.cl\/wp-content\/uploads\/2025\/08\/05-1-scaled.jpeg\" class=\"themify_lightbox\"><img loading=\"lazy\" decoding=\"async\" width=\"2560\" height=\"2560\" src=\"https:\/\/colegioconcepciontalca.cl\/wp-content\/uploads\/2025\/08\/05-1-scaled.jpeg\" class=\"wp-post-image wp-image-16903\" title=\"05\" data-tf-not-load=\"1\" alt=\"05\" srcset=\"https:\/\/colegioconcepciontalca.cl\/wp-content\/uploads\/2025\/08\/05-1-scaled.jpeg 2560w, https:\/\/colegioconcepciontalca.cl\/wp-content\/uploads\/2025\/08\/05-1-300x300.jpeg 300w, https:\/\/colegioconcepciontalca.cl\/wp-content\/uploads\/2025\/08\/05-1-1024x1024.jpeg 1024w, https:\/\/colegioconcepciontalca.cl\/wp-content\/uploads\/2025\/08\/05-1-150x150.jpeg 150w, https:\/\/colegioconcepciontalca.cl\/wp-content\/uploads\/2025\/08\/05-1-768x768.jpeg 768w, https:\/\/colegioconcepciontalca.cl\/wp-content\/uploads\/2025\/08\/05-1-1536x1536.jpeg 1536w, https:\/\/colegioconcepciontalca.cl\/wp-content\/uploads\/2025\/08\/05-1-2048x2048.jpeg 2048w\" sizes=\"auto, (max-width: 2560px) 100vw, 2560px\" \/><\/a>\t\t\t\t<\/div>\n\t\t\t\t\t\t\t<\/div><\/div>\n\t\t\t\t\t<div class=\"swiper-slide\">\n\t\t\t<div class=\"slide-inner-wrap\">\n\t\t\t\t<div class=\"tf_lazy slide-image gallery-icon\"><a href=\"https:\/\/colegioconcepciontalca.cl\/wp-content\/uploads\/2025\/08\/06-1-scaled.jpeg\" class=\"themify_lightbox\"><img loading=\"lazy\" decoding=\"async\" width=\"2560\" height=\"2560\" src=\"https:\/\/colegioconcepciontalca.cl\/wp-content\/uploads\/2025\/08\/06-1-scaled.jpeg\" class=\"wp-post-image wp-image-16904\" title=\"06\" data-tf-not-load=\"1\" alt=\"06\" srcset=\"https:\/\/colegioconcepciontalca.cl\/wp-content\/uploads\/2025\/08\/06-1-scaled.jpeg 2560w, https:\/\/colegioconcepciontalca.cl\/wp-content\/uploads\/2025\/08\/06-1-300x300.jpeg 300w, https:\/\/colegioconcepciontalca.cl\/wp-content\/uploads\/2025\/08\/06-1-1024x1024.jpeg 1024w, https:\/\/colegioconcepciontalca.cl\/wp-content\/uploads\/2025\/08\/06-1-150x150.jpeg 150w, https:\/\/colegioconcepciontalca.cl\/wp-content\/uploads\/2025\/08\/06-1-768x768.jpeg 768w, https:\/\/colegioconcepciontalca.cl\/wp-content\/uploads\/2025\/08\/06-1-1536x1536.jpeg 1536w, https:\/\/colegioconcepciontalca.cl\/wp-content\/uploads\/2025\/08\/06-1-2048x2048.jpeg 2048w\" sizes=\"auto, (max-width: 2560px) 100vw, 2560px\" \/><\/a>\t\t\t\t<\/div>\n\t\t\t\t\t\t\t<\/div><\/div>\n\t\t\t\t\t<div class=\"swiper-slide\">\n\t\t\t<div class=\"slide-inner-wrap\">\n\t\t\t\t<div class=\"tf_lazy slide-image gallery-icon\"><a href=\"https:\/\/colegioconcepciontalca.cl\/wp-content\/uploads\/2025\/08\/07-1-scaled.jpeg\" class=\"themify_lightbox\"><img loading=\"lazy\" decoding=\"async\" width=\"2560\" height=\"2560\" src=\"https:\/\/colegioconcepciontalca.cl\/wp-content\/uploads\/2025\/08\/07-1-scaled.jpeg\" class=\"wp-post-image wp-image-16905\" title=\"07\" data-tf-not-load=\"1\" alt=\"07\" srcset=\"https:\/\/colegioconcepciontalca.cl\/wp-content\/uploads\/2025\/08\/07-1-scaled.jpeg 2560w, https:\/\/colegioconcepciontalca.cl\/wp-content\/uploads\/2025\/08\/07-1-300x300.jpeg 300w, https:\/\/colegioconcepciontalca.cl\/wp-content\/uploads\/2025\/08\/07-1-1024x1024.jpeg 1024w, https:\/\/colegioconcepciontalca.cl\/wp-content\/uploads\/2025\/08\/07-1-150x150.jpeg 150w, https:\/\/colegioconcepciontalca.cl\/wp-content\/uploads\/2025\/08\/07-1-768x768.jpeg 768w, https:\/\/colegioconcepciontalca.cl\/wp-content\/uploads\/2025\/08\/07-1-1536x1536.jpeg 1536w, https:\/\/colegioconcepciontalca.cl\/wp-content\/uploads\/2025\/08\/07-1-2048x2048.jpeg 2048w\" sizes=\"auto, (max-width: 2560px) 100vw, 2560px\" \/><\/a>\t\t\t\t<\/div>\n\t\t\t\t\t\t\t<\/div><\/div>\n\t\t\t\t\t<div class=\"swiper-slide\">\n\t\t\t<div class=\"slide-inner-wrap\">\n\t\t\t\t<div class=\"tf_lazy slide-image gallery-icon\"><a href=\"https:\/\/colegioconcepciontalca.cl\/wp-content\/uploads\/2025\/08\/08-1-scaled.jpeg\" class=\"themify_lightbox\"><img loading=\"lazy\" decoding=\"async\" width=\"2560\" height=\"2560\" src=\"https:\/\/colegioconcepciontalca.cl\/wp-content\/uploads\/2025\/08\/08-1-scaled.jpeg\" class=\"wp-post-image wp-image-16906\" title=\"08\" data-tf-not-load=\"1\" alt=\"08\" srcset=\"https:\/\/colegioconcepciontalca.cl\/wp-content\/uploads\/2025\/08\/08-1-scaled.jpeg 2560w, https:\/\/colegioconcepciontalca.cl\/wp-content\/uploads\/2025\/08\/08-1-300x300.jpeg 300w, https:\/\/colegioconcepciontalca.cl\/wp-content\/uploads\/2025\/08\/08-1-1024x1024.jpeg 1024w, https:\/\/colegioconcepciontalca.cl\/wp-content\/uploads\/2025\/08\/08-1-150x150.jpeg 150w, https:\/\/colegioconcepciontalca.cl\/wp-content\/uploads\/2025\/08\/08-1-768x768.jpeg 768w, https:\/\/colegioconcepciontalca.cl\/wp-content\/uploads\/2025\/08\/08-1-1536x1536.jpeg 1536w, https:\/\/colegioconcepciontalca.cl\/wp-content\/uploads\/2025\/08\/08-1-2048x2048.jpeg 2048w\" sizes=\"auto, (max-width: 2560px) 100vw, 2560px\" \/><\/a>\t\t\t\t<\/div>\n\t\t\t\t\t\t\t<\/div><\/div>\n\t\t\t\t\t<div class=\"swiper-slide\">\n\t\t\t<div class=\"slide-inner-wrap\">\n\t\t\t\t<div class=\"tf_lazy slide-image gallery-icon\"><a href=\"https:\/\/colegioconcepciontalca.cl\/wp-content\/uploads\/2025\/08\/09-1-scaled.jpeg\" class=\"themify_lightbox\"><img loading=\"lazy\" decoding=\"async\" width=\"2560\" height=\"2560\" src=\"https:\/\/colegioconcepciontalca.cl\/wp-content\/uploads\/2025\/08\/09-1-scaled.jpeg\" class=\"wp-post-image wp-image-16907\" title=\"09\" data-tf-not-load=\"1\" alt=\"09\" srcset=\"https:\/\/colegioconcepciontalca.cl\/wp-content\/uploads\/2025\/08\/09-1-scaled.jpeg 2560w, https:\/\/colegioconcepciontalca.cl\/wp-content\/uploads\/2025\/08\/09-1-300x300.jpeg 300w, https:\/\/colegioconcepciontalca.cl\/wp-content\/uploads\/2025\/08\/09-1-1024x1024.jpeg 1024w, https:\/\/colegioconcepciontalca.cl\/wp-content\/uploads\/2025\/08\/09-1-150x150.jpeg 150w, https:\/\/colegioconcepciontalca.cl\/wp-content\/uploads\/2025\/08\/09-1-768x768.jpeg 768w, https:\/\/colegioconcepciontalca.cl\/wp-content\/uploads\/2025\/08\/09-1-1536x1536.jpeg 1536w, https:\/\/colegioconcepciontalca.cl\/wp-content\/uploads\/2025\/08\/09-1-2048x2048.jpeg 2048w\" sizes=\"auto, (max-width: 2560px) 100vw, 2560px\" \/><\/a>\t\t\t\t<\/div>\n\t\t\t\t\t\t\t<\/div><\/div>\n\t\t\t\t\t<div class=\"swiper-slide\">\n\t\t\t<div class=\"slide-inner-wrap\">\n\t\t\t\t<div class=\"tf_lazy slide-image gallery-icon\"><a href=\"https:\/\/colegioconcepciontalca.cl\/wp-content\/uploads\/2025\/08\/10-1-scaled.jpeg\" class=\"themify_lightbox\"><img loading=\"lazy\" decoding=\"async\" width=\"2560\" height=\"2560\" src=\"https:\/\/colegioconcepciontalca.cl\/wp-content\/uploads\/2025\/08\/10-1-scaled.jpeg\" class=\"wp-post-image wp-image-16908\" title=\"10\" data-tf-not-load=\"1\" alt=\"10\" srcset=\"https:\/\/colegioconcepciontalca.cl\/wp-content\/uploads\/2025\/08\/10-1-scaled.jpeg 2560w, https:\/\/colegioconcepciontalca.cl\/wp-content\/uploads\/2025\/08\/10-1-300x300.jpeg 300w, https:\/\/colegioconcepciontalca.cl\/wp-content\/uploads\/2025\/08\/10-1-1024x1024.jpeg 1024w, https:\/\/colegioconcepciontalca.cl\/wp-content\/uploads\/2025\/08\/10-1-150x150.jpeg 150w, https:\/\/colegioconcepciontalca.cl\/wp-content\/uploads\/2025\/08\/10-1-768x768.jpeg 768w, https:\/\/colegioconcepciontalca.cl\/wp-content\/uploads\/2025\/08\/10-1-1536x1536.jpeg 1536w, https:\/\/colegioconcepciontalca.cl\/wp-content\/uploads\/2025\/08\/10-1-2048x2048.jpeg 2048w\" sizes=\"auto, (max-width: 2560px) 100vw, 2560px\" \/><\/a>\t\t\t\t<\/div>\n\t\t\t\t\t\t\t<\/div><\/div>\n\t\t\t\t\t<div class=\"swiper-slide\">\n\t\t\t<div class=\"slide-inner-wrap\">\n\t\t\t\t<div class=\"tf_lazy slide-image gallery-icon\"><a href=\"https:\/\/colegioconcepciontalca.cl\/wp-content\/uploads\/2025\/08\/11-1-scaled.jpeg\" class=\"themify_lightbox\"><img loading=\"lazy\" decoding=\"async\" width=\"2560\" height=\"2560\" src=\"https:\/\/colegioconcepciontalca.cl\/wp-content\/uploads\/2025\/08\/11-1-scaled.jpeg\" class=\"wp-post-image wp-image-16909\" title=\"11\" data-tf-not-load=\"1\" alt=\"11\" srcset=\"https:\/\/colegioconcepciontalca.cl\/wp-content\/uploads\/2025\/08\/11-1-scaled.jpeg 2560w, https:\/\/colegioconcepciontalca.cl\/wp-content\/uploads\/2025\/08\/11-1-300x300.jpeg 300w, https:\/\/colegioconcepciontalca.cl\/wp-content\/uploads\/2025\/08\/11-1-1024x1024.jpeg 1024w, https:\/\/colegioconcepciontalca.cl\/wp-content\/uploads\/2025\/08\/11-1-150x150.jpeg 150w, https:\/\/colegioconcepciontalca.cl\/wp-content\/uploads\/2025\/08\/11-1-768x768.jpeg 768w, https:\/\/colegioconcepciontalca.cl\/wp-content\/uploads\/2025\/08\/11-1-1536x1536.jpeg 1536w, https:\/\/colegioconcepciontalca.cl\/wp-content\/uploads\/2025\/08\/11-1-2048x2048.jpeg 2048w\" sizes=\"auto, (max-width: 2560px) 100vw, 2560px\" \/><\/a>\t\t\t\t<\/div>\n\t\t\t\t\t\t\t<\/div><\/div>\n\t\t\t\t\t<div class=\"swiper-slide\">\n\t\t\t<div class=\"slide-inner-wrap\">\n\t\t\t\t<div class=\"tf_lazy slide-image gallery-icon\"><a href=\"https:\/\/colegioconcepciontalca.cl\/wp-content\/uploads\/2025\/08\/12-1-scaled.jpeg\" class=\"themify_lightbox\"><img loading=\"lazy\" decoding=\"async\" width=\"2560\" height=\"2560\" src=\"https:\/\/colegioconcepciontalca.cl\/wp-content\/uploads\/2025\/08\/12-1-scaled.jpeg\" class=\"wp-post-image wp-image-16910\" title=\"12\" data-tf-not-load=\"1\" alt=\"12\" srcset=\"https:\/\/colegioconcepciontalca.cl\/wp-content\/uploads\/2025\/08\/12-1-scaled.jpeg 2560w, https:\/\/colegioconcepciontalca.cl\/wp-content\/uploads\/2025\/08\/12-1-300x300.jpeg 300w, https:\/\/colegioconcepciontalca.cl\/wp-content\/uploads\/2025\/08\/12-1-1024x1024.jpeg 1024w, https:\/\/colegioconcepciontalca.cl\/wp-content\/uploads\/2025\/08\/12-1-150x150.jpeg 150w, https:\/\/colegioconcepciontalca.cl\/wp-content\/uploads\/2025\/08\/12-1-768x768.jpeg 768w, https:\/\/colegioconcepciontalca.cl\/wp-content\/uploads\/2025\/08\/12-1-1536x1536.jpeg 1536w, https:\/\/colegioconcepciontalca.cl\/wp-content\/uploads\/2025\/08\/12-1-2048x2048.jpeg 2048w\" sizes=\"auto, (max-width: 2560px) 100vw, 2560px\" \/><\/a>\t\t\t\t<\/div>\n\t\t\t\t\t\t\t<\/div><\/div>\n\t\t\t\t\t<div class=\"swiper-slide\">\n\t\t\t<div class=\"slide-inner-wrap\">\n\t\t\t\t<div class=\"tf_lazy slide-image gallery-icon\"><a href=\"https:\/\/colegioconcepciontalca.cl\/wp-content\/uploads\/2025\/08\/13-1-scaled.jpeg\" class=\"themify_lightbox\"><img loading=\"lazy\" decoding=\"async\" width=\"2560\" height=\"2560\" src=\"https:\/\/colegioconcepciontalca.cl\/wp-content\/uploads\/2025\/08\/13-1-scaled.jpeg\" class=\"wp-post-image wp-image-16911\" title=\"13\" data-tf-not-load=\"1\" alt=\"13\" srcset=\"https:\/\/colegioconcepciontalca.cl\/wp-content\/uploads\/2025\/08\/13-1-scaled.jpeg 2560w, https:\/\/colegioconcepciontalca.cl\/wp-content\/uploads\/2025\/08\/13-1-300x300.jpeg 300w, https:\/\/colegioconcepciontalca.cl\/wp-content\/uploads\/2025\/08\/13-1-1024x1024.jpeg 1024w, https:\/\/colegioconcepciontalca.cl\/wp-content\/uploads\/2025\/08\/13-1-150x150.jpeg 150w, https:\/\/colegioconcepciontalca.cl\/wp-content\/uploads\/2025\/08\/13-1-768x768.jpeg 768w, https:\/\/colegioconcepciontalca.cl\/wp-content\/uploads\/2025\/08\/13-1-1536x1536.jpeg 1536w, https:\/\/colegioconcepciontalca.cl\/wp-content\/uploads\/2025\/08\/13-1-2048x2048.jpeg 2048w\" sizes=\"auto, (max-width: 2560px) 100vw, 2560px\" \/><\/a>\t\t\t\t<\/div>\n\t\t\t\t\t\t\t<\/div><\/div>\n\t\t\t\t\t<div class=\"swiper-slide\">\n\t\t\t<div class=\"slide-inner-wrap\">\n\t\t\t\t<div class=\"tf_lazy slide-image gallery-icon\"><a href=\"https:\/\/colegioconcepciontalca.cl\/wp-content\/uploads\/2025\/08\/14-1-scaled.jpeg\" class=\"themify_lightbox\"><img loading=\"lazy\" decoding=\"async\" width=\"2560\" height=\"2560\" src=\"https:\/\/colegioconcepciontalca.cl\/wp-content\/uploads\/2025\/08\/14-1-scaled.jpeg\" class=\"wp-post-image wp-image-16912\" title=\"14\" data-tf-not-load=\"1\" alt=\"14\" srcset=\"https:\/\/colegioconcepciontalca.cl\/wp-content\/uploads\/2025\/08\/14-1-scaled.jpeg 2560w, https:\/\/colegioconcepciontalca.cl\/wp-content\/uploads\/2025\/08\/14-1-300x300.jpeg 300w, https:\/\/colegioconcepciontalca.cl\/wp-content\/uploads\/2025\/08\/14-1-1024x1024.jpeg 1024w, https:\/\/colegioconcepciontalca.cl\/wp-content\/uploads\/2025\/08\/14-1-150x150.jpeg 150w, https:\/\/colegioconcepciontalca.cl\/wp-content\/uploads\/2025\/08\/14-1-768x768.jpeg 768w, https:\/\/colegioconcepciontalca.cl\/wp-content\/uploads\/2025\/08\/14-1-1536x1536.jpeg 1536w, https:\/\/colegioconcepciontalca.cl\/wp-content\/uploads\/2025\/08\/14-1-2048x2048.jpeg 2048w\" sizes=\"auto, (max-width: 2560px) 100vw, 2560px\" \/><\/a>\t\t\t\t<\/div>\n\t\t\t\t\t\t\t<\/div><\/div>\n\t\t\t<\/div>\n<\/div>\n                <div class=\"themify_builder_slider_vertical tf_rel\">\n    <div class=\"swiper-container tf_carousel themify_builder_slider themify_builder_slider_vertical tb_ic2k707_thumbs tf_rel tf_overflow\"\n\tdata-pager=\"1\"\n\t data-lazy=\"1\"\t        data-thumbs-id=\"tb_ic2k707_thumbs\"\n\t\tdata-visible=\"4\" \n\t\tdata-tbreakpoints=\"1280\"\n\t\tdata-mbreakpoints=\"680\"\n\t\tdata-tab-visible=\"0\"\n\t\tdata-mob-visible=\"0\"\n\t\t\t\tdata-auto=\"4\"\n\t\tdata-pause_hover=\"1\"\n\t\t\t\t\tdata-controller=\"0\"\n\t\t\t\tdata-speed=\"1\"\n\tdata-wrapvar=\"1\"\n\tdata-slider_nav=\"1\"\n\tdata-height=\"variable\"\n\t>\n\t<div class=\"swiper-wrapper tf_lazy tf_rel tf_w tf_h tf_textc\">\n\t\t\t\t\t<div class=\"swiper-slide\">\n\t\t\t<div class=\"slide-inner-wrap\">\n\t\t\t\t<div class=\"tf_lazy slide-image gallery-icon\"><img loading=\"lazy\" decoding=\"async\" src=\"https:\/\/colegioconcepciontalca.cl\/wp-content\/uploads\/2025\/08\/01-2-scaled-300x200.jpeg\" width=\"300\" height=\"200\" class=\"wp-post-image wp-image-16899\" title=\"01\" data-tf-not-load=\"1\" alt=\"01\">\t\t\t\t<\/div>\n\t\t\t\t\t\t\t<\/div><\/div>\n\t\t\t\t\t<div class=\"swiper-slide\">\n\t\t\t<div class=\"slide-inner-wrap\">\n\t\t\t\t<div class=\"tf_lazy slide-image gallery-icon\"><img loading=\"lazy\" decoding=\"async\" src=\"https:\/\/colegioconcepciontalca.cl\/wp-content\/uploads\/2025\/08\/02-2-scaled-300x200.jpeg\" width=\"300\" height=\"200\" class=\"wp-post-image wp-image-16900\" title=\"02\" data-tf-not-load=\"1\" alt=\"02\">\t\t\t\t<\/div>\n\t\t\t\t\t\t\t<\/div><\/div>\n\t\t\t\t\t<div class=\"swiper-slide\">\n\t\t\t<div class=\"slide-inner-wrap\">\n\t\t\t\t<div class=\"tf_lazy slide-image gallery-icon\"><img loading=\"lazy\" decoding=\"async\" src=\"https:\/\/colegioconcepciontalca.cl\/wp-content\/uploads\/2025\/08\/03-1-scaled-300x200.jpeg\" width=\"300\" height=\"200\" class=\"wp-post-image wp-image-16901\" title=\"03\" data-tf-not-load=\"1\" alt=\"03\">\t\t\t\t<\/div>\n\t\t\t\t\t\t\t<\/div><\/div>\n\t\t\t\t\t<div class=\"swiper-slide\">\n\t\t\t<div class=\"slide-inner-wrap\">\n\t\t\t\t<div class=\"tf_lazy slide-image gallery-icon\"><img loading=\"lazy\" decoding=\"async\" src=\"https:\/\/colegioconcepciontalca.cl\/wp-content\/uploads\/2025\/08\/04-1-scaled-300x200.jpeg\" width=\"300\" height=\"200\" class=\"wp-post-image wp-image-16902\" title=\"04\" data-tf-not-load=\"1\" alt=\"04\">\t\t\t\t<\/div>\n\t\t\t\t\t\t\t<\/div><\/div>\n\t\t\t\t\t<div class=\"swiper-slide\">\n\t\t\t<div class=\"slide-inner-wrap\">\n\t\t\t\t<div class=\"tf_lazy slide-image gallery-icon\"><img loading=\"lazy\" decoding=\"async\" src=\"https:\/\/colegioconcepciontalca.cl\/wp-content\/uploads\/2025\/08\/05-1-scaled-300x200.jpeg\" width=\"300\" height=\"200\" class=\"wp-post-image wp-image-16903\" title=\"05\" data-tf-not-load=\"1\" alt=\"05\">\t\t\t\t<\/div>\n\t\t\t\t\t\t\t<\/div><\/div>\n\t\t\t\t\t<div class=\"swiper-slide\">\n\t\t\t<div class=\"slide-inner-wrap\">\n\t\t\t\t<div class=\"tf_lazy slide-image gallery-icon\"><img loading=\"lazy\" decoding=\"async\" src=\"https:\/\/colegioconcepciontalca.cl\/wp-content\/uploads\/2025\/08\/06-1-scaled-300x200.jpeg\" width=\"300\" height=\"200\" class=\"wp-post-image wp-image-16904\" title=\"06\" data-tf-not-load=\"1\" alt=\"06\">\t\t\t\t<\/div>\n\t\t\t\t\t\t\t<\/div><\/div>\n\t\t\t\t\t<div class=\"swiper-slide\">\n\t\t\t<div class=\"slide-inner-wrap\">\n\t\t\t\t<div class=\"tf_lazy slide-image gallery-icon\"><img loading=\"lazy\" decoding=\"async\" src=\"https:\/\/colegioconcepciontalca.cl\/wp-content\/uploads\/2025\/08\/07-1-scaled-300x200.jpeg\" width=\"300\" height=\"200\" class=\"wp-post-image wp-image-16905\" title=\"07\" data-tf-not-load=\"1\" alt=\"07\">\t\t\t\t<\/div>\n\t\t\t\t\t\t\t<\/div><\/div>\n\t\t\t\t\t<div class=\"swiper-slide\">\n\t\t\t<div class=\"slide-inner-wrap\">\n\t\t\t\t<div class=\"tf_lazy slide-image gallery-icon\"><img loading=\"lazy\" decoding=\"async\" src=\"https:\/\/colegioconcepciontalca.cl\/wp-content\/uploads\/2025\/08\/08-1-scaled-300x200.jpeg\" width=\"300\" height=\"200\" class=\"wp-post-image wp-image-16906\" title=\"08\" data-tf-not-load=\"1\" alt=\"08\">\t\t\t\t<\/div>\n\t\t\t\t\t\t\t<\/div><\/div>\n\t\t\t\t\t<div class=\"swiper-slide\">\n\t\t\t<div class=\"slide-inner-wrap\">\n\t\t\t\t<div class=\"tf_lazy slide-image gallery-icon\"><img loading=\"lazy\" decoding=\"async\" src=\"https:\/\/colegioconcepciontalca.cl\/wp-content\/uploads\/2025\/08\/09-1-scaled-300x200.jpeg\" width=\"300\" height=\"200\" class=\"wp-post-image wp-image-16907\" title=\"09\" data-tf-not-load=\"1\" alt=\"09\">\t\t\t\t<\/div>\n\t\t\t\t\t\t\t<\/div><\/div>\n\t\t\t\t\t<div class=\"swiper-slide\">\n\t\t\t<div class=\"slide-inner-wrap\">\n\t\t\t\t<div class=\"tf_lazy slide-image gallery-icon\"><img loading=\"lazy\" decoding=\"async\" src=\"https:\/\/colegioconcepciontalca.cl\/wp-content\/uploads\/2025\/08\/10-1-scaled-300x200.jpeg\" width=\"300\" height=\"200\" class=\"wp-post-image wp-image-16908\" title=\"10\" data-tf-not-load=\"1\" alt=\"10\">\t\t\t\t<\/div>\n\t\t\t\t\t\t\t<\/div><\/div>\n\t\t\t\t\t<div class=\"swiper-slide\">\n\t\t\t<div class=\"slide-inner-wrap\">\n\t\t\t\t<div class=\"tf_lazy slide-image gallery-icon\"><img loading=\"lazy\" decoding=\"async\" src=\"https:\/\/colegioconcepciontalca.cl\/wp-content\/uploads\/2025\/08\/11-1-scaled-300x200.jpeg\" width=\"300\" height=\"200\" class=\"wp-post-image wp-image-16909\" title=\"11\" data-tf-not-load=\"1\" alt=\"11\">\t\t\t\t<\/div>\n\t\t\t\t\t\t\t<\/div><\/div>\n\t\t\t\t\t<div class=\"swiper-slide\">\n\t\t\t<div class=\"slide-inner-wrap\">\n\t\t\t\t<div class=\"tf_lazy slide-image gallery-icon\"><img loading=\"lazy\" decoding=\"async\" src=\"https:\/\/colegioconcepciontalca.cl\/wp-content\/uploads\/2025\/08\/12-1-scaled-300x200.jpeg\" width=\"300\" height=\"200\" class=\"wp-post-image wp-image-16910\" title=\"12\" data-tf-not-load=\"1\" alt=\"12\">\t\t\t\t<\/div>\n\t\t\t\t\t\t\t<\/div><\/div>\n\t\t\t\t\t<div class=\"swiper-slide\">\n\t\t\t<div class=\"slide-inner-wrap\">\n\t\t\t\t<div class=\"tf_lazy slide-image gallery-icon\"><img loading=\"lazy\" decoding=\"async\" src=\"https:\/\/colegioconcepciontalca.cl\/wp-content\/uploads\/2025\/08\/13-1-scaled-300x200.jpeg\" width=\"300\" height=\"200\" class=\"wp-post-image wp-image-16911\" title=\"13\" data-tf-not-load=\"1\" alt=\"13\">\t\t\t\t<\/div>\n\t\t\t\t\t\t\t<\/div><\/div>\n\t\t\t\t\t<div class=\"swiper-slide\">\n\t\t\t<div class=\"slide-inner-wrap\">\n\t\t\t\t<div class=\"tf_lazy slide-image gallery-icon\"><img loading=\"lazy\" decoding=\"async\" src=\"https:\/\/colegioconcepciontalca.cl\/wp-content\/uploads\/2025\/08\/14-1-scaled-300x200.jpeg\" width=\"300\" height=\"200\" class=\"wp-post-image wp-image-16912\" title=\"14\" data-tf-not-load=\"1\" alt=\"14\">\t\t\t\t<\/div>\n\t\t\t\t\t\t\t<\/div><\/div>\n\t\t\t<\/div>\n<\/div>\n            <\/div>\n    \n<\/div>\n<!-- \/module gallery -->\n\t        <\/div>\n\t    \t<\/div>\n\t\t    <\/div>\n\t    <!-- \/row_inner -->\n\t<\/div>\n\t<!-- \/module_row -->\n\t<\/div>\n<!--\/themify_builder_content--><!-- AddThis Advanced Settings generic via filter on the_content --><!-- AddThis Share Buttons generic via filter on the_content -->","protected":false},"excerpt":{"rendered":"<p>Con orgullo destacamos la participaci\u00f3n de nuestra estudiante Florencia Jaque Navas, del 6\u00b0 B\u00e1sico C del Colegio Concepci\u00f3n Talca, quien viaj\u00f3 a Cartagena de Indias, Colombia, para representar a Chile en el prestigioso certamen internacional Sundance Week 2025, junto a la reconocida Academia de Danza Marka.Florencia tuvo un destacado desempe\u00f1o, obteniendo el 3\u00b0 lugar en [&hellip;]<!-- AddThis Advanced Settings generic via filter on get_the_excerpt --><!-- AddThis Share Buttons generic via filter on get_the_excerpt --><\/p>\n","protected":false},"author":1,"featured_media":16899,"comment_status":"closed","ping_status":"closed","sticky":false,"template":"","format":"standard","meta":{"footnotes":""},"categories":[4],"tags":[],"class_list":["post-16898","post","type-post","status-publish","format-standard","has-post-thumbnail","hentry","category-noticias","has-post-title","has-post-date","has-post-category","has-post-tag","has-post-comment","has-post-author",""," cat-4"],"jetpack_featured_media_url":"https:\/\/colegioconcepciontalca.cl\/wp-content\/uploads\/2025\/08\/01-2-scaled.jpeg","builder_content":"Con orgullo destacamos la participaci\u00f3n de nuestra estudiante Florencia Jaque Navas, del 6\u00b0 B\u00e1sico C del Colegio Concepci\u00f3n Talca, quien viaj\u00f3 a Cartagena de Indias, Colombia, para representar a Chile en el prestigioso certamen internacional Sundance Week 2025, junto a la reconocida Academia de Danza Marka.Florencia tuvo un destacado desempe\u00f1o, obteniendo el 3\u00b0 lugar en su coreograf\u00eda solista de danzas \u00e1rabes, resultado que refleja su esfuerzo, dedicaci\u00f3n y talento art\u00edstico. Adem\u00e1s, particip\u00f3 en las modalidades grupales de show, danzas \u00e1rabes y danzas \u00e9tnicas, logrando en todas ellas el 1\u00b0 lugar, consolidando el excelente nivel del conjunto.\u00a0La Academia Marka fue la gran ganadora del evento, obteniendo un total de 32 primeros lugares, 10 segundos y 8 terceros, as\u00ed como reconocimientos especiales como:\u00a0<ul><li data-offset-key=\"atfpk-0-0\">Premio a la Mejor Coreograf\u00eda Grupal por \u201cSentir Pascuense\u201d (98,5 pts)<\/li><\/ul><ul><li data-offset-key=\"6e1q-0-0\">Reconocimiento de Honor al M\u00e9rito por los m\u00e1s altos puntajes en danzas \u00e9tnicas y polinesias<\/li><\/ul><ul><li data-offset-key=\"c87rd-0-0\">Trofeos Gran Sundance en las categor\u00edas Estudiante, Pre-Profesional y Profesional<\/li><\/ul><ul><li data-offset-key=\"57m79-0-0\">Reconocimiento como la Mejor Escuela del Festival<\/li><\/ul>\u00a0La directora art\u00edstica, Patricia Vera, agradeci\u00f3 a la comunidad y al equipo por este importante logro, destacando que la danza es un lenguaje de identidad, disciplina y transformaci\u00f3n.Este destacado desempe\u00f1o les permiti\u00f3 clasificar al Sudamericano Sundance Week Panam\u00e1 2026, abriendo nuevas puertas para el talento talquino a nivel continental.Felicitamos a Florencia y a toda la delegaci\u00f3n de la Academia Marka por su compromiso, excelencia y por dejar en alto el nombre de Talca y del Colegio Concepci\u00f3n Talca en un escenario internacional de gran prestigio. \u00a1Un orgullo para toda nuestra comunidad educativa!\n[gallery ids=\"16899,16900,16901,16902,16903,16904,16905,16906,16907,16908,16909,16910,16911,16912\"]","_links":{"self":[{"href":"https:\/\/colegioconcepciontalca.cl\/index.php\/wp-json\/wp\/v2\/posts\/16898","targetHints":{"allow":["GET"]}}],"collection":[{"href":"https:\/\/colegioconcepciontalca.cl\/index.php\/wp-json\/wp\/v2\/posts"}],"about":[{"href":"https:\/\/colegioconcepciontalca.cl\/index.php\/wp-json\/wp\/v2\/types\/post"}],"author":[{"embeddable":true,"href":"https:\/\/colegioconcepciontalca.cl\/index.php\/wp-json\/wp\/v2\/users\/1"}],"replies":[{"embeddable":true,"href":"https:\/\/colegioconcepciontalca.cl\/index.php\/wp-json\/wp\/v2\/comments?post=16898"}],"version-history":[{"count":1,"href":"https:\/\/colegioconcepciontalca.cl\/index.php\/wp-json\/wp\/v2\/posts\/16898\/revisions"}],"predecessor-version":[{"id":16913,"href":"https:\/\/colegioconcepciontalca.cl\/index.php\/wp-json\/wp\/v2\/posts\/16898\/revisions\/16913"}],"wp:featuredmedia":[{"embeddable":true,"href":"https:\/\/colegioconcepciontalca.cl\/index.php\/wp-json\/wp\/v2\/media\/16899"}],"wp:attachment":[{"href":"https:\/\/colegioconcepciontalca.cl\/index.php\/wp-json\/wp\/v2\/media?parent=16898"}],"wp:term":[{"taxonomy":"category","embeddable":true,"href":"https:\/\/colegioconcepciontalca.cl\/index.php\/wp-json\/wp\/v2\/categories?post=16898"},{"taxonomy":"post_tag","embeddable":true,"href":"https:\/\/colegioconcepciontalca.cl\/index.php\/wp-json\/wp\/v2\/tags?post=16898"}],"curies":[{"name":"wp","href":"https:\/\/api.w.org\/{rel}","templated":true}]}}