{"id":16828,"date":"2025-07-29T12:49:29","date_gmt":"2025-07-29T15:49:29","guid":{"rendered":"https:\/\/colegioconcepciontalca.cl\/?p=16828"},"modified":"2025-07-29T12:49:31","modified_gmt":"2025-07-29T15:49:31","slug":"eleonor-mallegas-arancibia-obtiene-el-2-lugar-en-campeonato-g3-de-la-region-de-ohiggins","status":"publish","type":"post","link":"https:\/\/colegioconcepciontalca.cl\/index.php\/2025\/07\/29\/eleonor-mallegas-arancibia-obtiene-el-2-lugar-en-campeonato-g3-de-la-region-de-ohiggins\/","title":{"rendered":"Eleonor Mallegas Arancibia obtiene el 2\u00b0 lugar en Campeonato G3 de la Regi\u00f3n de O\u2019Higgins"},"content":{"rendered":"<!--themify_builder_content-->\n<div id=\"themify_builder_content-16828\" data-postid=\"16828\" class=\"themify_builder_content themify_builder_content-16828 themify_builder tf_clear\">\n    \t<!-- module_row -->\n\t<div  data-lazy=\"1\" class=\"module_row themify_builder_row tb_0ngj635 tb_first tf_clearfix\">\n\t    \t\t<div class=\"row_inner col_align_top tf_box tf_w tf_rel\">\n\t\t\t<div  data-lazy=\"1\" class=\"module_column tb-column col-full first tb_7ci0635 tf_box\">\n\t    \t    \t        <div class=\"tb-column-inner tf_box tf_w\">\n\t\t    <!-- module text -->\n<div  class=\"module module-text tb_ryyz649   \" data-lazy=\"1\">\n            <div  class=\"tb_text_wrap\">\n    <p data-start=\"95\" data-end=\"364\">Con gran orgullo felicitamos a <strong data-start=\"126\" data-end=\"156\">Eleonor Mallegas Arancibia<\/strong>, estudiante de <strong data-start=\"172\" data-end=\"216\">6\u00b0 B\u00e1sico C del Colegio Concepci\u00f3n Talca<\/strong>, quien particip\u00f3 los d\u00edas <strong data-start=\"243\" data-end=\"271\">26 y 27 de julio de 2025<\/strong> en el <strong data-start=\"278\" data-end=\"321\">Campeonato G3 de la Regi\u00f3n de O\u2019Higgins<\/strong>, destac\u00e1ndose en la <strong data-start=\"342\" data-end=\"363\">categor\u00eda 12 a\u00f1os<\/strong>.<\/p><p data-start=\"366\" data-end=\"626\">Gracias a su notable desempe\u00f1o y perseverancia en cancha, <strong data-start=\"424\" data-end=\"454\">Eleonor obtuvo el 2\u00b0 lugar<\/strong>, demostrando nuevamente su talento, disciplina y pasi\u00f3n por el tenis, cualidades que la han posicionado como una de las j\u00f3venes promesas deportivas de nuestra instituci\u00f3n.<\/p><p data-start=\"628\" data-end=\"813\" data-is-last-node=\"\" data-is-only-node=\"\">Celebramos este nuevo logro, que refleja el fruto del esfuerzo constante y el compromiso deportivo. \u00a1Felicitaciones, Eleonor, por representar con excelencia al Colegio Concepci\u00f3n Talca!<\/p>    <\/div>\n<\/div>\n<!-- \/module text -->\t        <\/div>\n\t    \t<\/div>\n\t\t    <\/div>\n\t    <!-- \/row_inner -->\n\t<\/div>\n\t<!-- \/module_row -->\n\t\t<!-- module_row -->\n\t<div  data-lazy=\"1\" class=\"module_row themify_builder_row tb_1fnh182 tf_clearfix\">\n\t    \t\t<div class=\"row_inner col_align_top tf_box tf_w tf_rel\">\n\t\t\t<div  data-lazy=\"1\" class=\"module_column tb-column col-full first tb_sr6w182 tf_box\">\n\t    \t    \t        <div class=\"tb-column-inner tf_box tf_w\">\n\t\t    <!-- module gallery -->\n<div  class=\"module gallery module-gallery tb_iy2n200 layout-slider  \" data-lazy=\"1\">\n                <div class=\"swiper-container tf_carousel themify_builder_slider tf_rel tf_overflow\"\n\tdata-pager=\"0\"\n\t data-lazy=\"1\"\t\t\tdata-thumbs=\"tb_iy2n200_thumbs\"\n\t\tdata-effect=\"scroll\" \n\t\tdata-css_url=\"https:\/\/colegioconcepciontalca.cl\/wp-content\/themes\/themify-ultra\/themify\/themify-builder\/css\/modules\/sliders\/carousel.css,https:\/\/colegioconcepciontalca.cl\/wp-content\/themes\/themify-ultra\/themify\/themify-builder\/css\/modules\/sliders\/gallery.css\"\n\t\t\t\tdata-auto=\"4\"\n\t\tdata-pause_hover=\"1\"\n\t\t\t\tdata-speed=\"1\"\n\tdata-wrapvar=\"1\"\n\tdata-slider_nav=\"0\"\n\tdata-height=\"variable\"\n\t>\n\t<div class=\"swiper-wrapper tf_lazy tf_rel tf_w tf_h tf_textc\">\n\t\t\t\t\t<div class=\"swiper-slide\">\n\t\t\t<div class=\"slide-inner-wrap\">\n\t\t\t\t<div class=\"tf_lazy slide-image gallery-icon\"><a href=\"https:\/\/colegioconcepciontalca.cl\/wp-content\/uploads\/2025\/07\/01-1.jpg\" class=\"themify_lightbox\"><img loading=\"lazy\" decoding=\"async\" width=\"1200\" height=\"1500\" src=\"https:\/\/colegioconcepciontalca.cl\/wp-content\/uploads\/2025\/07\/01-1.jpg\" class=\"wp-post-image wp-image-16829\" title=\"01\" data-tf-not-load=\"1\" alt=\"01\" srcset=\"https:\/\/colegioconcepciontalca.cl\/wp-content\/uploads\/2025\/07\/01-1.jpg 1200w, https:\/\/colegioconcepciontalca.cl\/wp-content\/uploads\/2025\/07\/01-1-240x300.jpg 240w, https:\/\/colegioconcepciontalca.cl\/wp-content\/uploads\/2025\/07\/01-1-819x1024.jpg 819w, https:\/\/colegioconcepciontalca.cl\/wp-content\/uploads\/2025\/07\/01-1-768x960.jpg 768w\" sizes=\"auto, (max-width: 1200px) 100vw, 1200px\" \/><\/a>\t\t\t\t<\/div>\n\t\t\t\t\t\t\t<\/div><\/div>\n\t\t\t\t\t<div class=\"swiper-slide\">\n\t\t\t<div class=\"slide-inner-wrap\">\n\t\t\t\t<div class=\"tf_lazy slide-image gallery-icon\"><a href=\"https:\/\/colegioconcepciontalca.cl\/wp-content\/uploads\/2025\/07\/02-1.jpg\" class=\"themify_lightbox\"><img loading=\"lazy\" decoding=\"async\" width=\"1200\" height=\"1500\" src=\"https:\/\/colegioconcepciontalca.cl\/wp-content\/uploads\/2025\/07\/02-1.jpg\" class=\"wp-post-image wp-image-16830\" title=\"02\" data-tf-not-load=\"1\" alt=\"02\" srcset=\"https:\/\/colegioconcepciontalca.cl\/wp-content\/uploads\/2025\/07\/02-1.jpg 1200w, https:\/\/colegioconcepciontalca.cl\/wp-content\/uploads\/2025\/07\/02-1-240x300.jpg 240w, https:\/\/colegioconcepciontalca.cl\/wp-content\/uploads\/2025\/07\/02-1-819x1024.jpg 819w, https:\/\/colegioconcepciontalca.cl\/wp-content\/uploads\/2025\/07\/02-1-768x960.jpg 768w\" sizes=\"auto, (max-width: 1200px) 100vw, 1200px\" \/><\/a>\t\t\t\t<\/div>\n\t\t\t\t\t\t\t<\/div><\/div>\n\t\t\t<\/div>\n<\/div>\n                <div class=\"themify_builder_slider_vertical tf_rel\">\n    <div class=\"swiper-container tf_carousel themify_builder_slider themify_builder_slider_vertical tb_iy2n200_thumbs tf_rel tf_overflow\"\n\tdata-pager=\"1\"\n\t data-lazy=\"1\"\t        data-thumbs-id=\"tb_iy2n200_thumbs\"\n\t\tdata-visible=\"4\" \n\t\tdata-tbreakpoints=\"1280\"\n\t\tdata-mbreakpoints=\"680\"\n\t\tdata-tab-visible=\"0\"\n\t\tdata-mob-visible=\"0\"\n\t\t\t\tdata-auto=\"4\"\n\t\tdata-pause_hover=\"1\"\n\t\t\t\t\tdata-controller=\"0\"\n\t\t\t\tdata-speed=\"1\"\n\tdata-wrapvar=\"1\"\n\tdata-slider_nav=\"1\"\n\tdata-height=\"variable\"\n\t>\n\t<div class=\"swiper-wrapper tf_lazy tf_rel tf_w tf_h tf_textc\">\n\t\t\t\t\t<div class=\"swiper-slide\">\n\t\t\t<div class=\"slide-inner-wrap\">\n\t\t\t\t<div class=\"tf_lazy slide-image gallery-icon\"><img loading=\"lazy\" decoding=\"async\" src=\"https:\/\/colegioconcepciontalca.cl\/wp-content\/uploads\/2025\/07\/01-1-300x200.jpg\" width=\"300\" height=\"200\" class=\"wp-post-image wp-image-16829\" title=\"01\" data-tf-not-load=\"1\" alt=\"01\">\t\t\t\t<\/div>\n\t\t\t\t\t\t\t<\/div><\/div>\n\t\t\t\t\t<div class=\"swiper-slide\">\n\t\t\t<div class=\"slide-inner-wrap\">\n\t\t\t\t<div class=\"tf_lazy slide-image gallery-icon\"><img loading=\"lazy\" decoding=\"async\" src=\"https:\/\/colegioconcepciontalca.cl\/wp-content\/uploads\/2025\/07\/02-1-300x200.jpg\" width=\"300\" height=\"200\" class=\"wp-post-image wp-image-16830\" title=\"02\" data-tf-not-load=\"1\" alt=\"02\">\t\t\t\t<\/div>\n\t\t\t\t\t\t\t<\/div><\/div>\n\t\t\t<\/div>\n<\/div>\n            <\/div>\n    \n<\/div>\n<!-- \/module gallery -->\n\t        <\/div>\n\t    \t<\/div>\n\t\t    <\/div>\n\t    <!-- \/row_inner -->\n\t<\/div>\n\t<!-- \/module_row -->\n\t<\/div>\n<!--\/themify_builder_content--><!-- AddThis Advanced Settings generic via filter on the_content --><!-- AddThis Share Buttons generic via filter on the_content -->","protected":false},"excerpt":{"rendered":"<p>Con gran orgullo felicitamos a Eleonor Mallegas Arancibia, estudiante de 6\u00b0 B\u00e1sico C del Colegio Concepci\u00f3n Talca, quien particip\u00f3 los d\u00edas 26 y 27 de julio de 2025 en el Campeonato G3 de la Regi\u00f3n de O\u2019Higgins, destac\u00e1ndose en la categor\u00eda 12 a\u00f1os.Gracias a su notable desempe\u00f1o y perseverancia en cancha, Eleonor obtuvo el 2\u00b0 [&hellip;]<!-- AddThis Advanced Settings generic via filter on get_the_excerpt --><!-- AddThis Share Buttons generic via filter on get_the_excerpt --><\/p>\n","protected":false},"author":1,"featured_media":16829,"comment_status":"closed","ping_status":"closed","sticky":false,"template":"","format":"standard","meta":{"footnotes":""},"categories":[4],"tags":[],"class_list":["post-16828","post","type-post","status-publish","format-standard","has-post-thumbnail","hentry","category-noticias","has-post-title","has-post-date","has-post-category","has-post-tag","has-post-comment","has-post-author",""," cat-4"],"jetpack_featured_media_url":"https:\/\/colegioconcepciontalca.cl\/wp-content\/uploads\/2025\/07\/01-1.jpg","builder_content":"<p data-start=\"95\" data-end=\"364\">Con gran orgullo felicitamos a <strong data-start=\"126\" data-end=\"156\">Eleonor Mallegas Arancibia<\/strong>, estudiante de <strong data-start=\"172\" data-end=\"216\">6\u00b0 B\u00e1sico C del Colegio Concepci\u00f3n Talca<\/strong>, quien particip\u00f3 los d\u00edas <strong data-start=\"243\" data-end=\"271\">26 y 27 de julio de 2025<\/strong> en el <strong data-start=\"278\" data-end=\"321\">Campeonato G3 de la Regi\u00f3n de O\u2019Higgins<\/strong>, destac\u00e1ndose en la <strong data-start=\"342\" data-end=\"363\">categor\u00eda 12 a\u00f1os<\/strong>.<\/p><p data-start=\"366\" data-end=\"626\">Gracias a su notable desempe\u00f1o y perseverancia en cancha, <strong data-start=\"424\" data-end=\"454\">Eleonor obtuvo el 2\u00b0 lugar<\/strong>, demostrando nuevamente su talento, disciplina y pasi\u00f3n por el tenis, cualidades que la han posicionado como una de las j\u00f3venes promesas deportivas de nuestra instituci\u00f3n.<\/p><p data-start=\"628\" data-end=\"813\" data-is-last-node=\"\" data-is-only-node=\"\">Celebramos este nuevo logro, que refleja el fruto del esfuerzo constante y el compromiso deportivo. \u00a1Felicitaciones, Eleonor, por representar con excelencia al Colegio Concepci\u00f3n Talca!<\/p>\n[gallery ids=\"16829,16830\"]","_links":{"self":[{"href":"https:\/\/colegioconcepciontalca.cl\/index.php\/wp-json\/wp\/v2\/posts\/16828","targetHints":{"allow":["GET"]}}],"collection":[{"href":"https:\/\/colegioconcepciontalca.cl\/index.php\/wp-json\/wp\/v2\/posts"}],"about":[{"href":"https:\/\/colegioconcepciontalca.cl\/index.php\/wp-json\/wp\/v2\/types\/post"}],"author":[{"embeddable":true,"href":"https:\/\/colegioconcepciontalca.cl\/index.php\/wp-json\/wp\/v2\/users\/1"}],"replies":[{"embeddable":true,"href":"https:\/\/colegioconcepciontalca.cl\/index.php\/wp-json\/wp\/v2\/comments?post=16828"}],"version-history":[{"count":1,"href":"https:\/\/colegioconcepciontalca.cl\/index.php\/wp-json\/wp\/v2\/posts\/16828\/revisions"}],"predecessor-version":[{"id":16831,"href":"https:\/\/colegioconcepciontalca.cl\/index.php\/wp-json\/wp\/v2\/posts\/16828\/revisions\/16831"}],"wp:featuredmedia":[{"embeddable":true,"href":"https:\/\/colegioconcepciontalca.cl\/index.php\/wp-json\/wp\/v2\/media\/16829"}],"wp:attachment":[{"href":"https:\/\/colegioconcepciontalca.cl\/index.php\/wp-json\/wp\/v2\/media?parent=16828"}],"wp:term":[{"taxonomy":"category","embeddable":true,"href":"https:\/\/colegioconcepciontalca.cl\/index.php\/wp-json\/wp\/v2\/categories?post=16828"},{"taxonomy":"post_tag","embeddable":true,"href":"https:\/\/colegioconcepciontalca.cl\/index.php\/wp-json\/wp\/v2\/tags?post=16828"}],"curies":[{"name":"wp","href":"https:\/\/api.w.org\/{rel}","templated":true}]}}