{"id":16818,"date":"2025-07-28T17:38:35","date_gmt":"2025-07-28T20:38:35","guid":{"rendered":"https:\/\/colegioconcepciontalca.cl\/?p=16818"},"modified":"2025-07-28T17:38:37","modified_gmt":"2025-07-28T20:38:37","slug":"invitacion-charla-vocacional-demre","status":"publish","type":"post","link":"https:\/\/colegioconcepciontalca.cl\/index.php\/2025\/07\/28\/invitacion-charla-vocacional-demre\/","title":{"rendered":"INVITACI\u00d3N CHARLA VOCACIONAL DEMRE"},"content":{"rendered":"<!--themify_builder_content-->\n<div id=\"themify_builder_content-16818\" data-postid=\"16818\" class=\"themify_builder_content themify_builder_content-16818 themify_builder tf_clear\">\n    \t<!-- module_row -->\n\t<div  data-lazy=\"1\" class=\"module_row themify_builder_row tb_qosq310 tb_first tf_clearfix\">\n\t    \t\t<div class=\"row_inner col_align_top tf_box tf_w tf_rel\">\n\t\t\t<div  data-lazy=\"1\" class=\"module_column tb-column col-full first tb_xqb4310 tf_box\">\n\t    \t    \t        <div class=\"tb-column-inner tf_box tf_w\">\n\t\t    <!-- module text -->\n<div  class=\"module module-text tb_3cgb333   \" data-lazy=\"1\">\n            <div  class=\"tb_text_wrap\">\n    <p><strong>Estimados equipos directivos y estudiantes de 4\u00b0 medio:<\/strong><\/p><p>Tenemos el agrado de invitarles a una <strong>charla informativa<\/strong>\u00a0a cargo de la <strong>Sra. Leonor Varas<\/strong>, Directora del <strong>DEMRE (Departamento de Evaluaci\u00f3n, Medici\u00f3n y Registro Educacional)<\/strong>, organismo clave en el proceso de admisi\u00f3n a la educaci\u00f3n superior en Chile.<\/p><p><strong>Fecha:<\/strong>\u00a0Martes 07 de octubre<br \/><strong>Lugar:<\/strong>\u00a0Colegio Concepci\u00f3n Talca<br \/><strong>Horario:<\/strong><\/p><ul data-start=\"541\" data-end=\"743\"><li><strong>Acreditaci\u00f3n:<\/strong>\u00a011:30 horas<\/li><li><strong>Charla:<\/strong>\u00a012:00 a 13:30 horas<br \/><strong>Dirigido a:<\/strong>\u00a0Delegaci\u00f3n de estudiantes de 4\u00b0 medio, acompa\u00f1ados\/as por el\/la Jefe\/a de UTP y Orientador\/a del establecimiento.<\/li><\/ul><p>Esta instancia representa una oportunidad privilegiada para aclarar dudas, conocer las actualizaciones del proceso <strong>PAES 2025<\/strong>\u00a0y recibir orientaci\u00f3n directa desde el DEMRE.<\/p><p><strong>INSCRICPCIONES A:<\/strong><\/p><p><strong><a href=\"mailto:direccionformacion@cvctalca.cl\">direccionformacion@cvctalca.cl<\/a><\/strong><\/p><p>Esperamos contar con su presencia y participaci\u00f3n activa en esta jornada de orientaci\u00f3n y acompa\u00f1amiento vocacional.<\/p><p style=\"text-align: center;\"><strong>Direcci\u00f3n de Formaci\u00f3n\u00a0<\/strong><br \/>Colegio Concepci\u00f3n Talca<\/p>    <\/div>\n<\/div>\n<!-- \/module text -->\t        <\/div>\n\t    \t<\/div>\n\t\t    <\/div>\n\t    <!-- \/row_inner -->\n\t<\/div>\n\t<!-- \/module_row -->\n\t\t<!-- module_row -->\n\t<div  data-lazy=\"1\" class=\"module_row themify_builder_row tb_7fbv87 tf_clearfix\">\n\t    \t\t<div class=\"row_inner col_align_top tf_box tf_w tf_rel\">\n\t\t\t<div  data-lazy=\"1\" class=\"module_column tb-column col-full first tb_o1sp88 tf_box\">\n\t    \t    \t        <div class=\"tb-column-inner tf_box tf_w\">\n\t\t    <!-- module image -->\n<div  class=\"module module-image tb_zkvd105   image-top tf_mw\" data-lazy=\"1\">\n            <div class=\"image-wrap tf_rel tf_mw\">\n\t\t    <img loading=\"lazy\" decoding=\"async\" width=\"1080\" height=\"1350\" src=\"https:\/\/colegioconcepciontalca.cl\/wp-content\/uploads\/2025\/07\/CHARLA-LEONOR-VARAS-DEMRE-1.png\" class=\"wp-post-image wp-image-16819\" title=\"CHARLA LEONOR VARAS DEMRE (1)\" alt=\"CHARLA LEONOR VARAS DEMRE (1)\" srcset=\"https:\/\/colegioconcepciontalca.cl\/wp-content\/uploads\/2025\/07\/CHARLA-LEONOR-VARAS-DEMRE-1.png 1080w, https:\/\/colegioconcepciontalca.cl\/wp-content\/uploads\/2025\/07\/CHARLA-LEONOR-VARAS-DEMRE-1-240x300.png 240w, https:\/\/colegioconcepciontalca.cl\/wp-content\/uploads\/2025\/07\/CHARLA-LEONOR-VARAS-DEMRE-1-819x1024.png 819w, https:\/\/colegioconcepciontalca.cl\/wp-content\/uploads\/2025\/07\/CHARLA-LEONOR-VARAS-DEMRE-1-768x960.png 768w\" sizes=\"auto, (max-width: 1080px) 100vw, 1080px\" \/>\t\n\t\t<\/div>\n\t<!-- \/image-wrap -->\n    \n    \n<\/div>\n<!-- \/module image -->\t        <\/div>\n\t    \t<\/div>\n\t\t    <\/div>\n\t    <!-- \/row_inner -->\n\t<\/div>\n\t<!-- \/module_row -->\n\t<\/div>\n<!--\/themify_builder_content--><!-- AddThis Advanced Settings generic via filter on the_content --><!-- AddThis Share Buttons generic via filter on the_content -->","protected":false},"excerpt":{"rendered":"<p>Estimados equipos directivos y estudiantes de 4\u00b0 medio:Tenemos el agrado de invitarles a una charla informativa\u00a0a cargo de la Sra. Leonor Varas, Directora del DEMRE (Departamento de Evaluaci\u00f3n, Medici\u00f3n y Registro Educacional), organismo clave en el proceso de admisi\u00f3n a la educaci\u00f3n superior en Chile.Fecha:\u00a0Martes 07 de octubreLugar:\u00a0Colegio Concepci\u00f3n TalcaHorario:Acreditaci\u00f3n:\u00a011:30 horasCharla:\u00a012:00 a 13:30 horasDirigido a:\u00a0Delegaci\u00f3n [&hellip;]<!-- AddThis Advanced Settings generic via filter on get_the_excerpt --><!-- AddThis Share Buttons generic via filter on get_the_excerpt --><\/p>\n","protected":false},"author":1,"featured_media":16819,"comment_status":"closed","ping_status":"closed","sticky":false,"template":"","format":"standard","meta":{"footnotes":""},"categories":[4],"tags":[],"class_list":["post-16818","post","type-post","status-publish","format-standard","has-post-thumbnail","hentry","category-noticias","has-post-title","has-post-date","has-post-category","has-post-tag","has-post-comment","has-post-author",""," cat-4"],"jetpack_featured_media_url":"https:\/\/colegioconcepciontalca.cl\/wp-content\/uploads\/2025\/07\/CHARLA-LEONOR-VARAS-DEMRE-1.png","builder_content":"<p><strong>Estimados equipos directivos y estudiantes de 4\u00b0 medio:<\/strong><\/p><p>Tenemos el agrado de invitarles a una <strong>charla informativa<\/strong>\u00a0a cargo de la <strong>Sra. Leonor Varas<\/strong>, Directora del <strong>DEMRE (Departamento de Evaluaci\u00f3n, Medici\u00f3n y Registro Educacional)<\/strong>, organismo clave en el proceso de admisi\u00f3n a la educaci\u00f3n superior en Chile.<\/p><p><strong>Fecha:<\/strong>\u00a0Martes 07 de octubre<br \/><strong>Lugar:<\/strong>\u00a0Colegio Concepci\u00f3n Talca<br \/><strong>Horario:<\/strong><\/p><ul data-start=\"541\" data-end=\"743\"><li><strong>Acreditaci\u00f3n:<\/strong>\u00a011:30 horas<\/li><li><strong>Charla:<\/strong>\u00a012:00 a 13:30 horas<br \/><strong>Dirigido a:<\/strong>\u00a0Delegaci\u00f3n de estudiantes de 4\u00b0 medio, acompa\u00f1ados\/as por el\/la Jefe\/a de UTP y Orientador\/a del establecimiento.<\/li><\/ul><p>Esta instancia representa una oportunidad privilegiada para aclarar dudas, conocer las actualizaciones del proceso <strong>PAES 2025<\/strong>\u00a0y recibir orientaci\u00f3n directa desde el DEMRE.<\/p><p><strong>INSCRICPCIONES A:<\/strong><\/p><p><strong><a href=\"mailto:direccionformacion@cvctalca.cl\">direccionformacion@cvctalca.cl<\/a><\/strong><\/p><p>Esperamos contar con su presencia y participaci\u00f3n activa en esta jornada de orientaci\u00f3n y acompa\u00f1amiento vocacional.<\/p><p style=\"text-align: center;\"><strong>Direcci\u00f3n de Formaci\u00f3n\u00a0<\/strong><br \/>Colegio Concepci\u00f3n Talca<\/p>\n<img loading=\"lazy\" decoding=\"async\" width=\"1080\" height=\"1350\" src=\"https:\/\/colegioconcepciontalca.cl\/wp-content\/uploads\/2025\/07\/CHARLA-LEONOR-VARAS-DEMRE-1.png\" title=\"CHARLA LEONOR VARAS DEMRE (1)\" alt=\"CHARLA LEONOR VARAS DEMRE (1)\" srcset=\"https:\/\/colegioconcepciontalca.cl\/wp-content\/uploads\/2025\/07\/CHARLA-LEONOR-VARAS-DEMRE-1.png 1080w, https:\/\/colegioconcepciontalca.cl\/wp-content\/uploads\/2025\/07\/CHARLA-LEONOR-VARAS-DEMRE-1-240x300.png 240w, https:\/\/colegioconcepciontalca.cl\/wp-content\/uploads\/2025\/07\/CHARLA-LEONOR-VARAS-DEMRE-1-819x1024.png 819w, https:\/\/colegioconcepciontalca.cl\/wp-content\/uploads\/2025\/07\/CHARLA-LEONOR-VARAS-DEMRE-1-768x960.png 768w\" sizes=\"auto, (max-width: 1080px) 100vw, 1080px\" \/>","_links":{"self":[{"href":"https:\/\/colegioconcepciontalca.cl\/index.php\/wp-json\/wp\/v2\/posts\/16818","targetHints":{"allow":["GET"]}}],"collection":[{"href":"https:\/\/colegioconcepciontalca.cl\/index.php\/wp-json\/wp\/v2\/posts"}],"about":[{"href":"https:\/\/colegioconcepciontalca.cl\/index.php\/wp-json\/wp\/v2\/types\/post"}],"author":[{"embeddable":true,"href":"https:\/\/colegioconcepciontalca.cl\/index.php\/wp-json\/wp\/v2\/users\/1"}],"replies":[{"embeddable":true,"href":"https:\/\/colegioconcepciontalca.cl\/index.php\/wp-json\/wp\/v2\/comments?post=16818"}],"version-history":[{"count":1,"href":"https:\/\/colegioconcepciontalca.cl\/index.php\/wp-json\/wp\/v2\/posts\/16818\/revisions"}],"predecessor-version":[{"id":16820,"href":"https:\/\/colegioconcepciontalca.cl\/index.php\/wp-json\/wp\/v2\/posts\/16818\/revisions\/16820"}],"wp:featuredmedia":[{"embeddable":true,"href":"https:\/\/colegioconcepciontalca.cl\/index.php\/wp-json\/wp\/v2\/media\/16819"}],"wp:attachment":[{"href":"https:\/\/colegioconcepciontalca.cl\/index.php\/wp-json\/wp\/v2\/media?parent=16818"}],"wp:term":[{"taxonomy":"category","embeddable":true,"href":"https:\/\/colegioconcepciontalca.cl\/index.php\/wp-json\/wp\/v2\/categories?post=16818"},{"taxonomy":"post_tag","embeddable":true,"href":"https:\/\/colegioconcepciontalca.cl\/index.php\/wp-json\/wp\/v2\/tags?post=16818"}],"curies":[{"name":"wp","href":"https:\/\/api.w.org\/{rel}","templated":true}]}}