{"id":16805,"date":"2025-07-28T13:02:04","date_gmt":"2025-07-28T16:02:04","guid":{"rendered":"https:\/\/colegioconcepciontalca.cl\/?p=16805"},"modified":"2025-07-28T13:02:06","modified_gmt":"2025-07-28T16:02:06","slug":"destacada-participacion-en-el-campeonato-interescolar-soprole-de-natacion","status":"publish","type":"post","link":"https:\/\/colegioconcepciontalca.cl\/index.php\/2025\/07\/28\/destacada-participacion-en-el-campeonato-interescolar-soprole-de-natacion\/","title":{"rendered":"Destacada Participaci\u00f3n en el Campeonato Interescolar Soprole de Nataci\u00f3n"},"content":{"rendered":"<!--themify_builder_content-->\n<div id=\"themify_builder_content-16805\" data-postid=\"16805\" class=\"themify_builder_content themify_builder_content-16805 themify_builder tf_clear\">\n    \t<!-- module_row -->\n\t<div  data-lazy=\"1\" class=\"module_row themify_builder_row tb_rt7x492 tb_first tf_clearfix\">\n\t    \t\t<div class=\"row_inner col_align_top tf_box tf_w tf_rel\">\n\t\t\t<div  data-lazy=\"1\" class=\"module_column tb-column col-full first tb_pzb5492 tf_box\">\n\t    \t    \t        <div class=\"tb-column-inner tf_box tf_w\">\n\t\t    <!-- module text -->\n<div  class=\"module module-text tb_7jk3510   \" data-lazy=\"1\">\n            <div  class=\"tb_text_wrap\">\n    <p>Con gran orgullo queremos felicitar a nuestros talentosos nadadores y nadadoras que representaron a nuestro colegio en el Campeonato Interescolar Soprole de Nataci\u00f3n, logrando un meritorio cuarto lugar entre 91 colegios participantes.<\/p><p>Nuestros estudiantes demostraron compromiso, esfuerzo y un gran esp\u00edritu deportivo durante toda la competencia. \u00a1Felicitaciones a:<\/p><p><\/p><ul><li>Rosario Abarza<\/li><li>Florencia Aguayo Jim\u00e9nez<\/li><li>Rafael Erazo<\/li><li>Luciana Gonz\u00e1lez Barr\u00eda<\/li><li>Joaqu\u00edn Gonz\u00e1lez Barr\u00eda<\/li><li>Mar\u00eda Jes\u00fas Iba\u00f1ez Troncoso<\/li><li>Sebasti\u00e1n Jaramillo<\/li><li>Fabiana Mogoll\u00f3n<\/li><li>Bel\u00e9n Moya Jim\u00e9nez<\/li><li>Miguel Mu\u00f1oz Aliaga<\/li><li>Valentina Rivas<\/li><li>Bruno Rojas<\/li><li>Francisca Rojas<\/li><li>M\u00e1ximo Rojas<\/li><li>Isabel Sequeida<\/li><li>Amanda Tapia<\/li><li>Javiera Varas<\/li><li>Amanda Venegas<\/li><li>Joaqu\u00edn Villagra<\/li><\/ul><p><\/p><p>Su dedicaci\u00f3n y esp\u00edritu de equipo son un verdadero ejemplo para toda la comunidad escolar. \u00a1Gracias por dejar el nombre del colegio en lo m\u00e1s alto!<\/p>    <\/div>\n<\/div>\n<!-- \/module text -->\t        <\/div>\n\t    \t<\/div>\n\t\t    <\/div>\n\t    <!-- \/row_inner -->\n\t<\/div>\n\t<!-- \/module_row -->\n\t\t<!-- module_row -->\n\t<div  data-lazy=\"1\" class=\"module_row themify_builder_row tb_xs6b826 tf_clearfix\">\n\t    \t\t<div class=\"row_inner col_align_top tf_box tf_w tf_rel\">\n\t\t\t<div  data-lazy=\"1\" class=\"module_column tb-column col-full first tb_si5k826 tf_box\">\n\t    \t    \t        <div class=\"tb-column-inner tf_box tf_w\">\n\t\t    <!-- module image -->\n<div  class=\"module module-image tb_rqfq851   image-top tf_mw\" data-lazy=\"1\">\n            <div class=\"image-wrap tf_rel tf_mw\">\n\t\t    <img loading=\"lazy\" decoding=\"async\" width=\"1600\" height=\"1200\" src=\"https:\/\/colegioconcepciontalca.cl\/wp-content\/uploads\/2025\/07\/Interescolar-Soprole-de-Natacion.jpg\" class=\"wp-post-image wp-image-16806\" title=\"Interescolar Soprole de Nataci\u00f3n\" alt=\"Interescolar Soprole de Nataci\u00f3n\" srcset=\"https:\/\/colegioconcepciontalca.cl\/wp-content\/uploads\/2025\/07\/Interescolar-Soprole-de-Natacion.jpg 1600w, https:\/\/colegioconcepciontalca.cl\/wp-content\/uploads\/2025\/07\/Interescolar-Soprole-de-Natacion-300x225.jpg 300w, https:\/\/colegioconcepciontalca.cl\/wp-content\/uploads\/2025\/07\/Interescolar-Soprole-de-Natacion-1024x768.jpg 1024w, https:\/\/colegioconcepciontalca.cl\/wp-content\/uploads\/2025\/07\/Interescolar-Soprole-de-Natacion-768x576.jpg 768w, https:\/\/colegioconcepciontalca.cl\/wp-content\/uploads\/2025\/07\/Interescolar-Soprole-de-Natacion-1536x1152.jpg 1536w\" sizes=\"auto, (max-width: 1600px) 100vw, 1600px\" \/>\t\n\t\t<\/div>\n\t<!-- \/image-wrap -->\n    \n    \n<\/div>\n<!-- \/module image -->\t        <\/div>\n\t    \t<\/div>\n\t\t    <\/div>\n\t    <!-- \/row_inner -->\n\t<\/div>\n\t<!-- \/module_row -->\n\t<\/div>\n<!--\/themify_builder_content--><!-- AddThis Advanced Settings generic via filter on the_content --><!-- AddThis Share Buttons generic via filter on the_content -->","protected":false},"excerpt":{"rendered":"<p>Con gran orgullo queremos felicitar a nuestros talentosos nadadores y nadadoras que representaron a nuestro colegio en el Campeonato Interescolar Soprole de Nataci\u00f3n, logrando un meritorio cuarto lugar entre 91 colegios participantes.Nuestros estudiantes demostraron compromiso, esfuerzo y un gran esp\u00edritu deportivo durante toda la competencia. \u00a1Felicitaciones a:Rosario AbarzaFlorencia Aguayo Jim\u00e9nezRafael ErazoLuciana Gonz\u00e1lez Barr\u00edaJoaqu\u00edn Gonz\u00e1lez Barr\u00edaMar\u00eda [&hellip;]<!-- AddThis Advanced Settings generic via filter on get_the_excerpt --><!-- AddThis Share Buttons generic via filter on get_the_excerpt --><\/p>\n","protected":false},"author":1,"featured_media":16806,"comment_status":"closed","ping_status":"closed","sticky":false,"template":"","format":"standard","meta":{"footnotes":""},"categories":[4],"tags":[],"class_list":["post-16805","post","type-post","status-publish","format-standard","has-post-thumbnail","hentry","category-noticias","has-post-title","has-post-date","has-post-category","has-post-tag","has-post-comment","has-post-author",""," cat-4"],"jetpack_featured_media_url":"https:\/\/colegioconcepciontalca.cl\/wp-content\/uploads\/2025\/07\/Interescolar-Soprole-de-Natacion.jpg","builder_content":"<p>Con gran orgullo queremos felicitar a nuestros talentosos nadadores y nadadoras que representaron a nuestro colegio en el Campeonato Interescolar Soprole de Nataci\u00f3n, logrando un meritorio cuarto lugar entre 91 colegios participantes.<\/p><p>Nuestros estudiantes demostraron compromiso, esfuerzo y un gran esp\u00edritu deportivo durante toda la competencia. \u00a1Felicitaciones a:<\/p><p><\/p><ul><li>Rosario Abarza<\/li><li>Florencia Aguayo Jim\u00e9nez<\/li><li>Rafael Erazo<\/li><li>Luciana Gonz\u00e1lez Barr\u00eda<\/li><li>Joaqu\u00edn Gonz\u00e1lez Barr\u00eda<\/li><li>Mar\u00eda Jes\u00fas Iba\u00f1ez Troncoso<\/li><li>Sebasti\u00e1n Jaramillo<\/li><li>Fabiana Mogoll\u00f3n<\/li><li>Bel\u00e9n Moya Jim\u00e9nez<\/li><li>Miguel Mu\u00f1oz Aliaga<\/li><li>Valentina Rivas<\/li><li>Bruno Rojas<\/li><li>Francisca Rojas<\/li><li>M\u00e1ximo Rojas<\/li><li>Isabel Sequeida<\/li><li>Amanda Tapia<\/li><li>Javiera Varas<\/li><li>Amanda Venegas<\/li><li>Joaqu\u00edn Villagra<\/li><\/ul><p><\/p><p>Su dedicaci\u00f3n y esp\u00edritu de equipo son un verdadero ejemplo para toda la comunidad escolar. \u00a1Gracias por dejar el nombre del colegio en lo m\u00e1s alto!<\/p>\n<img loading=\"lazy\" decoding=\"async\" width=\"1600\" height=\"1200\" src=\"https:\/\/colegioconcepciontalca.cl\/wp-content\/uploads\/2025\/07\/Interescolar-Soprole-de-Natacion.jpg\" title=\"Interescolar Soprole de Nataci\u00f3n\" alt=\"Interescolar Soprole de Nataci\u00f3n\" srcset=\"https:\/\/colegioconcepciontalca.cl\/wp-content\/uploads\/2025\/07\/Interescolar-Soprole-de-Natacion.jpg 1600w, https:\/\/colegioconcepciontalca.cl\/wp-content\/uploads\/2025\/07\/Interescolar-Soprole-de-Natacion-300x225.jpg 300w, https:\/\/colegioconcepciontalca.cl\/wp-content\/uploads\/2025\/07\/Interescolar-Soprole-de-Natacion-1024x768.jpg 1024w, https:\/\/colegioconcepciontalca.cl\/wp-content\/uploads\/2025\/07\/Interescolar-Soprole-de-Natacion-768x576.jpg 768w, https:\/\/colegioconcepciontalca.cl\/wp-content\/uploads\/2025\/07\/Interescolar-Soprole-de-Natacion-1536x1152.jpg 1536w\" sizes=\"auto, (max-width: 1600px) 100vw, 1600px\" \/>","_links":{"self":[{"href":"https:\/\/colegioconcepciontalca.cl\/index.php\/wp-json\/wp\/v2\/posts\/16805","targetHints":{"allow":["GET"]}}],"collection":[{"href":"https:\/\/colegioconcepciontalca.cl\/index.php\/wp-json\/wp\/v2\/posts"}],"about":[{"href":"https:\/\/colegioconcepciontalca.cl\/index.php\/wp-json\/wp\/v2\/types\/post"}],"author":[{"embeddable":true,"href":"https:\/\/colegioconcepciontalca.cl\/index.php\/wp-json\/wp\/v2\/users\/1"}],"replies":[{"embeddable":true,"href":"https:\/\/colegioconcepciontalca.cl\/index.php\/wp-json\/wp\/v2\/comments?post=16805"}],"version-history":[{"count":1,"href":"https:\/\/colegioconcepciontalca.cl\/index.php\/wp-json\/wp\/v2\/posts\/16805\/revisions"}],"predecessor-version":[{"id":16807,"href":"https:\/\/colegioconcepciontalca.cl\/index.php\/wp-json\/wp\/v2\/posts\/16805\/revisions\/16807"}],"wp:featuredmedia":[{"embeddable":true,"href":"https:\/\/colegioconcepciontalca.cl\/index.php\/wp-json\/wp\/v2\/media\/16806"}],"wp:attachment":[{"href":"https:\/\/colegioconcepciontalca.cl\/index.php\/wp-json\/wp\/v2\/media?parent=16805"}],"wp:term":[{"taxonomy":"category","embeddable":true,"href":"https:\/\/colegioconcepciontalca.cl\/index.php\/wp-json\/wp\/v2\/categories?post=16805"},{"taxonomy":"post_tag","embeddable":true,"href":"https:\/\/colegioconcepciontalca.cl\/index.php\/wp-json\/wp\/v2\/tags?post=16805"}],"curies":[{"name":"wp","href":"https:\/\/api.w.org\/{rel}","templated":true}]}}