{"id":16717,"date":"2025-07-21T17:47:40","date_gmt":"2025-07-21T20:47:40","guid":{"rendered":"https:\/\/colegioconcepciontalca.cl\/?p=16717"},"modified":"2025-07-21T17:47:43","modified_gmt":"2025-07-21T20:47:43","slug":"emilio-y-santiago-araya-destacan-a-nivel-nacional-en-la-copa-del-lago-de-taekwondo","status":"publish","type":"post","link":"https:\/\/colegioconcepciontalca.cl\/index.php\/2025\/07\/21\/emilio-y-santiago-araya-destacan-a-nivel-nacional-en-la-copa-del-lago-de-taekwondo\/","title":{"rendered":"Emilio y Santiago Araya destacan a nivel nacional en la Copa del Lago de Taekwondo"},"content":{"rendered":"<!--themify_builder_content-->\n<div id=\"themify_builder_content-16717\" data-postid=\"16717\" class=\"themify_builder_content themify_builder_content-16717 themify_builder tf_clear\">\n    \t<!-- module_row -->\n\t<div  data-lazy=\"1\" class=\"module_row themify_builder_row tb_vk4r987 tb_first tf_clearfix\">\n\t    \t\t<div class=\"row_inner col_align_top tf_box tf_w tf_rel\">\n\t\t\t<div  data-lazy=\"1\" class=\"module_column tb-column col-full first tb_qtul987 tf_box\">\n\t    \t    \t        <div class=\"tb-column-inner tf_box tf_w\">\n\t\t    <!-- module text -->\n<div  class=\"module module-text tb_6xlc3   \" data-lazy=\"1\">\n            <div  class=\"tb_text_wrap\">\n    <p data-start=\"110\" data-end=\"409\">Durante los d\u00edas <strong data-start=\"127\" data-end=\"151\">18, 19 y 20 de julio<\/strong>, se disput\u00f3 en la ciudad de <strong data-start=\"180\" data-end=\"195\">Panguipulli<\/strong>, Regi\u00f3n de Los R\u00edos, la <strong data-start=\"220\" data-end=\"250\">Copa del Lago de Taekwondo<\/strong>, correspondiente a la <strong data-start=\"273\" data-end=\"318\">3\u00aa Fecha de la Liga Nacional de Taekwondo<\/strong>, instancia clave del circuito nacional que re\u00fane a destacados deportistas de todo el pa\u00eds.<\/p><p data-start=\"411\" data-end=\"669\">En esta importante competencia, los estudiantes del <strong data-start=\"463\" data-end=\"491\">Colegio Concepci\u00f3n Talca<\/strong>, <strong data-start=\"493\" data-end=\"516\">Emilio Araya (8\u00b0 C)<\/strong> y <strong data-start=\"519\" data-end=\"544\">Santiago Araya (5\u00b0 A)<\/strong>, tuvieron una <strong data-start=\"559\" data-end=\"613\">sobresaliente participaci\u00f3n en la categor\u00eda cadete<\/strong>, representando a su escuela <strong data-start=\"642\" data-end=\"668\">Club Panthehonor Talca<\/strong>.<\/p><ul><li data-start=\"673\" data-end=\"775\"><strong data-start=\"676\" data-end=\"692\">Emilio Araya<\/strong> obtuvo <strong data-start=\"700\" data-end=\"720\">medalla de plata<\/strong>, demostrando gran t\u00e9cnica y entrega en cada combate.<\/li><li data-start=\"778\" data-end=\"880\"><strong data-start=\"781\" data-end=\"799\">Santiago Araya<\/strong> se adjudic\u00f3 la <strong data-start=\"815\" data-end=\"836\">medalla de bronce<\/strong>, destac\u00e1ndose por su esfuerzo y constancia.<\/li><\/ul><p data-start=\"882\" data-end=\"1079\">Adem\u00e1s, el <strong data-start=\"893\" data-end=\"919\">Club Panthehonor Talca<\/strong> fue premiado como <strong data-start=\"938\" data-end=\"986\">primer lugar nacional en la categor\u00eda cadete<\/strong>, consolidando su liderazgo y el excelente trabajo formativo que realiza con sus deportistas.<\/p><p data-start=\"1081\" data-end=\"1328\">Cabe destacar que este torneo es parte del proceso clasificatorio hacia la <strong data-start=\"1156\" data-end=\"1170\">Copa Chile<\/strong>, evento que re\u00fane a los <strong data-start=\"1195\" data-end=\"1259\">cuatro mejores exponentes de cada categor\u00eda a nivel nacional<\/strong>, lo que resalta a\u00fan m\u00e1s el m\u00e9rito y proyecci\u00f3n de ambos estudiantes.<\/p><p data-start=\"1330\" data-end=\"1546\" data-is-last-node=\"\" data-is-only-node=\"\">Felicitamos a Emilio y Santiago por su compromiso, disciplina y logros obtenidos, y les deseamos el mayor de los \u00e9xitos en los pr\u00f3ximos desaf\u00edos deportivos. \u00a1Orgullo para el Colegio Concepci\u00f3n Talca y para la regi\u00f3n!<\/p>    <\/div>\n<\/div>\n<!-- \/module text -->\t        <\/div>\n\t    \t<\/div>\n\t\t    <\/div>\n\t    <!-- \/row_inner -->\n\t<\/div>\n\t<!-- \/module_row -->\n\t\t<!-- module_row -->\n\t<div  data-lazy=\"1\" class=\"module_row themify_builder_row tb_cjwo237 tf_clearfix\">\n\t    \t\t<div class=\"row_inner col_align_top tf_box tf_w tf_rel\">\n\t\t\t<div  data-lazy=\"1\" class=\"module_column tb-column col-full first tb_rido237 tf_box\">\n\t    \t    \t        <div class=\"tb-column-inner tf_box tf_w\">\n\t\t    <!-- module gallery -->\n<div  class=\"module gallery module-gallery tb_9nin252 layout-slider  \" data-lazy=\"1\">\n                <div class=\"swiper-container tf_carousel themify_builder_slider tf_rel tf_overflow\"\n\tdata-pager=\"0\"\n\t data-lazy=\"1\"\t\t\tdata-thumbs=\"tb_9nin252_thumbs\"\n\t\tdata-effect=\"scroll\" \n\t\tdata-css_url=\"https:\/\/colegioconcepciontalca.cl\/wp-content\/themes\/themify-ultra\/themify\/themify-builder\/css\/modules\/sliders\/carousel.css,https:\/\/colegioconcepciontalca.cl\/wp-content\/themes\/themify-ultra\/themify\/themify-builder\/css\/modules\/sliders\/gallery.css\"\n\t\t\t\tdata-auto=\"4\"\n\t\tdata-pause_hover=\"1\"\n\t\t\t\tdata-speed=\"1\"\n\tdata-wrapvar=\"1\"\n\tdata-slider_nav=\"0\"\n\tdata-height=\"variable\"\n\t>\n\t<div class=\"swiper-wrapper tf_lazy tf_rel tf_w tf_h tf_textc\">\n\t\t\t\t\t<div class=\"swiper-slide\">\n\t\t\t<div class=\"slide-inner-wrap\">\n\t\t\t\t<div class=\"tf_lazy slide-image gallery-icon\"><a href=\"https:\/\/colegioconcepciontalca.cl\/wp-content\/uploads\/2025\/07\/01-3-scaled.jpeg\" class=\"themify_lightbox\"><img loading=\"lazy\" decoding=\"async\" width=\"2560\" height=\"2560\" src=\"https:\/\/colegioconcepciontalca.cl\/wp-content\/uploads\/2025\/07\/01-3-scaled.jpeg\" class=\"wp-post-image wp-image-16718\" title=\"01\" data-tf-not-load=\"1\" alt=\"01\" srcset=\"https:\/\/colegioconcepciontalca.cl\/wp-content\/uploads\/2025\/07\/01-3-scaled.jpeg 2560w, https:\/\/colegioconcepciontalca.cl\/wp-content\/uploads\/2025\/07\/01-3-300x300.jpeg 300w, https:\/\/colegioconcepciontalca.cl\/wp-content\/uploads\/2025\/07\/01-3-1024x1024.jpeg 1024w, https:\/\/colegioconcepciontalca.cl\/wp-content\/uploads\/2025\/07\/01-3-150x150.jpeg 150w, https:\/\/colegioconcepciontalca.cl\/wp-content\/uploads\/2025\/07\/01-3-768x768.jpeg 768w, https:\/\/colegioconcepciontalca.cl\/wp-content\/uploads\/2025\/07\/01-3-1536x1536.jpeg 1536w, https:\/\/colegioconcepciontalca.cl\/wp-content\/uploads\/2025\/07\/01-3-2048x2048.jpeg 2048w\" sizes=\"auto, (max-width: 2560px) 100vw, 2560px\" \/><\/a>\t\t\t\t<\/div>\n\t\t\t\t\t\t\t<\/div><\/div>\n\t\t\t\t\t<div class=\"swiper-slide\">\n\t\t\t<div class=\"slide-inner-wrap\">\n\t\t\t\t<div class=\"tf_lazy slide-image gallery-icon\"><a href=\"https:\/\/colegioconcepciontalca.cl\/wp-content\/uploads\/2025\/07\/02-2-scaled.jpeg\" class=\"themify_lightbox\"><img loading=\"lazy\" decoding=\"async\" width=\"2560\" height=\"2560\" src=\"https:\/\/colegioconcepciontalca.cl\/wp-content\/uploads\/2025\/07\/02-2-scaled.jpeg\" class=\"wp-post-image wp-image-16719\" title=\"02\" data-tf-not-load=\"1\" alt=\"02\" srcset=\"https:\/\/colegioconcepciontalca.cl\/wp-content\/uploads\/2025\/07\/02-2-scaled.jpeg 2560w, https:\/\/colegioconcepciontalca.cl\/wp-content\/uploads\/2025\/07\/02-2-300x300.jpeg 300w, https:\/\/colegioconcepciontalca.cl\/wp-content\/uploads\/2025\/07\/02-2-1024x1024.jpeg 1024w, https:\/\/colegioconcepciontalca.cl\/wp-content\/uploads\/2025\/07\/02-2-150x150.jpeg 150w, https:\/\/colegioconcepciontalca.cl\/wp-content\/uploads\/2025\/07\/02-2-768x768.jpeg 768w, https:\/\/colegioconcepciontalca.cl\/wp-content\/uploads\/2025\/07\/02-2-1536x1536.jpeg 1536w, https:\/\/colegioconcepciontalca.cl\/wp-content\/uploads\/2025\/07\/02-2-2048x2048.jpeg 2048w\" sizes=\"auto, (max-width: 2560px) 100vw, 2560px\" \/><\/a>\t\t\t\t<\/div>\n\t\t\t\t\t\t\t<\/div><\/div>\n\t\t\t\t\t<div class=\"swiper-slide\">\n\t\t\t<div class=\"slide-inner-wrap\">\n\t\t\t\t<div class=\"tf_lazy slide-image gallery-icon\"><a href=\"https:\/\/colegioconcepciontalca.cl\/wp-content\/uploads\/2025\/07\/03-2-scaled.jpeg\" class=\"themify_lightbox\"><img loading=\"lazy\" decoding=\"async\" width=\"2560\" height=\"2560\" src=\"https:\/\/colegioconcepciontalca.cl\/wp-content\/uploads\/2025\/07\/03-2-scaled.jpeg\" class=\"wp-post-image wp-image-16720\" title=\"03\" data-tf-not-load=\"1\" alt=\"03\" srcset=\"https:\/\/colegioconcepciontalca.cl\/wp-content\/uploads\/2025\/07\/03-2-scaled.jpeg 2560w, https:\/\/colegioconcepciontalca.cl\/wp-content\/uploads\/2025\/07\/03-2-300x300.jpeg 300w, https:\/\/colegioconcepciontalca.cl\/wp-content\/uploads\/2025\/07\/03-2-1024x1024.jpeg 1024w, https:\/\/colegioconcepciontalca.cl\/wp-content\/uploads\/2025\/07\/03-2-150x150.jpeg 150w, https:\/\/colegioconcepciontalca.cl\/wp-content\/uploads\/2025\/07\/03-2-768x768.jpeg 768w, https:\/\/colegioconcepciontalca.cl\/wp-content\/uploads\/2025\/07\/03-2-1536x1536.jpeg 1536w, https:\/\/colegioconcepciontalca.cl\/wp-content\/uploads\/2025\/07\/03-2-2048x2048.jpeg 2048w\" sizes=\"auto, (max-width: 2560px) 100vw, 2560px\" \/><\/a>\t\t\t\t<\/div>\n\t\t\t\t\t\t\t<\/div><\/div>\n\t\t\t\t\t<div class=\"swiper-slide\">\n\t\t\t<div class=\"slide-inner-wrap\">\n\t\t\t\t<div class=\"tf_lazy slide-image gallery-icon\"><a href=\"https:\/\/colegioconcepciontalca.cl\/wp-content\/uploads\/2025\/07\/04-2-scaled.jpeg\" class=\"themify_lightbox\"><img loading=\"lazy\" decoding=\"async\" width=\"2560\" height=\"2560\" src=\"https:\/\/colegioconcepciontalca.cl\/wp-content\/uploads\/2025\/07\/04-2-scaled.jpeg\" class=\"wp-post-image wp-image-16721\" title=\"04\" data-tf-not-load=\"1\" alt=\"04\" srcset=\"https:\/\/colegioconcepciontalca.cl\/wp-content\/uploads\/2025\/07\/04-2-scaled.jpeg 2560w, https:\/\/colegioconcepciontalca.cl\/wp-content\/uploads\/2025\/07\/04-2-300x300.jpeg 300w, https:\/\/colegioconcepciontalca.cl\/wp-content\/uploads\/2025\/07\/04-2-1024x1024.jpeg 1024w, https:\/\/colegioconcepciontalca.cl\/wp-content\/uploads\/2025\/07\/04-2-150x150.jpeg 150w, https:\/\/colegioconcepciontalca.cl\/wp-content\/uploads\/2025\/07\/04-2-768x768.jpeg 768w, https:\/\/colegioconcepciontalca.cl\/wp-content\/uploads\/2025\/07\/04-2-1536x1536.jpeg 1536w, https:\/\/colegioconcepciontalca.cl\/wp-content\/uploads\/2025\/07\/04-2-2048x2048.jpeg 2048w\" sizes=\"auto, (max-width: 2560px) 100vw, 2560px\" \/><\/a>\t\t\t\t<\/div>\n\t\t\t\t\t\t\t<\/div><\/div>\n\t\t\t\t\t<div class=\"swiper-slide\">\n\t\t\t<div class=\"slide-inner-wrap\">\n\t\t\t\t<div class=\"tf_lazy slide-image gallery-icon\"><a href=\"https:\/\/colegioconcepciontalca.cl\/wp-content\/uploads\/2025\/07\/05-2-scaled.jpeg\" class=\"themify_lightbox\"><img loading=\"lazy\" decoding=\"async\" width=\"2560\" height=\"2560\" src=\"https:\/\/colegioconcepciontalca.cl\/wp-content\/uploads\/2025\/07\/05-2-scaled.jpeg\" class=\"wp-post-image wp-image-16722\" title=\"05\" data-tf-not-load=\"1\" alt=\"05\" srcset=\"https:\/\/colegioconcepciontalca.cl\/wp-content\/uploads\/2025\/07\/05-2-scaled.jpeg 2560w, https:\/\/colegioconcepciontalca.cl\/wp-content\/uploads\/2025\/07\/05-2-300x300.jpeg 300w, https:\/\/colegioconcepciontalca.cl\/wp-content\/uploads\/2025\/07\/05-2-1024x1024.jpeg 1024w, https:\/\/colegioconcepciontalca.cl\/wp-content\/uploads\/2025\/07\/05-2-150x150.jpeg 150w, https:\/\/colegioconcepciontalca.cl\/wp-content\/uploads\/2025\/07\/05-2-768x768.jpeg 768w, https:\/\/colegioconcepciontalca.cl\/wp-content\/uploads\/2025\/07\/05-2-1536x1536.jpeg 1536w, https:\/\/colegioconcepciontalca.cl\/wp-content\/uploads\/2025\/07\/05-2-2048x2048.jpeg 2048w\" sizes=\"auto, (max-width: 2560px) 100vw, 2560px\" \/><\/a>\t\t\t\t<\/div>\n\t\t\t\t\t\t\t<\/div><\/div>\n\t\t\t<\/div>\n<\/div>\n                <div class=\"themify_builder_slider_vertical tf_rel\">\n    <div class=\"swiper-container tf_carousel themify_builder_slider themify_builder_slider_vertical tb_9nin252_thumbs tf_rel tf_overflow\"\n\tdata-pager=\"1\"\n\t data-lazy=\"1\"\t        data-thumbs-id=\"tb_9nin252_thumbs\"\n\t\tdata-visible=\"4\" \n\t\tdata-tbreakpoints=\"1280\"\n\t\tdata-mbreakpoints=\"680\"\n\t\tdata-tab-visible=\"0\"\n\t\tdata-mob-visible=\"0\"\n\t\t\t\tdata-auto=\"4\"\n\t\tdata-pause_hover=\"1\"\n\t\t\t\t\tdata-controller=\"0\"\n\t\t\t\tdata-speed=\"1\"\n\tdata-wrapvar=\"1\"\n\tdata-slider_nav=\"1\"\n\tdata-height=\"variable\"\n\t>\n\t<div class=\"swiper-wrapper tf_lazy tf_rel tf_w tf_h tf_textc\">\n\t\t\t\t\t<div class=\"swiper-slide\">\n\t\t\t<div class=\"slide-inner-wrap\">\n\t\t\t\t<div class=\"tf_lazy slide-image gallery-icon\"><img loading=\"lazy\" decoding=\"async\" src=\"https:\/\/colegioconcepciontalca.cl\/wp-content\/uploads\/2025\/07\/01-3-scaled-300x200.jpeg\" width=\"300\" height=\"200\" class=\"wp-post-image wp-image-16718\" title=\"01\" data-tf-not-load=\"1\" alt=\"01\">\t\t\t\t<\/div>\n\t\t\t\t\t\t\t<\/div><\/div>\n\t\t\t\t\t<div class=\"swiper-slide\">\n\t\t\t<div class=\"slide-inner-wrap\">\n\t\t\t\t<div class=\"tf_lazy slide-image gallery-icon\"><img loading=\"lazy\" decoding=\"async\" src=\"https:\/\/colegioconcepciontalca.cl\/wp-content\/uploads\/2025\/07\/02-2-scaled-300x200.jpeg\" width=\"300\" height=\"200\" class=\"wp-post-image wp-image-16719\" title=\"02\" data-tf-not-load=\"1\" alt=\"02\">\t\t\t\t<\/div>\n\t\t\t\t\t\t\t<\/div><\/div>\n\t\t\t\t\t<div class=\"swiper-slide\">\n\t\t\t<div class=\"slide-inner-wrap\">\n\t\t\t\t<div class=\"tf_lazy slide-image gallery-icon\"><img loading=\"lazy\" decoding=\"async\" src=\"https:\/\/colegioconcepciontalca.cl\/wp-content\/uploads\/2025\/07\/03-2-scaled-300x200.jpeg\" width=\"300\" height=\"200\" class=\"wp-post-image wp-image-16720\" title=\"03\" data-tf-not-load=\"1\" alt=\"03\">\t\t\t\t<\/div>\n\t\t\t\t\t\t\t<\/div><\/div>\n\t\t\t\t\t<div class=\"swiper-slide\">\n\t\t\t<div class=\"slide-inner-wrap\">\n\t\t\t\t<div class=\"tf_lazy slide-image gallery-icon\"><img loading=\"lazy\" decoding=\"async\" src=\"https:\/\/colegioconcepciontalca.cl\/wp-content\/uploads\/2025\/07\/04-2-scaled-300x200.jpeg\" width=\"300\" height=\"200\" class=\"wp-post-image wp-image-16721\" title=\"04\" data-tf-not-load=\"1\" alt=\"04\">\t\t\t\t<\/div>\n\t\t\t\t\t\t\t<\/div><\/div>\n\t\t\t\t\t<div class=\"swiper-slide\">\n\t\t\t<div class=\"slide-inner-wrap\">\n\t\t\t\t<div class=\"tf_lazy slide-image gallery-icon\"><img loading=\"lazy\" decoding=\"async\" src=\"https:\/\/colegioconcepciontalca.cl\/wp-content\/uploads\/2025\/07\/05-2-scaled-300x200.jpeg\" width=\"300\" height=\"200\" class=\"wp-post-image wp-image-16722\" title=\"05\" data-tf-not-load=\"1\" alt=\"05\">\t\t\t\t<\/div>\n\t\t\t\t\t\t\t<\/div><\/div>\n\t\t\t<\/div>\n<\/div>\n            <\/div>\n    \n<\/div>\n<!-- \/module gallery -->\n\t        <\/div>\n\t    \t<\/div>\n\t\t    <\/div>\n\t    <!-- \/row_inner -->\n\t<\/div>\n\t<!-- \/module_row -->\n\t<\/div>\n<!--\/themify_builder_content--><!-- AddThis Advanced Settings generic via filter on the_content --><!-- AddThis Share Buttons generic via filter on the_content -->","protected":false},"excerpt":{"rendered":"<p>Durante los d\u00edas 18, 19 y 20 de julio, se disput\u00f3 en la ciudad de Panguipulli, Regi\u00f3n de Los R\u00edos, la Copa del Lago de Taekwondo, correspondiente a la 3\u00aa Fecha de la Liga Nacional de Taekwondo, instancia clave del circuito nacional que re\u00fane a destacados deportistas de todo el pa\u00eds.En esta importante competencia, los [&hellip;]<!-- AddThis Advanced Settings generic via filter on get_the_excerpt --><!-- AddThis Share Buttons generic via filter on get_the_excerpt --><\/p>\n","protected":false},"author":1,"featured_media":16718,"comment_status":"closed","ping_status":"closed","sticky":false,"template":"","format":"standard","meta":{"footnotes":""},"categories":[4],"tags":[],"class_list":["post-16717","post","type-post","status-publish","format-standard","has-post-thumbnail","hentry","category-noticias","has-post-title","has-post-date","has-post-category","has-post-tag","has-post-comment","has-post-author",""," cat-4"],"jetpack_featured_media_url":"https:\/\/colegioconcepciontalca.cl\/wp-content\/uploads\/2025\/07\/01-3-scaled.jpeg","builder_content":"<p data-start=\"110\" data-end=\"409\">Durante los d\u00edas <strong data-start=\"127\" data-end=\"151\">18, 19 y 20 de julio<\/strong>, se disput\u00f3 en la ciudad de <strong data-start=\"180\" data-end=\"195\">Panguipulli<\/strong>, Regi\u00f3n de Los R\u00edos, la <strong data-start=\"220\" data-end=\"250\">Copa del Lago de Taekwondo<\/strong>, correspondiente a la <strong data-start=\"273\" data-end=\"318\">3\u00aa Fecha de la Liga Nacional de Taekwondo<\/strong>, instancia clave del circuito nacional que re\u00fane a destacados deportistas de todo el pa\u00eds.<\/p><p data-start=\"411\" data-end=\"669\">En esta importante competencia, los estudiantes del <strong data-start=\"463\" data-end=\"491\">Colegio Concepci\u00f3n Talca<\/strong>, <strong data-start=\"493\" data-end=\"516\">Emilio Araya (8\u00b0 C)<\/strong> y <strong data-start=\"519\" data-end=\"544\">Santiago Araya (5\u00b0 A)<\/strong>, tuvieron una <strong data-start=\"559\" data-end=\"613\">sobresaliente participaci\u00f3n en la categor\u00eda cadete<\/strong>, representando a su escuela <strong data-start=\"642\" data-end=\"668\">Club Panthehonor Talca<\/strong>.<\/p><ul><li data-start=\"673\" data-end=\"775\"><strong data-start=\"676\" data-end=\"692\">Emilio Araya<\/strong> obtuvo <strong data-start=\"700\" data-end=\"720\">medalla de plata<\/strong>, demostrando gran t\u00e9cnica y entrega en cada combate.<\/li><li data-start=\"778\" data-end=\"880\"><strong data-start=\"781\" data-end=\"799\">Santiago Araya<\/strong> se adjudic\u00f3 la <strong data-start=\"815\" data-end=\"836\">medalla de bronce<\/strong>, destac\u00e1ndose por su esfuerzo y constancia.<\/li><\/ul><p data-start=\"882\" data-end=\"1079\">Adem\u00e1s, el <strong data-start=\"893\" data-end=\"919\">Club Panthehonor Talca<\/strong> fue premiado como <strong data-start=\"938\" data-end=\"986\">primer lugar nacional en la categor\u00eda cadete<\/strong>, consolidando su liderazgo y el excelente trabajo formativo que realiza con sus deportistas.<\/p><p data-start=\"1081\" data-end=\"1328\">Cabe destacar que este torneo es parte del proceso clasificatorio hacia la <strong data-start=\"1156\" data-end=\"1170\">Copa Chile<\/strong>, evento que re\u00fane a los <strong data-start=\"1195\" data-end=\"1259\">cuatro mejores exponentes de cada categor\u00eda a nivel nacional<\/strong>, lo que resalta a\u00fan m\u00e1s el m\u00e9rito y proyecci\u00f3n de ambos estudiantes.<\/p><p data-start=\"1330\" data-end=\"1546\" data-is-last-node=\"\" data-is-only-node=\"\">Felicitamos a Emilio y Santiago por su compromiso, disciplina y logros obtenidos, y les deseamos el mayor de los \u00e9xitos en los pr\u00f3ximos desaf\u00edos deportivos. \u00a1Orgullo para el Colegio Concepci\u00f3n Talca y para la regi\u00f3n!<\/p>\n[gallery ids=\"16718,16719,16720,16721,16722\"]","_links":{"self":[{"href":"https:\/\/colegioconcepciontalca.cl\/index.php\/wp-json\/wp\/v2\/posts\/16717","targetHints":{"allow":["GET"]}}],"collection":[{"href":"https:\/\/colegioconcepciontalca.cl\/index.php\/wp-json\/wp\/v2\/posts"}],"about":[{"href":"https:\/\/colegioconcepciontalca.cl\/index.php\/wp-json\/wp\/v2\/types\/post"}],"author":[{"embeddable":true,"href":"https:\/\/colegioconcepciontalca.cl\/index.php\/wp-json\/wp\/v2\/users\/1"}],"replies":[{"embeddable":true,"href":"https:\/\/colegioconcepciontalca.cl\/index.php\/wp-json\/wp\/v2\/comments?post=16717"}],"version-history":[{"count":1,"href":"https:\/\/colegioconcepciontalca.cl\/index.php\/wp-json\/wp\/v2\/posts\/16717\/revisions"}],"predecessor-version":[{"id":16723,"href":"https:\/\/colegioconcepciontalca.cl\/index.php\/wp-json\/wp\/v2\/posts\/16717\/revisions\/16723"}],"wp:featuredmedia":[{"embeddable":true,"href":"https:\/\/colegioconcepciontalca.cl\/index.php\/wp-json\/wp\/v2\/media\/16718"}],"wp:attachment":[{"href":"https:\/\/colegioconcepciontalca.cl\/index.php\/wp-json\/wp\/v2\/media?parent=16717"}],"wp:term":[{"taxonomy":"category","embeddable":true,"href":"https:\/\/colegioconcepciontalca.cl\/index.php\/wp-json\/wp\/v2\/categories?post=16717"},{"taxonomy":"post_tag","embeddable":true,"href":"https:\/\/colegioconcepciontalca.cl\/index.php\/wp-json\/wp\/v2\/tags?post=16717"}],"curies":[{"name":"wp","href":"https:\/\/api.w.org\/{rel}","templated":true}]}}