{"id":16424,"date":"2025-05-28T09:22:47","date_gmt":"2025-05-28T12:22:47","guid":{"rendered":"https:\/\/colegioconcepciontalca.cl\/?p=16424"},"modified":"2025-05-28T09:22:50","modified_gmt":"2025-05-28T12:22:50","slug":"dia-de-la-nutricion","status":"publish","type":"post","link":"https:\/\/colegioconcepciontalca.cl\/index.php\/2025\/05\/28\/dia-de-la-nutricion\/","title":{"rendered":"D\u00eda de la Nutrici\u00f3n"},"content":{"rendered":"<!--themify_builder_content-->\n<div id=\"themify_builder_content-16424\" data-postid=\"16424\" class=\"themify_builder_content themify_builder_content-16424 themify_builder tf_clear\">\n    \t<!-- module_row -->\n\t<div  data-lazy=\"1\" class=\"module_row themify_builder_row tb_gag0114 tb_first tf_clearfix\">\n\t    \t\t<div class=\"row_inner col_align_top tf_box tf_w tf_rel\">\n\t\t\t<div  data-lazy=\"1\" class=\"module_column tb-column col-full first tb_ilws115 tf_box\">\n\t    \t    \t        <div class=\"tb-column-inner tf_box tf_w\">\n\t\t    <!-- module text -->\n<div  class=\"module module-text tb_um6h424   \" data-lazy=\"1\">\n            <div  class=\"tb_text_wrap\">\n    <p>Hoy celebramos el D\u00eda de la Nutrici\u00f3n promoviendo una alimentaci\u00f3n saludable y sostenible.\u00a0 El Comit\u00e9 Medioambiental, en conjunto a nutricionista apoderada de nuestro colegio, elabor\u00f3 una minuta saludable que cuida de nuestro cuerpo y del planeta. \u00a1Comer bien tambi\u00e9n es un acto de conciencia ambiental!<\/p>    <\/div>\n<\/div>\n<!-- \/module text -->\t        <\/div>\n\t    \t<\/div>\n\t\t    <\/div>\n\t    <!-- \/row_inner -->\n\t<\/div>\n\t<!-- \/module_row -->\n\t\t<!-- module_row -->\n\t<div  data-lazy=\"1\" class=\"module_row themify_builder_row tb_66op428 tf_clearfix\">\n\t    \t\t<div class=\"row_inner col_align_top tf_box tf_w tf_rel\">\n\t\t\t<div  data-lazy=\"1\" class=\"module_column tb-column col-full first tb_upj8428 tf_box\">\n\t    \t    \t        <div class=\"tb-column-inner tf_box tf_w\">\n\t\t    <!-- module image -->\n<div  class=\"module module-image tb_rkud443   image-top tf_mw\" data-lazy=\"1\">\n            <div class=\"image-wrap tf_rel tf_mw\">\n\t\t    <img loading=\"lazy\" decoding=\"async\" width=\"1978\" height=\"2560\" src=\"https:\/\/colegioconcepciontalca.cl\/wp-content\/uploads\/2025\/05\/Minuta-por-nutricionistas-scaled.jpg\" class=\"wp-post-image wp-image-16425\" title=\"Minuta por nutricionistas - 1\" alt=\"Minuta por nutricionistas - 1\" srcset=\"https:\/\/colegioconcepciontalca.cl\/wp-content\/uploads\/2025\/05\/Minuta-por-nutricionistas-scaled.jpg 1978w, https:\/\/colegioconcepciontalca.cl\/wp-content\/uploads\/2025\/05\/Minuta-por-nutricionistas-232x300.jpg 232w, https:\/\/colegioconcepciontalca.cl\/wp-content\/uploads\/2025\/05\/Minuta-por-nutricionistas-791x1024.jpg 791w, https:\/\/colegioconcepciontalca.cl\/wp-content\/uploads\/2025\/05\/Minuta-por-nutricionistas-768x994.jpg 768w, https:\/\/colegioconcepciontalca.cl\/wp-content\/uploads\/2025\/05\/Minuta-por-nutricionistas-1187x1536.jpg 1187w, https:\/\/colegioconcepciontalca.cl\/wp-content\/uploads\/2025\/05\/Minuta-por-nutricionistas-1583x2048.jpg 1583w\" sizes=\"auto, (max-width: 1978px) 100vw, 1978px\" \/>\t\n\t\t<\/div>\n\t<!-- \/image-wrap -->\n    \n    \n<\/div>\n<!-- \/module image -->\t        <\/div>\n\t    \t<\/div>\n\t\t    <\/div>\n\t    <!-- \/row_inner -->\n\t<\/div>\n\t<!-- \/module_row -->\n\t<\/div>\n<!--\/themify_builder_content--><!-- AddThis Advanced Settings generic via filter on the_content --><!-- AddThis Share Buttons generic via filter on the_content -->","protected":false},"excerpt":{"rendered":"<p>Hoy celebramos el D\u00eda de la Nutrici\u00f3n promoviendo una alimentaci\u00f3n saludable y sostenible.\u00a0 El Comit\u00e9 Medioambiental, en conjunto a nutricionista apoderada de nuestro colegio, elabor\u00f3 una minuta saludable que cuida de nuestro cuerpo y del planeta. \u00a1Comer bien tambi\u00e9n es un acto de conciencia ambiental!<!-- AddThis Advanced Settings generic via filter on get_the_excerpt --><!-- AddThis Share Buttons generic via filter on get_the_excerpt --><\/p>\n","protected":false},"author":1,"featured_media":16425,"comment_status":"closed","ping_status":"closed","sticky":false,"template":"","format":"standard","meta":{"footnotes":""},"categories":[4],"tags":[],"class_list":["post-16424","post","type-post","status-publish","format-standard","has-post-thumbnail","hentry","category-noticias","has-post-title","has-post-date","has-post-category","has-post-tag","has-post-comment","has-post-author",""," cat-4"],"jetpack_featured_media_url":"https:\/\/colegioconcepciontalca.cl\/wp-content\/uploads\/2025\/05\/Minuta-por-nutricionistas-scaled.jpg","builder_content":"<p>Hoy celebramos el D\u00eda de la Nutrici\u00f3n promoviendo una alimentaci\u00f3n saludable y sostenible.\u00a0 El Comit\u00e9 Medioambiental, en conjunto a nutricionista apoderada de nuestro colegio, elabor\u00f3 una minuta saludable que cuida de nuestro cuerpo y del planeta. \u00a1Comer bien tambi\u00e9n es un acto de conciencia ambiental!<\/p>\n<img loading=\"lazy\" decoding=\"async\" width=\"1978\" height=\"2560\" src=\"https:\/\/colegioconcepciontalca.cl\/wp-content\/uploads\/2025\/05\/Minuta-por-nutricionistas-scaled.jpg\" title=\"Minuta por nutricionistas - 1\" alt=\"Minuta por nutricionistas - 1\" srcset=\"https:\/\/colegioconcepciontalca.cl\/wp-content\/uploads\/2025\/05\/Minuta-por-nutricionistas-scaled.jpg 1978w, https:\/\/colegioconcepciontalca.cl\/wp-content\/uploads\/2025\/05\/Minuta-por-nutricionistas-232x300.jpg 232w, https:\/\/colegioconcepciontalca.cl\/wp-content\/uploads\/2025\/05\/Minuta-por-nutricionistas-791x1024.jpg 791w, https:\/\/colegioconcepciontalca.cl\/wp-content\/uploads\/2025\/05\/Minuta-por-nutricionistas-768x994.jpg 768w, https:\/\/colegioconcepciontalca.cl\/wp-content\/uploads\/2025\/05\/Minuta-por-nutricionistas-1187x1536.jpg 1187w, https:\/\/colegioconcepciontalca.cl\/wp-content\/uploads\/2025\/05\/Minuta-por-nutricionistas-1583x2048.jpg 1583w\" sizes=\"auto, (max-width: 1978px) 100vw, 1978px\" \/>","_links":{"self":[{"href":"https:\/\/colegioconcepciontalca.cl\/index.php\/wp-json\/wp\/v2\/posts\/16424","targetHints":{"allow":["GET"]}}],"collection":[{"href":"https:\/\/colegioconcepciontalca.cl\/index.php\/wp-json\/wp\/v2\/posts"}],"about":[{"href":"https:\/\/colegioconcepciontalca.cl\/index.php\/wp-json\/wp\/v2\/types\/post"}],"author":[{"embeddable":true,"href":"https:\/\/colegioconcepciontalca.cl\/index.php\/wp-json\/wp\/v2\/users\/1"}],"replies":[{"embeddable":true,"href":"https:\/\/colegioconcepciontalca.cl\/index.php\/wp-json\/wp\/v2\/comments?post=16424"}],"version-history":[{"count":1,"href":"https:\/\/colegioconcepciontalca.cl\/index.php\/wp-json\/wp\/v2\/posts\/16424\/revisions"}],"predecessor-version":[{"id":16426,"href":"https:\/\/colegioconcepciontalca.cl\/index.php\/wp-json\/wp\/v2\/posts\/16424\/revisions\/16426"}],"wp:featuredmedia":[{"embeddable":true,"href":"https:\/\/colegioconcepciontalca.cl\/index.php\/wp-json\/wp\/v2\/media\/16425"}],"wp:attachment":[{"href":"https:\/\/colegioconcepciontalca.cl\/index.php\/wp-json\/wp\/v2\/media?parent=16424"}],"wp:term":[{"taxonomy":"category","embeddable":true,"href":"https:\/\/colegioconcepciontalca.cl\/index.php\/wp-json\/wp\/v2\/categories?post=16424"},{"taxonomy":"post_tag","embeddable":true,"href":"https:\/\/colegioconcepciontalca.cl\/index.php\/wp-json\/wp\/v2\/tags?post=16424"}],"curies":[{"name":"wp","href":"https:\/\/api.w.org\/{rel}","templated":true}]}}