{"id":15992,"date":"2025-04-27T20:36:36","date_gmt":"2025-04-27T23:36:36","guid":{"rendered":"https:\/\/colegioconcepciontalca.cl\/?p=15992"},"modified":"2025-04-27T20:36:39","modified_gmt":"2025-04-27T23:36:39","slug":"condolencias","status":"publish","type":"post","link":"https:\/\/colegioconcepciontalca.cl\/index.php\/2025\/04\/27\/condolencias\/","title":{"rendered":"CONDOLENCIAS"},"content":{"rendered":"<!--themify_builder_content-->\n<div id=\"themify_builder_content-15992\" data-postid=\"15992\" class=\"themify_builder_content themify_builder_content-15992 themify_builder tf_clear\">\n    \t<!-- module_row -->\n\t<div  data-lazy=\"1\" class=\"module_row themify_builder_row tb_ggvh138 tb_first tf_clearfix\">\n\t    \t\t<div class=\"row_inner col_align_top tf_box tf_w tf_rel\">\n\t\t\t<div  data-lazy=\"1\" class=\"module_column tb-column col-full first tb_bfcr138 tf_box\">\n\t    \t    \t        <div class=\"tb-column-inner tf_box tf_w\">\n\t\t    <!-- module text -->\n<div  class=\"module module-text tb_bak0141   \" data-lazy=\"1\">\n            <div  class=\"tb_text_wrap\">\n    <p>David Astorga Silva, Presidente Corporaci\u00f3n Colegio Concepci\u00f3n Talca, miembros del Directorio el cual presido saludan fraternalmente a nuestro Director de esta Corporaci\u00f3n Educacional Sr. Am\u00e9rico \u00c1guila Uribe, y le manifiestan nuestras m\u00e1s sentidas condolencias por el fallecimiento de su Madre Sra Olga Barrientos Uribe, quien falleci\u00f3 en la ciudad de Temuco, desde ya toda nuestra fortaleza en este momento de aflicci\u00f3n.<\/p><p>Fraternalmente.<\/p><p style=\"text-align: center;\"><strong>David Astorga Silva<\/strong><br \/><strong>Presidente Corporaci\u00f3n Educacional<\/strong><br \/><strong>Colegio Concepci\u00f3n Talca<\/strong><\/p>    <\/div>\n<\/div>\n<!-- \/module text -->\t        <\/div>\n\t    \t<\/div>\n\t\t    <\/div>\n\t    <!-- \/row_inner -->\n\t<\/div>\n\t<!-- \/module_row -->\n\t<\/div>\n<!--\/themify_builder_content--><!-- AddThis Advanced Settings generic via filter on the_content --><!-- AddThis Share Buttons generic via filter on the_content -->","protected":false},"excerpt":{"rendered":"<p>David Astorga Silva, Presidente Corporaci\u00f3n Colegio Concepci\u00f3n Talca, miembros del Directorio el cual presido saludan fraternalmente a nuestro Director de esta Corporaci\u00f3n Educacional Sr. Am\u00e9rico \u00c1guila Uribe, y le manifiestan nuestras m\u00e1s sentidas condolencias por el fallecimiento de su Madre Sra Olga Barrientos Uribe, quien falleci\u00f3 en la ciudad de Temuco, desde ya toda nuestra [&hellip;]<!-- AddThis Advanced Settings generic via filter on get_the_excerpt --><!-- AddThis Share Buttons generic via filter on get_the_excerpt --><\/p>\n","protected":false},"author":1,"featured_media":910,"comment_status":"closed","ping_status":"closed","sticky":false,"template":"","format":"standard","meta":{"footnotes":""},"categories":[4],"tags":[],"class_list":["post-15992","post","type-post","status-publish","format-standard","has-post-thumbnail","hentry","category-noticias","has-post-title","has-post-date","has-post-category","has-post-tag","has-post-comment","has-post-author",""," cat-4"],"jetpack_featured_media_url":"https:\/\/colegioconcepciontalca.cl\/wp-content\/uploads\/2023\/04\/LOGO_AGUILA_CCT_TRANSPARENTE.png","builder_content":"<p>David Astorga Silva, Presidente Corporaci\u00f3n Colegio Concepci\u00f3n Talca, miembros del Directorio el cual presido saludan fraternalmente a nuestro Director de esta Corporaci\u00f3n Educacional Sr. Am\u00e9rico \u00c1guila Uribe, y le manifiestan nuestras m\u00e1s sentidas condolencias por el fallecimiento de su Madre Sra Olga Barrientos Uribe, quien falleci\u00f3 en la ciudad de Temuco, desde ya toda nuestra fortaleza en este momento de aflicci\u00f3n.<\/p><p>Fraternalmente.<\/p><p style=\"text-align: center;\"><strong>David Astorga Silva<\/strong><br \/><strong>Presidente Corporaci\u00f3n Educacional<\/strong><br \/><strong>Colegio Concepci\u00f3n Talca<\/strong><\/p>","_links":{"self":[{"href":"https:\/\/colegioconcepciontalca.cl\/index.php\/wp-json\/wp\/v2\/posts\/15992","targetHints":{"allow":["GET"]}}],"collection":[{"href":"https:\/\/colegioconcepciontalca.cl\/index.php\/wp-json\/wp\/v2\/posts"}],"about":[{"href":"https:\/\/colegioconcepciontalca.cl\/index.php\/wp-json\/wp\/v2\/types\/post"}],"author":[{"embeddable":true,"href":"https:\/\/colegioconcepciontalca.cl\/index.php\/wp-json\/wp\/v2\/users\/1"}],"replies":[{"embeddable":true,"href":"https:\/\/colegioconcepciontalca.cl\/index.php\/wp-json\/wp\/v2\/comments?post=15992"}],"version-history":[{"count":1,"href":"https:\/\/colegioconcepciontalca.cl\/index.php\/wp-json\/wp\/v2\/posts\/15992\/revisions"}],"predecessor-version":[{"id":15993,"href":"https:\/\/colegioconcepciontalca.cl\/index.php\/wp-json\/wp\/v2\/posts\/15992\/revisions\/15993"}],"wp:featuredmedia":[{"embeddable":true,"href":"https:\/\/colegioconcepciontalca.cl\/index.php\/wp-json\/wp\/v2\/media\/910"}],"wp:attachment":[{"href":"https:\/\/colegioconcepciontalca.cl\/index.php\/wp-json\/wp\/v2\/media?parent=15992"}],"wp:term":[{"taxonomy":"category","embeddable":true,"href":"https:\/\/colegioconcepciontalca.cl\/index.php\/wp-json\/wp\/v2\/categories?post=15992"},{"taxonomy":"post_tag","embeddable":true,"href":"https:\/\/colegioconcepciontalca.cl\/index.php\/wp-json\/wp\/v2\/tags?post=15992"}],"curies":[{"name":"wp","href":"https:\/\/api.w.org\/{rel}","templated":true}]}}