{"id":15495,"date":"2025-02-28T09:02:22","date_gmt":"2025-02-28T12:02:22","guid":{"rendered":"https:\/\/colegioconcepciontalca.cl\/?p=15495"},"modified":"2025-02-28T09:02:25","modified_gmt":"2025-02-28T12:02:25","slug":"bienvenida-ano-academico-2025","status":"publish","type":"post","link":"https:\/\/colegioconcepciontalca.cl\/index.php\/2025\/02\/28\/bienvenida-ano-academico-2025\/","title":{"rendered":"Bienvenida a\u00f1o acad\u00e9mico 2025"},"content":{"rendered":"<!--themify_builder_content-->\n<div id=\"themify_builder_content-15495\" data-postid=\"15495\" class=\"themify_builder_content themify_builder_content-15495 themify_builder tf_clear\">\n    \t<!-- module_row -->\n\t<div  data-lazy=\"1\" class=\"module_row themify_builder_row tb_7b5j226 tb_first tf_clearfix\">\n\t    \t\t<div class=\"row_inner col_align_top tf_box tf_w tf_rel\">\n\t\t\t<div  data-lazy=\"1\" class=\"module_column tb-column col-full first tb_wv4o227 tf_box\">\n\t    \t    \t        <div class=\"tb-column-inner tf_box tf_w\">\n\t\t    <!-- module text -->\n<div  class=\"module module-text tb_fajd242   \" data-lazy=\"1\">\n            <div  class=\"tb_text_wrap\">\n    <p style=\"text-align: center;\"><em>Rector del Colegio Concepci\u00f3n Talca, Alejandro Gonz\u00e1lez Bravo, entrega a la comunidad escolar sus palabras de bienvenida para este a\u00f1o acad\u00e9mico 2025.<\/em><\/p><p style=\"text-align: center;\"><em>En un encuentro con todos los funcionarios del Colegio el d\u00eda de hoy se dio el saludo inicial al a\u00f1o acad\u00e9mico 2025. La actividad culmino con un desayuno de camarader\u00eda.<\/em><\/p><p><strong>Estimada comunidad del Colegio Concepci\u00f3n Talca<\/strong><\/p><p>Es con gran entusiasmo y renovada energ\u00eda que les doy la m\u00e1s cordial bienvenida al a\u00f1o escolar 2025. Espero que este mensaje les encuentre llenos de alegr\u00eda y anticipaci\u00f3n por todo lo que est\u00e1 por venir en este nuevo ciclo acad\u00e9mico.<\/p><p>Asimismo, quiero dar la bienvenida a nuestros estimados docentes, quienes desempe\u00f1an un papel fundamental en la educaci\u00f3n y formaci\u00f3n de nuestros estudiantes. Su dedicaci\u00f3n y compromiso son invaluables, y confiamos en que juntos podremos alcanzar grandes metas y realizar importantes avances este a\u00f1o.<\/p><p>Quiero extender una especial bienvenida a las docentes y asistentes de la educaci\u00f3n que se unen a nuestra comunidad este a\u00f1o. Estamos encantados de tenerlos con nosotros y esperamos que encuentren en el Colegio Concepci\u00f3n un espacio acogedor de crecimiento donde puedan crecer, aprender y prosperar en un ambiente de apoyo y cuidado.<\/p><p>Este a\u00f1o, tenemos grandes aspiraciones de mejoras y logros, especialmente en el \u00e1mbito acad\u00e9mico. En el Colegio Concepci\u00f3n, valoramos profundamente el crecimiento personal y acad\u00e9mico de cada uno de nuestros estudiantes. Por ello, hemos hecho un esfuerzo consciente para enfocarnos en la b\u00fasqueda de la excelencia en todos los aspectos de nuestra labor educativa.<\/p><p>Para lograr esto, hemos implementado diversas iniciativas, como la ampliaci\u00f3n de nuestra oferta de electivos para brindar a nuestros estudiantes una educaci\u00f3n m\u00e1s diversificada y enriquecedora. Adem\u00e1s, nos encontramos trabajando arduamente en de una preparaci\u00f3n para la educaci\u00f3n superior, con el objetivo de ofrecerles a nuestros estudiantes herramientas que les permitan destacarse acad\u00e9micamente y alcanzar sus metas educativas y profesionales, es por eso que seguiremos con el Preuniversitario CCTalca, pero incorporando a los estudiantes de 3\u00b0 Medio para que se sumen a esta importante iniciativa de aprendizaje.<\/p><p>Adem\u00e1s, estamos comprometidos con la mejora continua de nuestras instalaciones y recursos. Este a\u00f1o, nos complace informarles sobre las mejoras realizadas en la infraestructura de nuestras salas, patios, cancha sint\u00e9tica entre otros con el fin de crear espacios m\u00e1s seguros, c\u00f3modos y propicios para el desarrollo integral de nuestros estudiantes, especialmente en el ciclo inicial.<\/p><p>En el Colegio Concepci\u00f3n Talca, creemos firmemente en el valor de las personas y en el potencial ilimitado que cada uno posee. Estoy seguro de que, con la colaboraci\u00f3n y el esfuerzo conjunto de todos los miembros de nuestra comunidad, podremos alcanzar nuevas alturas y hacer de este a\u00f1o escolar un periodo de crecimiento, aprendizaje y \u00e9xito para todos.<\/p><p>\u00a1Bienvenidos, una vez m\u00e1s, al Colegio Concepci\u00f3n! Estamos emocionados por todo lo que el futuro nos depara y ansioso por trabajar junto a cada uno de ustedes para hacer de este a\u00f1o una experiencia inolvidable y llena de logros.<\/p><p>Con los mejores deseos.<\/p><p style=\"text-align: center;\"><strong>Equipo Directivo Colegio Concepci\u00f3n Talca<\/strong><\/p>    <\/div>\n<\/div>\n<!-- \/module text -->\t        <\/div>\n\t    \t<\/div>\n\t\t    <\/div>\n\t    <!-- \/row_inner -->\n\t<\/div>\n\t<!-- \/module_row -->\n\t\t<!-- module_row -->\n\t<div  data-lazy=\"1\" class=\"module_row themify_builder_row tb_eysb800 tf_clearfix\">\n\t    \t\t<div class=\"row_inner col_align_top tf_box tf_w tf_rel\">\n\t\t\t<div  data-lazy=\"1\" class=\"module_column tb-column col-full first tb_3mbd801 tf_box\">\n\t    \t    \t        <div class=\"tb-column-inner tf_box tf_w\">\n\t\t    <!-- module gallery -->\n<div  class=\"module gallery module-gallery tb_u0wa820 layout-slider  \" data-lazy=\"1\">\n                <div class=\"swiper-container tf_carousel themify_builder_slider tf_rel tf_overflow\"\n\tdata-pager=\"0\"\n\t data-lazy=\"1\"\t\t\tdata-thumbs=\"tb_u0wa820_thumbs\"\n\t\tdata-effect=\"scroll\" \n\t\tdata-css_url=\"https:\/\/colegioconcepciontalca.cl\/wp-content\/themes\/themify-ultra\/themify\/themify-builder\/css\/modules\/sliders\/carousel.css,https:\/\/colegioconcepciontalca.cl\/wp-content\/themes\/themify-ultra\/themify\/themify-builder\/css\/modules\/sliders\/gallery.css\"\n\t\t\t\tdata-auto=\"4\"\n\t\tdata-pause_hover=\"1\"\n\t\t\t\tdata-speed=\"1\"\n\tdata-wrapvar=\"1\"\n\tdata-slider_nav=\"0\"\n\tdata-height=\"variable\"\n\t>\n\t<div class=\"swiper-wrapper tf_lazy tf_rel tf_w tf_h tf_textc\">\n\t\t\t\t\t<div class=\"swiper-slide\">\n\t\t\t<div class=\"slide-inner-wrap\">\n\t\t\t\t<div class=\"tf_lazy slide-image gallery-icon\"><a href=\"https:\/\/colegioconcepciontalca.cl\/wp-content\/uploads\/2025\/02\/01-2-scaled.jpeg\" class=\"themify_lightbox\"><img loading=\"lazy\" decoding=\"async\" width=\"2560\" height=\"1741\" src=\"https:\/\/colegioconcepciontalca.cl\/wp-content\/uploads\/2025\/02\/01-2-scaled.jpeg\" class=\"wp-post-image wp-image-15496\" title=\"01\" data-tf-not-load=\"1\" alt=\"01\" srcset=\"https:\/\/colegioconcepciontalca.cl\/wp-content\/uploads\/2025\/02\/01-2-scaled.jpeg 2560w, https:\/\/colegioconcepciontalca.cl\/wp-content\/uploads\/2025\/02\/01-2-300x204.jpeg 300w, https:\/\/colegioconcepciontalca.cl\/wp-content\/uploads\/2025\/02\/01-2-1024x696.jpeg 1024w, https:\/\/colegioconcepciontalca.cl\/wp-content\/uploads\/2025\/02\/01-2-768x522.jpeg 768w, https:\/\/colegioconcepciontalca.cl\/wp-content\/uploads\/2025\/02\/01-2-1536x1044.jpeg 1536w, https:\/\/colegioconcepciontalca.cl\/wp-content\/uploads\/2025\/02\/01-2-2048x1393.jpeg 2048w\" sizes=\"auto, (max-width: 2560px) 100vw, 2560px\" \/><\/a>\t\t\t\t<\/div>\n\t\t\t\t\t\t\t<\/div><\/div>\n\t\t\t\t\t<div class=\"swiper-slide\">\n\t\t\t<div class=\"slide-inner-wrap\">\n\t\t\t\t<div class=\"tf_lazy slide-image gallery-icon\"><a href=\"https:\/\/colegioconcepciontalca.cl\/wp-content\/uploads\/2025\/02\/02-1-scaled.jpeg\" class=\"themify_lightbox\"><img loading=\"lazy\" decoding=\"async\" width=\"2560\" height=\"1741\" src=\"https:\/\/colegioconcepciontalca.cl\/wp-content\/uploads\/2025\/02\/02-1-scaled.jpeg\" class=\"wp-post-image wp-image-15497\" title=\"02\" data-tf-not-load=\"1\" alt=\"02\" srcset=\"https:\/\/colegioconcepciontalca.cl\/wp-content\/uploads\/2025\/02\/02-1-scaled.jpeg 2560w, https:\/\/colegioconcepciontalca.cl\/wp-content\/uploads\/2025\/02\/02-1-300x204.jpeg 300w, https:\/\/colegioconcepciontalca.cl\/wp-content\/uploads\/2025\/02\/02-1-1024x696.jpeg 1024w, https:\/\/colegioconcepciontalca.cl\/wp-content\/uploads\/2025\/02\/02-1-768x522.jpeg 768w, https:\/\/colegioconcepciontalca.cl\/wp-content\/uploads\/2025\/02\/02-1-1536x1044.jpeg 1536w, https:\/\/colegioconcepciontalca.cl\/wp-content\/uploads\/2025\/02\/02-1-2048x1393.jpeg 2048w\" sizes=\"auto, (max-width: 2560px) 100vw, 2560px\" \/><\/a>\t\t\t\t<\/div>\n\t\t\t\t\t\t\t<\/div><\/div>\n\t\t\t\t\t<div class=\"swiper-slide\">\n\t\t\t<div class=\"slide-inner-wrap\">\n\t\t\t\t<div class=\"tf_lazy slide-image gallery-icon\"><a href=\"https:\/\/colegioconcepciontalca.cl\/wp-content\/uploads\/2025\/02\/03-1-scaled.jpeg\" class=\"themify_lightbox\"><img loading=\"lazy\" decoding=\"async\" width=\"2560\" height=\"1741\" src=\"https:\/\/colegioconcepciontalca.cl\/wp-content\/uploads\/2025\/02\/03-1-scaled.jpeg\" class=\"wp-post-image wp-image-15498\" title=\"03\" data-tf-not-load=\"1\" alt=\"03\" srcset=\"https:\/\/colegioconcepciontalca.cl\/wp-content\/uploads\/2025\/02\/03-1-scaled.jpeg 2560w, https:\/\/colegioconcepciontalca.cl\/wp-content\/uploads\/2025\/02\/03-1-300x204.jpeg 300w, https:\/\/colegioconcepciontalca.cl\/wp-content\/uploads\/2025\/02\/03-1-1024x696.jpeg 1024w, https:\/\/colegioconcepciontalca.cl\/wp-content\/uploads\/2025\/02\/03-1-768x522.jpeg 768w, https:\/\/colegioconcepciontalca.cl\/wp-content\/uploads\/2025\/02\/03-1-1536x1044.jpeg 1536w, https:\/\/colegioconcepciontalca.cl\/wp-content\/uploads\/2025\/02\/03-1-2048x1393.jpeg 2048w\" sizes=\"auto, (max-width: 2560px) 100vw, 2560px\" \/><\/a>\t\t\t\t<\/div>\n\t\t\t\t\t\t\t<\/div><\/div>\n\t\t\t\t\t<div class=\"swiper-slide\">\n\t\t\t<div class=\"slide-inner-wrap\">\n\t\t\t\t<div class=\"tf_lazy slide-image gallery-icon\"><a href=\"https:\/\/colegioconcepciontalca.cl\/wp-content\/uploads\/2025\/02\/04-1-scaled.jpeg\" class=\"themify_lightbox\"><img loading=\"lazy\" decoding=\"async\" width=\"2560\" height=\"1741\" src=\"https:\/\/colegioconcepciontalca.cl\/wp-content\/uploads\/2025\/02\/04-1-scaled.jpeg\" class=\"wp-post-image wp-image-15499\" title=\"04\" data-tf-not-load=\"1\" alt=\"04\" srcset=\"https:\/\/colegioconcepciontalca.cl\/wp-content\/uploads\/2025\/02\/04-1-scaled.jpeg 2560w, https:\/\/colegioconcepciontalca.cl\/wp-content\/uploads\/2025\/02\/04-1-300x204.jpeg 300w, https:\/\/colegioconcepciontalca.cl\/wp-content\/uploads\/2025\/02\/04-1-1024x696.jpeg 1024w, https:\/\/colegioconcepciontalca.cl\/wp-content\/uploads\/2025\/02\/04-1-768x522.jpeg 768w, https:\/\/colegioconcepciontalca.cl\/wp-content\/uploads\/2025\/02\/04-1-1536x1044.jpeg 1536w, https:\/\/colegioconcepciontalca.cl\/wp-content\/uploads\/2025\/02\/04-1-2048x1393.jpeg 2048w\" sizes=\"auto, (max-width: 2560px) 100vw, 2560px\" \/><\/a>\t\t\t\t<\/div>\n\t\t\t\t\t\t\t<\/div><\/div>\n\t\t\t\t\t<div class=\"swiper-slide\">\n\t\t\t<div class=\"slide-inner-wrap\">\n\t\t\t\t<div class=\"tf_lazy slide-image gallery-icon\"><a href=\"https:\/\/colegioconcepciontalca.cl\/wp-content\/uploads\/2025\/02\/05-1-scaled.jpeg\" class=\"themify_lightbox\"><img loading=\"lazy\" decoding=\"async\" width=\"2560\" height=\"1741\" src=\"https:\/\/colegioconcepciontalca.cl\/wp-content\/uploads\/2025\/02\/05-1-scaled.jpeg\" class=\"wp-post-image wp-image-15500\" title=\"05\" data-tf-not-load=\"1\" alt=\"05\" srcset=\"https:\/\/colegioconcepciontalca.cl\/wp-content\/uploads\/2025\/02\/05-1-scaled.jpeg 2560w, https:\/\/colegioconcepciontalca.cl\/wp-content\/uploads\/2025\/02\/05-1-300x204.jpeg 300w, https:\/\/colegioconcepciontalca.cl\/wp-content\/uploads\/2025\/02\/05-1-1024x696.jpeg 1024w, https:\/\/colegioconcepciontalca.cl\/wp-content\/uploads\/2025\/02\/05-1-768x522.jpeg 768w, https:\/\/colegioconcepciontalca.cl\/wp-content\/uploads\/2025\/02\/05-1-1536x1044.jpeg 1536w, https:\/\/colegioconcepciontalca.cl\/wp-content\/uploads\/2025\/02\/05-1-2048x1393.jpeg 2048w\" sizes=\"auto, (max-width: 2560px) 100vw, 2560px\" \/><\/a>\t\t\t\t<\/div>\n\t\t\t\t\t\t\t<\/div><\/div>\n\t\t\t\t\t<div class=\"swiper-slide\">\n\t\t\t<div class=\"slide-inner-wrap\">\n\t\t\t\t<div class=\"tf_lazy slide-image gallery-icon\"><a href=\"https:\/\/colegioconcepciontalca.cl\/wp-content\/uploads\/2025\/02\/06-scaled.jpeg\" class=\"themify_lightbox\"><img loading=\"lazy\" decoding=\"async\" width=\"2560\" height=\"1741\" src=\"https:\/\/colegioconcepciontalca.cl\/wp-content\/uploads\/2025\/02\/06-scaled.jpeg\" class=\"wp-post-image wp-image-15501\" title=\"06\" data-tf-not-load=\"1\" alt=\"06\" srcset=\"https:\/\/colegioconcepciontalca.cl\/wp-content\/uploads\/2025\/02\/06-scaled.jpeg 2560w, https:\/\/colegioconcepciontalca.cl\/wp-content\/uploads\/2025\/02\/06-300x204.jpeg 300w, https:\/\/colegioconcepciontalca.cl\/wp-content\/uploads\/2025\/02\/06-1024x696.jpeg 1024w, https:\/\/colegioconcepciontalca.cl\/wp-content\/uploads\/2025\/02\/06-768x522.jpeg 768w, https:\/\/colegioconcepciontalca.cl\/wp-content\/uploads\/2025\/02\/06-1536x1044.jpeg 1536w, https:\/\/colegioconcepciontalca.cl\/wp-content\/uploads\/2025\/02\/06-2048x1393.jpeg 2048w\" sizes=\"auto, (max-width: 2560px) 100vw, 2560px\" \/><\/a>\t\t\t\t<\/div>\n\t\t\t\t\t\t\t<\/div><\/div>\n\t\t\t\t\t<div class=\"swiper-slide\">\n\t\t\t<div class=\"slide-inner-wrap\">\n\t\t\t\t<div class=\"tf_lazy slide-image gallery-icon\"><a href=\"https:\/\/colegioconcepciontalca.cl\/wp-content\/uploads\/2025\/02\/07-scaled.jpeg\" class=\"themify_lightbox\"><img loading=\"lazy\" decoding=\"async\" width=\"2560\" height=\"1741\" src=\"https:\/\/colegioconcepciontalca.cl\/wp-content\/uploads\/2025\/02\/07-scaled.jpeg\" class=\"wp-post-image wp-image-15502\" title=\"07\" data-tf-not-load=\"1\" alt=\"07\" srcset=\"https:\/\/colegioconcepciontalca.cl\/wp-content\/uploads\/2025\/02\/07-scaled.jpeg 2560w, https:\/\/colegioconcepciontalca.cl\/wp-content\/uploads\/2025\/02\/07-300x204.jpeg 300w, https:\/\/colegioconcepciontalca.cl\/wp-content\/uploads\/2025\/02\/07-1024x696.jpeg 1024w, https:\/\/colegioconcepciontalca.cl\/wp-content\/uploads\/2025\/02\/07-768x522.jpeg 768w, https:\/\/colegioconcepciontalca.cl\/wp-content\/uploads\/2025\/02\/07-1536x1044.jpeg 1536w, https:\/\/colegioconcepciontalca.cl\/wp-content\/uploads\/2025\/02\/07-2048x1393.jpeg 2048w\" sizes=\"auto, (max-width: 2560px) 100vw, 2560px\" \/><\/a>\t\t\t\t<\/div>\n\t\t\t\t\t\t\t<\/div><\/div>\n\t\t\t<\/div>\n<\/div>\n                <div class=\"themify_builder_slider_vertical tf_rel\">\n    <div class=\"swiper-container tf_carousel themify_builder_slider themify_builder_slider_vertical tb_u0wa820_thumbs tf_rel tf_overflow\"\n\tdata-pager=\"1\"\n\t data-lazy=\"1\"\t        data-thumbs-id=\"tb_u0wa820_thumbs\"\n\t\tdata-visible=\"4\" \n\t\tdata-tbreakpoints=\"1280\"\n\t\tdata-mbreakpoints=\"680\"\n\t\tdata-tab-visible=\"0\"\n\t\tdata-mob-visible=\"0\"\n\t\t\t\tdata-auto=\"4\"\n\t\tdata-pause_hover=\"1\"\n\t\t\t\t\tdata-controller=\"0\"\n\t\t\t\tdata-speed=\"1\"\n\tdata-wrapvar=\"1\"\n\tdata-slider_nav=\"1\"\n\tdata-height=\"variable\"\n\t>\n\t<div class=\"swiper-wrapper tf_lazy tf_rel tf_w tf_h tf_textc\">\n\t\t\t\t\t<div class=\"swiper-slide\">\n\t\t\t<div class=\"slide-inner-wrap\">\n\t\t\t\t<div class=\"tf_lazy slide-image gallery-icon\"><img loading=\"lazy\" decoding=\"async\" src=\"https:\/\/colegioconcepciontalca.cl\/wp-content\/uploads\/2025\/02\/01-2-scaled-300x200.jpeg\" width=\"300\" height=\"200\" class=\"wp-post-image wp-image-15496\" title=\"01\" data-tf-not-load=\"1\" alt=\"01\">\t\t\t\t<\/div>\n\t\t\t\t\t\t\t<\/div><\/div>\n\t\t\t\t\t<div class=\"swiper-slide\">\n\t\t\t<div class=\"slide-inner-wrap\">\n\t\t\t\t<div class=\"tf_lazy slide-image gallery-icon\"><img loading=\"lazy\" decoding=\"async\" src=\"https:\/\/colegioconcepciontalca.cl\/wp-content\/uploads\/2025\/02\/02-1-scaled-300x200.jpeg\" width=\"300\" height=\"200\" class=\"wp-post-image wp-image-15497\" title=\"02\" data-tf-not-load=\"1\" alt=\"02\">\t\t\t\t<\/div>\n\t\t\t\t\t\t\t<\/div><\/div>\n\t\t\t\t\t<div class=\"swiper-slide\">\n\t\t\t<div class=\"slide-inner-wrap\">\n\t\t\t\t<div class=\"tf_lazy slide-image gallery-icon\"><img loading=\"lazy\" decoding=\"async\" src=\"https:\/\/colegioconcepciontalca.cl\/wp-content\/uploads\/2025\/02\/03-1-scaled-300x200.jpeg\" width=\"300\" height=\"200\" class=\"wp-post-image wp-image-15498\" title=\"03\" data-tf-not-load=\"1\" alt=\"03\">\t\t\t\t<\/div>\n\t\t\t\t\t\t\t<\/div><\/div>\n\t\t\t\t\t<div class=\"swiper-slide\">\n\t\t\t<div class=\"slide-inner-wrap\">\n\t\t\t\t<div class=\"tf_lazy slide-image gallery-icon\"><img loading=\"lazy\" decoding=\"async\" src=\"https:\/\/colegioconcepciontalca.cl\/wp-content\/uploads\/2025\/02\/04-1-scaled-300x200.jpeg\" width=\"300\" height=\"200\" class=\"wp-post-image wp-image-15499\" title=\"04\" data-tf-not-load=\"1\" alt=\"04\">\t\t\t\t<\/div>\n\t\t\t\t\t\t\t<\/div><\/div>\n\t\t\t\t\t<div class=\"swiper-slide\">\n\t\t\t<div class=\"slide-inner-wrap\">\n\t\t\t\t<div class=\"tf_lazy slide-image gallery-icon\"><img loading=\"lazy\" decoding=\"async\" src=\"https:\/\/colegioconcepciontalca.cl\/wp-content\/uploads\/2025\/02\/05-1-scaled-300x200.jpeg\" width=\"300\" height=\"200\" class=\"wp-post-image wp-image-15500\" title=\"05\" data-tf-not-load=\"1\" alt=\"05\">\t\t\t\t<\/div>\n\t\t\t\t\t\t\t<\/div><\/div>\n\t\t\t\t\t<div class=\"swiper-slide\">\n\t\t\t<div class=\"slide-inner-wrap\">\n\t\t\t\t<div class=\"tf_lazy slide-image gallery-icon\"><img loading=\"lazy\" decoding=\"async\" src=\"https:\/\/colegioconcepciontalca.cl\/wp-content\/uploads\/2025\/02\/06-scaled-300x200.jpeg\" width=\"300\" height=\"200\" class=\"wp-post-image wp-image-15501\" title=\"06\" data-tf-not-load=\"1\" alt=\"06\">\t\t\t\t<\/div>\n\t\t\t\t\t\t\t<\/div><\/div>\n\t\t\t\t\t<div class=\"swiper-slide\">\n\t\t\t<div class=\"slide-inner-wrap\">\n\t\t\t\t<div class=\"tf_lazy slide-image gallery-icon\"><img loading=\"lazy\" decoding=\"async\" src=\"https:\/\/colegioconcepciontalca.cl\/wp-content\/uploads\/2025\/02\/07-scaled-300x200.jpeg\" width=\"300\" height=\"200\" class=\"wp-post-image wp-image-15502\" title=\"07\" data-tf-not-load=\"1\" alt=\"07\">\t\t\t\t<\/div>\n\t\t\t\t\t\t\t<\/div><\/div>\n\t\t\t<\/div>\n<\/div>\n            <\/div>\n    \n<\/div>\n<!-- \/module gallery -->\n\t        <\/div>\n\t    \t<\/div>\n\t\t    <\/div>\n\t    <!-- \/row_inner -->\n\t<\/div>\n\t<!-- \/module_row -->\n\t<\/div>\n<!--\/themify_builder_content--><!-- AddThis Advanced Settings generic via filter on the_content --><!-- AddThis Share Buttons generic via filter on the_content -->","protected":false},"excerpt":{"rendered":"<p>Rector del Colegio Concepci\u00f3n Talca, Alejandro Gonz\u00e1lez Bravo, entrega a la comunidad escolar sus palabras de bienvenida para este a\u00f1o acad\u00e9mico 2025.En un encuentro con todos los funcionarios del Colegio el d\u00eda de hoy se dio el saludo inicial al a\u00f1o acad\u00e9mico 2025. La actividad culmino con un desayuno de camarader\u00eda.Estimada comunidad del Colegio Concepci\u00f3n [&hellip;]<!-- AddThis Advanced Settings generic via filter on get_the_excerpt --><!-- AddThis Share Buttons generic via filter on get_the_excerpt --><\/p>\n","protected":false},"author":1,"featured_media":15496,"comment_status":"closed","ping_status":"closed","sticky":false,"template":"","format":"standard","meta":{"footnotes":""},"categories":[1],"tags":[],"class_list":["post-15495","post","type-post","status-publish","format-standard","has-post-thumbnail","hentry","category-actividades-extraprogramaticas","has-post-title","has-post-date","has-post-category","has-post-tag","has-post-comment","has-post-author",""," cat-1"],"jetpack_featured_media_url":"https:\/\/colegioconcepciontalca.cl\/wp-content\/uploads\/2025\/02\/01-2-scaled.jpeg","builder_content":"<p style=\"text-align: center;\"><em>Rector del Colegio Concepci\u00f3n Talca, Alejandro Gonz\u00e1lez Bravo, entrega a la comunidad escolar sus palabras de bienvenida para este a\u00f1o acad\u00e9mico 2025.<\/em><\/p><p style=\"text-align: center;\"><em>En un encuentro con todos los funcionarios del Colegio el d\u00eda de hoy se dio el saludo inicial al a\u00f1o acad\u00e9mico 2025. La actividad culmino con un desayuno de camarader\u00eda.<\/em><\/p><p><strong>Estimada comunidad del Colegio Concepci\u00f3n Talca<\/strong><\/p><p>Es con gran entusiasmo y renovada energ\u00eda que les doy la m\u00e1s cordial bienvenida al a\u00f1o escolar 2025. Espero que este mensaje les encuentre llenos de alegr\u00eda y anticipaci\u00f3n por todo lo que est\u00e1 por venir en este nuevo ciclo acad\u00e9mico.<\/p><p>Asimismo, quiero dar la bienvenida a nuestros estimados docentes, quienes desempe\u00f1an un papel fundamental en la educaci\u00f3n y formaci\u00f3n de nuestros estudiantes. Su dedicaci\u00f3n y compromiso son invaluables, y confiamos en que juntos podremos alcanzar grandes metas y realizar importantes avances este a\u00f1o.<\/p><p>Quiero extender una especial bienvenida a las docentes y asistentes de la educaci\u00f3n que se unen a nuestra comunidad este a\u00f1o. Estamos encantados de tenerlos con nosotros y esperamos que encuentren en el Colegio Concepci\u00f3n un espacio acogedor de crecimiento donde puedan crecer, aprender y prosperar en un ambiente de apoyo y cuidado.<\/p><p>Este a\u00f1o, tenemos grandes aspiraciones de mejoras y logros, especialmente en el \u00e1mbito acad\u00e9mico. En el Colegio Concepci\u00f3n, valoramos profundamente el crecimiento personal y acad\u00e9mico de cada uno de nuestros estudiantes. Por ello, hemos hecho un esfuerzo consciente para enfocarnos en la b\u00fasqueda de la excelencia en todos los aspectos de nuestra labor educativa.<\/p><p>Para lograr esto, hemos implementado diversas iniciativas, como la ampliaci\u00f3n de nuestra oferta de electivos para brindar a nuestros estudiantes una educaci\u00f3n m\u00e1s diversificada y enriquecedora. Adem\u00e1s, nos encontramos trabajando arduamente en de una preparaci\u00f3n para la educaci\u00f3n superior, con el objetivo de ofrecerles a nuestros estudiantes herramientas que les permitan destacarse acad\u00e9micamente y alcanzar sus metas educativas y profesionales, es por eso que seguiremos con el Preuniversitario CCTalca, pero incorporando a los estudiantes de 3\u00b0 Medio para que se sumen a esta importante iniciativa de aprendizaje.<\/p><p>Adem\u00e1s, estamos comprometidos con la mejora continua de nuestras instalaciones y recursos. Este a\u00f1o, nos complace informarles sobre las mejoras realizadas en la infraestructura de nuestras salas, patios, cancha sint\u00e9tica entre otros con el fin de crear espacios m\u00e1s seguros, c\u00f3modos y propicios para el desarrollo integral de nuestros estudiantes, especialmente en el ciclo inicial.<\/p><p>En el Colegio Concepci\u00f3n Talca, creemos firmemente en el valor de las personas y en el potencial ilimitado que cada uno posee. Estoy seguro de que, con la colaboraci\u00f3n y el esfuerzo conjunto de todos los miembros de nuestra comunidad, podremos alcanzar nuevas alturas y hacer de este a\u00f1o escolar un periodo de crecimiento, aprendizaje y \u00e9xito para todos.<\/p><p>\u00a1Bienvenidos, una vez m\u00e1s, al Colegio Concepci\u00f3n! Estamos emocionados por todo lo que el futuro nos depara y ansioso por trabajar junto a cada uno de ustedes para hacer de este a\u00f1o una experiencia inolvidable y llena de logros.<\/p><p>Con los mejores deseos.<\/p><p style=\"text-align: center;\"><strong>Equipo Directivo Colegio Concepci\u00f3n Talca<\/strong><\/p>\n[gallery ids=\"15496,15497,15498,15499,15500,15501,15502\"]","_links":{"self":[{"href":"https:\/\/colegioconcepciontalca.cl\/index.php\/wp-json\/wp\/v2\/posts\/15495","targetHints":{"allow":["GET"]}}],"collection":[{"href":"https:\/\/colegioconcepciontalca.cl\/index.php\/wp-json\/wp\/v2\/posts"}],"about":[{"href":"https:\/\/colegioconcepciontalca.cl\/index.php\/wp-json\/wp\/v2\/types\/post"}],"author":[{"embeddable":true,"href":"https:\/\/colegioconcepciontalca.cl\/index.php\/wp-json\/wp\/v2\/users\/1"}],"replies":[{"embeddable":true,"href":"https:\/\/colegioconcepciontalca.cl\/index.php\/wp-json\/wp\/v2\/comments?post=15495"}],"version-history":[{"count":1,"href":"https:\/\/colegioconcepciontalca.cl\/index.php\/wp-json\/wp\/v2\/posts\/15495\/revisions"}],"predecessor-version":[{"id":15503,"href":"https:\/\/colegioconcepciontalca.cl\/index.php\/wp-json\/wp\/v2\/posts\/15495\/revisions\/15503"}],"wp:featuredmedia":[{"embeddable":true,"href":"https:\/\/colegioconcepciontalca.cl\/index.php\/wp-json\/wp\/v2\/media\/15496"}],"wp:attachment":[{"href":"https:\/\/colegioconcepciontalca.cl\/index.php\/wp-json\/wp\/v2\/media?parent=15495"}],"wp:term":[{"taxonomy":"category","embeddable":true,"href":"https:\/\/colegioconcepciontalca.cl\/index.php\/wp-json\/wp\/v2\/categories?post=15495"},{"taxonomy":"post_tag","embeddable":true,"href":"https:\/\/colegioconcepciontalca.cl\/index.php\/wp-json\/wp\/v2\/tags?post=15495"}],"curies":[{"name":"wp","href":"https:\/\/api.w.org\/{rel}","templated":true}]}}