{"id":15300,"date":"2024-12-20T19:23:10","date_gmt":"2024-12-20T22:23:10","guid":{"rendered":"https:\/\/colegioconcepciontalca.cl\/?p=15300"},"modified":"2024-12-20T19:23:13","modified_gmt":"2024-12-20T22:23:13","slug":"celebracion-del-dia-nacional-del-minibasquetbol-nuestros-estudiantes-brillaron-en-la-cancha","status":"publish","type":"post","link":"https:\/\/colegioconcepciontalca.cl\/index.php\/2024\/12\/20\/celebracion-del-dia-nacional-del-minibasquetbol-nuestros-estudiantes-brillaron-en-la-cancha\/","title":{"rendered":"Celebraci\u00f3n del D\u00eda Nacional del Minib\u00e1squetbol: \u00a1Nuestros Estudiantes Brillaron en la Cancha!"},"content":{"rendered":"<!--themify_builder_content-->\n<div id=\"themify_builder_content-15300\" data-postid=\"15300\" class=\"themify_builder_content themify_builder_content-15300 themify_builder tf_clear\">\n    \t<!-- module_row -->\n\t<div  data-lazy=\"1\" class=\"module_row themify_builder_row tb_1t9u69 tb_first tf_clearfix\">\n\t    \t\t<div class=\"row_inner col_align_top tf_box tf_w tf_rel\">\n\t\t\t<div  data-lazy=\"1\" class=\"module_column tb-column col-full first tb_bb5169 tf_box\">\n\t    \t    \t        <div class=\"tb-column-inner tf_box tf_w\">\n\t\t    <!-- module text -->\n<div  class=\"module module-text tb_9cnu72   \" data-lazy=\"1\">\n            <div  class=\"tb_text_wrap\">\n    <p>Felicitamos a nuestros talentosos estudiantes <strong>Mar\u00eda Jos\u00e9 Figueroa<\/strong>, <strong>Luciano Osuna<\/strong> y <strong>Mart\u00edn del R\u00edo<\/strong>, quienes participaron con entusiasmo en la celebraci\u00f3n del <strong>D\u00eda Nacional del Minib\u00e1squetbol<\/strong>, realizada en el <strong>Gimnasio Regional Manuel Herrera Blanco<\/strong>.<\/p><p>En esta jornada deportiva, nuestros j\u00f3venes deportistas disfrutaron de momentos llenos de juego, compa\u00f1erismo y mucha pasi\u00f3n por el b\u00e1squetbol, representando con orgullo los valores de trabajo en equipo y esp\u00edritu deportivo que caracterizan a nuestra instituci\u00f3n.<\/p><p>\u00a1Aplausos para ellos por su dedicaci\u00f3n y energ\u00eda en esta importante instancia deportiva!<\/p>    <\/div>\n<\/div>\n<!-- \/module text -->\t        <\/div>\n\t    \t<\/div>\n\t\t    <\/div>\n\t    <!-- \/row_inner -->\n\t<\/div>\n\t<!-- \/module_row -->\n\t\t<!-- module_row -->\n\t<div  data-lazy=\"1\" class=\"module_row themify_builder_row tb_xf8g546 tf_clearfix\">\n\t    \t\t<div class=\"row_inner col_align_top tf_box tf_w tf_rel\">\n\t\t\t<div  data-lazy=\"1\" class=\"module_column tb-column col-full first tb_kxja546 tf_box\">\n\t    \t    \t        <div class=\"tb-column-inner tf_box tf_w\">\n\t\t    <!-- module gallery -->\n<div  class=\"module gallery module-gallery tb_iszx549 layout-grid  \" data-lazy=\"1\">\n            <div class=\"module-gallery-grid gallery-columns-4 tf_clear\">\n\t\t\t<dl class=\"gallery-item\">\n\t\t\t<dt class=\"gallery-icon\">\n\t\t\t<a data-title=\"\" title=\"\" href=\"https:\/\/colegioconcepciontalca.cl\/wp-content\/uploads\/2024\/12\/02-12-scaled.jpeg\" data-rel=\"tb_iszx549\" class=\"themify_lightbox\"><img loading=\"lazy\" decoding=\"async\" src=\"https:\/\/colegioconcepciontalca.cl\/wp-content\/uploads\/2024\/12\/02-12-scaled-300x200.jpeg\" width=\"300\" height=\"200\" class=\"wp-post-image wp-image-15301\" title=\"02\" alt=\"02\"><\/a>\t\t\t<\/dt>\n\t\t\t<dd>\n\t\t\t\t\t\t\t\t\t\t\t<\/dd>\n\t\t<\/dl>\n\t\t\t<dl class=\"gallery-item\">\n\t\t\t<dt class=\"gallery-icon\">\n\t\t\t<a data-title=\"\" title=\"\" href=\"https:\/\/colegioconcepciontalca.cl\/wp-content\/uploads\/2024\/12\/01-12-scaled.jpeg\" data-rel=\"tb_iszx549\" class=\"themify_lightbox\"><img loading=\"lazy\" decoding=\"async\" src=\"https:\/\/colegioconcepciontalca.cl\/wp-content\/uploads\/2024\/12\/01-12-scaled-300x200.jpeg\" width=\"300\" height=\"200\" class=\"wp-post-image wp-image-15302\" title=\"01\" alt=\"01\"><\/a>\t\t\t<\/dt>\n\t\t\t<dd>\n\t\t\t\t\t\t\t\t\t\t\t<\/dd>\n\t\t<\/dl>\n\t\t\t<dl class=\"gallery-item\">\n\t\t\t<dt class=\"gallery-icon\">\n\t\t\t<a data-title=\"\" title=\"\" href=\"https:\/\/colegioconcepciontalca.cl\/wp-content\/uploads\/2024\/12\/03-12-scaled.jpeg\" data-rel=\"tb_iszx549\" class=\"themify_lightbox\"><img loading=\"lazy\" decoding=\"async\" src=\"https:\/\/colegioconcepciontalca.cl\/wp-content\/uploads\/2024\/12\/03-12-scaled-300x200.jpeg\" width=\"300\" height=\"200\" class=\"wp-post-image wp-image-15303\" title=\"03\" alt=\"03\"><\/a>\t\t\t<\/dt>\n\t\t\t<dd>\n\t\t\t\t\t\t\t\t\t\t\t<\/dd>\n\t\t<\/dl>\n\t<\/div>\n\n<\/div>\n<!-- \/module gallery -->\n\t        <\/div>\n\t    \t<\/div>\n\t\t    <\/div>\n\t    <!-- \/row_inner -->\n\t<\/div>\n\t<!-- \/module_row -->\n\t<\/div>\n<!--\/themify_builder_content--><!-- AddThis Advanced Settings generic via filter on the_content --><!-- AddThis Share Buttons generic via filter on the_content -->","protected":false},"excerpt":{"rendered":"<p>Felicitamos a nuestros talentosos estudiantes Mar\u00eda Jos\u00e9 Figueroa, Luciano Osuna y Mart\u00edn del R\u00edo, quienes participaron con entusiasmo en la celebraci\u00f3n del D\u00eda Nacional del Minib\u00e1squetbol, realizada en el Gimnasio Regional Manuel Herrera Blanco.En esta jornada deportiva, nuestros j\u00f3venes deportistas disfrutaron de momentos llenos de juego, compa\u00f1erismo y mucha pasi\u00f3n por el b\u00e1squetbol, representando con [&hellip;]<!-- AddThis Advanced Settings generic via filter on get_the_excerpt --><!-- AddThis Share Buttons generic via filter on get_the_excerpt --><\/p>\n","protected":false},"author":1,"featured_media":15302,"comment_status":"closed","ping_status":"closed","sticky":false,"template":"","format":"standard","meta":{"footnotes":""},"categories":[4],"tags":[],"class_list":["post-15300","post","type-post","status-publish","format-standard","has-post-thumbnail","hentry","category-noticias","has-post-title","has-post-date","has-post-category","has-post-tag","has-post-comment","has-post-author",""," cat-4"],"jetpack_featured_media_url":"https:\/\/colegioconcepciontalca.cl\/wp-content\/uploads\/2024\/12\/01-12-scaled.jpeg","builder_content":"<p>Felicitamos a nuestros talentosos estudiantes <strong>Mar\u00eda Jos\u00e9 Figueroa<\/strong>, <strong>Luciano Osuna<\/strong> y <strong>Mart\u00edn del R\u00edo<\/strong>, quienes participaron con entusiasmo en la celebraci\u00f3n del <strong>D\u00eda Nacional del Minib\u00e1squetbol<\/strong>, realizada en el <strong>Gimnasio Regional Manuel Herrera Blanco<\/strong>.<\/p><p>En esta jornada deportiva, nuestros j\u00f3venes deportistas disfrutaron de momentos llenos de juego, compa\u00f1erismo y mucha pasi\u00f3n por el b\u00e1squetbol, representando con orgullo los valores de trabajo en equipo y esp\u00edritu deportivo que caracterizan a nuestra instituci\u00f3n.<\/p><p>\u00a1Aplausos para ellos por su dedicaci\u00f3n y energ\u00eda en esta importante instancia deportiva!<\/p>\n[gallery ids=\"15301,15302,15303\"]","_links":{"self":[{"href":"https:\/\/colegioconcepciontalca.cl\/index.php\/wp-json\/wp\/v2\/posts\/15300","targetHints":{"allow":["GET"]}}],"collection":[{"href":"https:\/\/colegioconcepciontalca.cl\/index.php\/wp-json\/wp\/v2\/posts"}],"about":[{"href":"https:\/\/colegioconcepciontalca.cl\/index.php\/wp-json\/wp\/v2\/types\/post"}],"author":[{"embeddable":true,"href":"https:\/\/colegioconcepciontalca.cl\/index.php\/wp-json\/wp\/v2\/users\/1"}],"replies":[{"embeddable":true,"href":"https:\/\/colegioconcepciontalca.cl\/index.php\/wp-json\/wp\/v2\/comments?post=15300"}],"version-history":[{"count":1,"href":"https:\/\/colegioconcepciontalca.cl\/index.php\/wp-json\/wp\/v2\/posts\/15300\/revisions"}],"predecessor-version":[{"id":15304,"href":"https:\/\/colegioconcepciontalca.cl\/index.php\/wp-json\/wp\/v2\/posts\/15300\/revisions\/15304"}],"wp:featuredmedia":[{"embeddable":true,"href":"https:\/\/colegioconcepciontalca.cl\/index.php\/wp-json\/wp\/v2\/media\/15302"}],"wp:attachment":[{"href":"https:\/\/colegioconcepciontalca.cl\/index.php\/wp-json\/wp\/v2\/media?parent=15300"}],"wp:term":[{"taxonomy":"category","embeddable":true,"href":"https:\/\/colegioconcepciontalca.cl\/index.php\/wp-json\/wp\/v2\/categories?post=15300"},{"taxonomy":"post_tag","embeddable":true,"href":"https:\/\/colegioconcepciontalca.cl\/index.php\/wp-json\/wp\/v2\/tags?post=15300"}],"curies":[{"name":"wp","href":"https:\/\/api.w.org\/{rel}","templated":true}]}}