{"id":15216,"date":"2024-12-16T16:22:38","date_gmt":"2024-12-16T19:22:38","guid":{"rendered":"https:\/\/colegioconcepciontalca.cl\/?p=15216"},"modified":"2024-12-16T16:22:41","modified_gmt":"2024-12-16T19:22:41","slug":"martin-araya-campeon-nacional-juvenil","status":"publish","type":"post","link":"https:\/\/colegioconcepciontalca.cl\/index.php\/2024\/12\/16\/martin-araya-campeon-nacional-juvenil\/","title":{"rendered":"Mart\u00edn Araya: Campe\u00f3n Nacional Juvenil"},"content":{"rendered":"<!--themify_builder_content-->\n<div id=\"themify_builder_content-15216\" data-postid=\"15216\" class=\"themify_builder_content themify_builder_content-15216 themify_builder tf_clear\">\n    \t<!-- module_row -->\n\t<div  data-lazy=\"1\" class=\"module_row themify_builder_row tb_rr5x333 tb_first tf_clearfix\">\n\t    \t\t<div class=\"row_inner col_align_top tf_box tf_w tf_rel\">\n\t\t\t<div  data-lazy=\"1\" class=\"module_column tb-column col-full first tb_6ajz334 tf_box\">\n\t    \t    \t        <div class=\"tb-column-inner tf_box tf_w\">\n\t\t    <!-- module text -->\n<div  class=\"module module-text tb_18nl338   \" data-lazy=\"1\">\n            <div  class=\"tb_text_wrap\">\n    <p>Con una actuaci\u00f3n espectacular y cargada de emoci\u00f3n, nuestro estudiante <strong>Mart\u00edn Araya<\/strong> se coron\u00f3 <strong>campe\u00f3n nacional<\/strong> en la categor\u00eda juvenil menor de 59 kg. en la gran final nacional de taekwondo.<\/p><p>El combate fue un verdadero espect\u00e1culo. Faltando solo 2 segundos para el final del tercer y decisivo round, el marcador se encontraba empatado a 8 puntos. En ese momento crucial, Mart\u00edn logr\u00f3 ponerse en ventaja con un punto, y en las \u00faltimas 65 cent\u00e9simas, sorprendi\u00f3 a su oponente con una precisa patada derecha a la cabeza, dejando el marcador final en un contundente <strong>12 a 8<\/strong>.<\/p><p>Este triunfo no solo refleja su talento y preparaci\u00f3n, sino tambi\u00e9n su capacidad para mantener la calma y ejecutar una estrategia brillante bajo presi\u00f3n.<\/p><p>\u00a1Felicitamos a Mart\u00edn por este incre\u00edble logro que llena de orgullo a nuestra comunidad educativa! Su esfuerzo, disciplina y pasi\u00f3n por el taekwondo son un ejemplo para todos.<\/p>    <\/div>\n<\/div>\n<!-- \/module text -->\t        <\/div>\n\t    \t<\/div>\n\t\t    <\/div>\n\t    <!-- \/row_inner -->\n\t<\/div>\n\t<!-- \/module_row -->\n\t\t<!-- module_row -->\n\t<div  data-lazy=\"1\" class=\"module_row themify_builder_row tb_esrk804 tf_clearfix\">\n\t    \t\t<div class=\"row_inner col_align_top tf_box tf_w tf_rel\">\n\t\t\t<div  data-lazy=\"1\" class=\"module_column tb-column col-full first tb_bt2j805 tf_box\">\n\t    \t    \t        <div class=\"tb-column-inner tf_box tf_w\">\n\t\t    <!-- module gallery -->\n<div  class=\"module gallery module-gallery tb_49mi813 layout-slider  \" data-lazy=\"1\">\n                <div class=\"swiper-container tf_carousel themify_builder_slider tf_rel tf_overflow\"\n\tdata-pager=\"0\"\n\t data-lazy=\"1\"\t\t\tdata-thumbs=\"tb_49mi813_thumbs\"\n\t\tdata-effect=\"scroll\" \n\t\tdata-css_url=\"https:\/\/colegioconcepciontalca.cl\/wp-content\/themes\/themify-ultra\/themify\/themify-builder\/css\/modules\/sliders\/carousel.css,https:\/\/colegioconcepciontalca.cl\/wp-content\/themes\/themify-ultra\/themify\/themify-builder\/css\/modules\/sliders\/gallery.css\"\n\t\t\t\tdata-auto=\"4\"\n\t\tdata-pause_hover=\"1\"\n\t\t\t\tdata-speed=\"1\"\n\tdata-wrapvar=\"1\"\n\tdata-slider_nav=\"0\"\n\tdata-height=\"variable\"\n\t>\n\t<div class=\"swiper-wrapper tf_lazy tf_rel tf_w tf_h tf_textc\">\n\t\t\t\t\t<div class=\"swiper-slide\">\n\t\t\t<div class=\"slide-inner-wrap\">\n\t\t\t\t<div class=\"tf_lazy slide-image gallery-icon\"><a href=\"https:\/\/colegioconcepciontalca.cl\/wp-content\/uploads\/2024\/12\/01-10-scaled.jpeg\" class=\"themify_lightbox\"><img loading=\"lazy\" decoding=\"async\" width=\"2560\" height=\"1978\" src=\"https:\/\/colegioconcepciontalca.cl\/wp-content\/uploads\/2024\/12\/01-10-scaled.jpeg\" class=\"wp-post-image wp-image-15217\" title=\"01\" data-tf-not-load=\"1\" alt=\"01\" srcset=\"https:\/\/colegioconcepciontalca.cl\/wp-content\/uploads\/2024\/12\/01-10-scaled.jpeg 2560w, https:\/\/colegioconcepciontalca.cl\/wp-content\/uploads\/2024\/12\/01-10-300x232.jpeg 300w, https:\/\/colegioconcepciontalca.cl\/wp-content\/uploads\/2024\/12\/01-10-1024x791.jpeg 1024w, https:\/\/colegioconcepciontalca.cl\/wp-content\/uploads\/2024\/12\/01-10-768x593.jpeg 768w, https:\/\/colegioconcepciontalca.cl\/wp-content\/uploads\/2024\/12\/01-10-1536x1187.jpeg 1536w, https:\/\/colegioconcepciontalca.cl\/wp-content\/uploads\/2024\/12\/01-10-2048x1583.jpeg 2048w\" sizes=\"auto, (max-width: 2560px) 100vw, 2560px\" \/><\/a>\t\t\t\t<\/div>\n\t\t\t\t\t\t\t<\/div><\/div>\n\t\t\t\t\t<div class=\"swiper-slide\">\n\t\t\t<div class=\"slide-inner-wrap\">\n\t\t\t\t<div class=\"tf_lazy slide-image gallery-icon\"><a href=\"https:\/\/colegioconcepciontalca.cl\/wp-content\/uploads\/2024\/12\/02-9-scaled.jpeg\" class=\"themify_lightbox\"><img loading=\"lazy\" decoding=\"async\" width=\"2560\" height=\"1978\" src=\"https:\/\/colegioconcepciontalca.cl\/wp-content\/uploads\/2024\/12\/02-9-scaled.jpeg\" class=\"wp-post-image wp-image-15218\" title=\"02\" data-tf-not-load=\"1\" alt=\"02\" srcset=\"https:\/\/colegioconcepciontalca.cl\/wp-content\/uploads\/2024\/12\/02-9-scaled.jpeg 2560w, https:\/\/colegioconcepciontalca.cl\/wp-content\/uploads\/2024\/12\/02-9-300x232.jpeg 300w, https:\/\/colegioconcepciontalca.cl\/wp-content\/uploads\/2024\/12\/02-9-1024x791.jpeg 1024w, https:\/\/colegioconcepciontalca.cl\/wp-content\/uploads\/2024\/12\/02-9-768x593.jpeg 768w, https:\/\/colegioconcepciontalca.cl\/wp-content\/uploads\/2024\/12\/02-9-1536x1187.jpeg 1536w, https:\/\/colegioconcepciontalca.cl\/wp-content\/uploads\/2024\/12\/02-9-2048x1583.jpeg 2048w\" sizes=\"auto, (max-width: 2560px) 100vw, 2560px\" \/><\/a>\t\t\t\t<\/div>\n\t\t\t\t\t\t\t<\/div><\/div>\n\t\t\t\t\t<div class=\"swiper-slide\">\n\t\t\t<div class=\"slide-inner-wrap\">\n\t\t\t\t<div class=\"tf_lazy slide-image gallery-icon\"><a href=\"https:\/\/colegioconcepciontalca.cl\/wp-content\/uploads\/2024\/12\/03-9-scaled.jpeg\" class=\"themify_lightbox\"><img loading=\"lazy\" decoding=\"async\" width=\"2560\" height=\"1978\" src=\"https:\/\/colegioconcepciontalca.cl\/wp-content\/uploads\/2024\/12\/03-9-scaled.jpeg\" class=\"wp-post-image wp-image-15219\" title=\"03\" data-tf-not-load=\"1\" alt=\"03\" srcset=\"https:\/\/colegioconcepciontalca.cl\/wp-content\/uploads\/2024\/12\/03-9-scaled.jpeg 2560w, https:\/\/colegioconcepciontalca.cl\/wp-content\/uploads\/2024\/12\/03-9-300x232.jpeg 300w, https:\/\/colegioconcepciontalca.cl\/wp-content\/uploads\/2024\/12\/03-9-1024x791.jpeg 1024w, https:\/\/colegioconcepciontalca.cl\/wp-content\/uploads\/2024\/12\/03-9-768x593.jpeg 768w, https:\/\/colegioconcepciontalca.cl\/wp-content\/uploads\/2024\/12\/03-9-1536x1187.jpeg 1536w, https:\/\/colegioconcepciontalca.cl\/wp-content\/uploads\/2024\/12\/03-9-2048x1583.jpeg 2048w\" sizes=\"auto, (max-width: 2560px) 100vw, 2560px\" \/><\/a>\t\t\t\t<\/div>\n\t\t\t\t\t\t\t<\/div><\/div>\n\t\t\t\t\t<div class=\"swiper-slide\">\n\t\t\t<div class=\"slide-inner-wrap\">\n\t\t\t\t<div class=\"tf_lazy slide-image gallery-icon\"><a href=\"https:\/\/colegioconcepciontalca.cl\/wp-content\/uploads\/2024\/12\/04-9-scaled.jpeg\" class=\"themify_lightbox\"><img loading=\"lazy\" decoding=\"async\" width=\"2560\" height=\"1978\" src=\"https:\/\/colegioconcepciontalca.cl\/wp-content\/uploads\/2024\/12\/04-9-scaled.jpeg\" class=\"wp-post-image wp-image-15220\" title=\"04\" data-tf-not-load=\"1\" alt=\"04\" srcset=\"https:\/\/colegioconcepciontalca.cl\/wp-content\/uploads\/2024\/12\/04-9-scaled.jpeg 2560w, https:\/\/colegioconcepciontalca.cl\/wp-content\/uploads\/2024\/12\/04-9-300x232.jpeg 300w, https:\/\/colegioconcepciontalca.cl\/wp-content\/uploads\/2024\/12\/04-9-1024x791.jpeg 1024w, https:\/\/colegioconcepciontalca.cl\/wp-content\/uploads\/2024\/12\/04-9-768x593.jpeg 768w, https:\/\/colegioconcepciontalca.cl\/wp-content\/uploads\/2024\/12\/04-9-1536x1187.jpeg 1536w, https:\/\/colegioconcepciontalca.cl\/wp-content\/uploads\/2024\/12\/04-9-2048x1583.jpeg 2048w\" sizes=\"auto, (max-width: 2560px) 100vw, 2560px\" \/><\/a>\t\t\t\t<\/div>\n\t\t\t\t\t\t\t<\/div><\/div>\n\t\t\t\t\t<div class=\"swiper-slide\">\n\t\t\t<div class=\"slide-inner-wrap\">\n\t\t\t\t<div class=\"tf_lazy slide-image gallery-icon\"><a href=\"https:\/\/colegioconcepciontalca.cl\/wp-content\/uploads\/2024\/12\/05-9-scaled.jpeg\" class=\"themify_lightbox\"><img loading=\"lazy\" decoding=\"async\" width=\"2560\" height=\"1978\" src=\"https:\/\/colegioconcepciontalca.cl\/wp-content\/uploads\/2024\/12\/05-9-scaled.jpeg\" class=\"wp-post-image wp-image-15221\" title=\"05\" data-tf-not-load=\"1\" alt=\"05\" srcset=\"https:\/\/colegioconcepciontalca.cl\/wp-content\/uploads\/2024\/12\/05-9-scaled.jpeg 2560w, https:\/\/colegioconcepciontalca.cl\/wp-content\/uploads\/2024\/12\/05-9-300x232.jpeg 300w, https:\/\/colegioconcepciontalca.cl\/wp-content\/uploads\/2024\/12\/05-9-1024x791.jpeg 1024w, https:\/\/colegioconcepciontalca.cl\/wp-content\/uploads\/2024\/12\/05-9-768x593.jpeg 768w, https:\/\/colegioconcepciontalca.cl\/wp-content\/uploads\/2024\/12\/05-9-1536x1187.jpeg 1536w, https:\/\/colegioconcepciontalca.cl\/wp-content\/uploads\/2024\/12\/05-9-2048x1583.jpeg 2048w\" sizes=\"auto, (max-width: 2560px) 100vw, 2560px\" \/><\/a>\t\t\t\t<\/div>\n\t\t\t\t\t\t\t<\/div><\/div>\n\t\t\t<\/div>\n<\/div>\n                <div class=\"themify_builder_slider_vertical tf_rel\">\n    <div class=\"swiper-container tf_carousel themify_builder_slider themify_builder_slider_vertical tb_49mi813_thumbs tf_rel tf_overflow\"\n\tdata-pager=\"1\"\n\t data-lazy=\"1\"\t        data-thumbs-id=\"tb_49mi813_thumbs\"\n\t\tdata-visible=\"4\" \n\t\tdata-tbreakpoints=\"1280\"\n\t\tdata-mbreakpoints=\"680\"\n\t\tdata-tab-visible=\"0\"\n\t\tdata-mob-visible=\"0\"\n\t\t\t\tdata-auto=\"4\"\n\t\tdata-pause_hover=\"1\"\n\t\t\t\t\tdata-controller=\"0\"\n\t\t\t\tdata-speed=\"1\"\n\tdata-wrapvar=\"1\"\n\tdata-slider_nav=\"1\"\n\tdata-height=\"variable\"\n\t>\n\t<div class=\"swiper-wrapper tf_lazy tf_rel tf_w tf_h tf_textc\">\n\t\t\t\t\t<div class=\"swiper-slide\">\n\t\t\t<div class=\"slide-inner-wrap\">\n\t\t\t\t<div class=\"tf_lazy slide-image gallery-icon\"><img loading=\"lazy\" decoding=\"async\" src=\"https:\/\/colegioconcepciontalca.cl\/wp-content\/uploads\/2024\/12\/01-10-scaled-300x200.jpeg\" width=\"300\" height=\"200\" class=\"wp-post-image wp-image-15217\" title=\"01\" data-tf-not-load=\"1\" alt=\"01\">\t\t\t\t<\/div>\n\t\t\t\t\t\t\t<\/div><\/div>\n\t\t\t\t\t<div class=\"swiper-slide\">\n\t\t\t<div class=\"slide-inner-wrap\">\n\t\t\t\t<div class=\"tf_lazy slide-image gallery-icon\"><img loading=\"lazy\" decoding=\"async\" src=\"https:\/\/colegioconcepciontalca.cl\/wp-content\/uploads\/2024\/12\/02-9-scaled-300x200.jpeg\" width=\"300\" height=\"200\" class=\"wp-post-image wp-image-15218\" title=\"02\" data-tf-not-load=\"1\" alt=\"02\">\t\t\t\t<\/div>\n\t\t\t\t\t\t\t<\/div><\/div>\n\t\t\t\t\t<div class=\"swiper-slide\">\n\t\t\t<div class=\"slide-inner-wrap\">\n\t\t\t\t<div class=\"tf_lazy slide-image gallery-icon\"><img loading=\"lazy\" decoding=\"async\" src=\"https:\/\/colegioconcepciontalca.cl\/wp-content\/uploads\/2024\/12\/03-9-scaled-300x200.jpeg\" width=\"300\" height=\"200\" class=\"wp-post-image wp-image-15219\" title=\"03\" data-tf-not-load=\"1\" alt=\"03\">\t\t\t\t<\/div>\n\t\t\t\t\t\t\t<\/div><\/div>\n\t\t\t\t\t<div class=\"swiper-slide\">\n\t\t\t<div class=\"slide-inner-wrap\">\n\t\t\t\t<div class=\"tf_lazy slide-image gallery-icon\"><img loading=\"lazy\" decoding=\"async\" src=\"https:\/\/colegioconcepciontalca.cl\/wp-content\/uploads\/2024\/12\/04-9-scaled-300x200.jpeg\" width=\"300\" height=\"200\" class=\"wp-post-image wp-image-15220\" title=\"04\" data-tf-not-load=\"1\" alt=\"04\">\t\t\t\t<\/div>\n\t\t\t\t\t\t\t<\/div><\/div>\n\t\t\t\t\t<div class=\"swiper-slide\">\n\t\t\t<div class=\"slide-inner-wrap\">\n\t\t\t\t<div class=\"tf_lazy slide-image gallery-icon\"><img loading=\"lazy\" decoding=\"async\" src=\"https:\/\/colegioconcepciontalca.cl\/wp-content\/uploads\/2024\/12\/05-9-scaled-300x200.jpeg\" width=\"300\" height=\"200\" class=\"wp-post-image wp-image-15221\" title=\"05\" data-tf-not-load=\"1\" alt=\"05\">\t\t\t\t<\/div>\n\t\t\t\t\t\t\t<\/div><\/div>\n\t\t\t<\/div>\n<\/div>\n            <\/div>\n    \n<\/div>\n<!-- \/module gallery -->\n\t        <\/div>\n\t    \t<\/div>\n\t\t    <\/div>\n\t    <!-- \/row_inner -->\n\t<\/div>\n\t<!-- \/module_row -->\n\t<\/div>\n<!--\/themify_builder_content--><!-- AddThis Advanced Settings generic via filter on the_content --><!-- AddThis Share Buttons generic via filter on the_content -->","protected":false},"excerpt":{"rendered":"<p>Con una actuaci\u00f3n espectacular y cargada de emoci\u00f3n, nuestro estudiante Mart\u00edn Araya se coron\u00f3 campe\u00f3n nacional en la categor\u00eda juvenil menor de 59 kg. en la gran final nacional de taekwondo.El combate fue un verdadero espect\u00e1culo. Faltando solo 2 segundos para el final del tercer y decisivo round, el marcador se encontraba empatado a 8 [&hellip;]<!-- AddThis Advanced Settings generic via filter on get_the_excerpt --><!-- AddThis Share Buttons generic via filter on get_the_excerpt --><\/p>\n","protected":false},"author":1,"featured_media":15217,"comment_status":"closed","ping_status":"closed","sticky":false,"template":"","format":"standard","meta":{"footnotes":""},"categories":[4],"tags":[],"class_list":["post-15216","post","type-post","status-publish","format-standard","has-post-thumbnail","hentry","category-noticias","has-post-title","has-post-date","has-post-category","has-post-tag","has-post-comment","has-post-author",""," cat-4"],"jetpack_featured_media_url":"https:\/\/colegioconcepciontalca.cl\/wp-content\/uploads\/2024\/12\/01-10-scaled.jpeg","builder_content":"<p>Con una actuaci\u00f3n espectacular y cargada de emoci\u00f3n, nuestro estudiante <strong>Mart\u00edn Araya<\/strong> se coron\u00f3 <strong>campe\u00f3n nacional<\/strong> en la categor\u00eda juvenil menor de 59 kg. en la gran final nacional de taekwondo.<\/p><p>El combate fue un verdadero espect\u00e1culo. Faltando solo 2 segundos para el final del tercer y decisivo round, el marcador se encontraba empatado a 8 puntos. En ese momento crucial, Mart\u00edn logr\u00f3 ponerse en ventaja con un punto, y en las \u00faltimas 65 cent\u00e9simas, sorprendi\u00f3 a su oponente con una precisa patada derecha a la cabeza, dejando el marcador final en un contundente <strong>12 a 8<\/strong>.<\/p><p>Este triunfo no solo refleja su talento y preparaci\u00f3n, sino tambi\u00e9n su capacidad para mantener la calma y ejecutar una estrategia brillante bajo presi\u00f3n.<\/p><p>\u00a1Felicitamos a Mart\u00edn por este incre\u00edble logro que llena de orgullo a nuestra comunidad educativa! Su esfuerzo, disciplina y pasi\u00f3n por el taekwondo son un ejemplo para todos.<\/p>\n[gallery ids=\"15217,15218,15219,15220,15221\"]","_links":{"self":[{"href":"https:\/\/colegioconcepciontalca.cl\/index.php\/wp-json\/wp\/v2\/posts\/15216","targetHints":{"allow":["GET"]}}],"collection":[{"href":"https:\/\/colegioconcepciontalca.cl\/index.php\/wp-json\/wp\/v2\/posts"}],"about":[{"href":"https:\/\/colegioconcepciontalca.cl\/index.php\/wp-json\/wp\/v2\/types\/post"}],"author":[{"embeddable":true,"href":"https:\/\/colegioconcepciontalca.cl\/index.php\/wp-json\/wp\/v2\/users\/1"}],"replies":[{"embeddable":true,"href":"https:\/\/colegioconcepciontalca.cl\/index.php\/wp-json\/wp\/v2\/comments?post=15216"}],"version-history":[{"count":1,"href":"https:\/\/colegioconcepciontalca.cl\/index.php\/wp-json\/wp\/v2\/posts\/15216\/revisions"}],"predecessor-version":[{"id":15222,"href":"https:\/\/colegioconcepciontalca.cl\/index.php\/wp-json\/wp\/v2\/posts\/15216\/revisions\/15222"}],"wp:featuredmedia":[{"embeddable":true,"href":"https:\/\/colegioconcepciontalca.cl\/index.php\/wp-json\/wp\/v2\/media\/15217"}],"wp:attachment":[{"href":"https:\/\/colegioconcepciontalca.cl\/index.php\/wp-json\/wp\/v2\/media?parent=15216"}],"wp:term":[{"taxonomy":"category","embeddable":true,"href":"https:\/\/colegioconcepciontalca.cl\/index.php\/wp-json\/wp\/v2\/categories?post=15216"},{"taxonomy":"post_tag","embeddable":true,"href":"https:\/\/colegioconcepciontalca.cl\/index.php\/wp-json\/wp\/v2\/tags?post=15216"}],"curies":[{"name":"wp","href":"https:\/\/api.w.org\/{rel}","templated":true}]}}