{"id":15065,"date":"2024-12-03T16:18:33","date_gmt":"2024-12-03T19:18:33","guid":{"rendered":"https:\/\/colegioconcepciontalca.cl\/?p=15065"},"modified":"2024-12-03T16:18:37","modified_gmt":"2024-12-03T19:18:37","slug":"taller-de-comic-impulsa-la-creatividad-en-el-colegio-concepcion-talca","status":"publish","type":"post","link":"https:\/\/colegioconcepciontalca.cl\/index.php\/2024\/12\/03\/taller-de-comic-impulsa-la-creatividad-en-el-colegio-concepcion-talca\/","title":{"rendered":"Taller de C\u00f3mic impulsa la creatividad en el Colegio Concepci\u00f3n Talca"},"content":{"rendered":"<!--themify_builder_content-->\n<div id=\"themify_builder_content-15065\" data-postid=\"15065\" class=\"themify_builder_content themify_builder_content-15065 themify_builder tf_clear\">\n    \t<!-- module_row -->\n\t<div  data-lazy=\"1\" class=\"module_row themify_builder_row tb_8qbr87 tb_first tf_clearfix\">\n\t    \t\t<div class=\"row_inner col_align_top tf_box tf_w tf_rel\">\n\t\t\t<div  data-lazy=\"1\" class=\"module_column tb-column col-full first tb_ntn787 tf_box\">\n\t    \t    \t        <div class=\"tb-column-inner tf_box tf_w\">\n\t\t    <!-- module text -->\n<div  class=\"module module-text tb_7q6891   \" data-lazy=\"1\">\n            <div  class=\"tb_text_wrap\">\n    <p>Durante el segundo semestre de 2024, los estudiantes Emilio Contreras Gonz\u00e1lez e Ignacio V\u00e9liz Mora, del Tercero Medio B, lideraron el taller extracurricular de C\u00f3mic dirigido a alumnos del segundo ciclo del Colegio Concepci\u00f3n Talca. El taller, iniciado el 6 de agosto y concluido el 28 de noviembre, abord\u00f3 aspectos clave para la creaci\u00f3n de c\u00f3mics, como dise\u00f1o de personajes, vi\u00f1etas, globos de di\u00e1logo, ritmo narrativo y construcci\u00f3n de historias.<\/p><p>Adem\u00e1s de los conceptos t\u00e9cnicos, se promovi\u00f3 la creatividad, originalidad y motivaci\u00f3n entre los participantes, impuls\u00e1ndolos a desarrollar y finalizar sus propios c\u00f3mics. Los resultados del taller se exhibieron en el diario mural del hall central, permitiendo a toda la comunidad escolar apreciar el talento art\u00edstico de los estudiantes.<\/p><p>Esta iniciativa cumpli\u00f3 con su objetivo de incentivar la creatividad, fomentar la convivencia escolar y destacar el lado art\u00edstico del colegio. Emilio e Ignacio agradecieron a la Direcci\u00f3n de Formaci\u00f3n por el apoyo brindado para materializar este proyecto que motiv\u00f3 a nuevas generaciones a explorar el arte del c\u00f3mic.<\/p>    <\/div>\n<\/div>\n<!-- \/module text -->\t        <\/div>\n\t    \t<\/div>\n\t\t    <\/div>\n\t    <!-- \/row_inner -->\n\t<\/div>\n\t<!-- \/module_row -->\n\t\t<!-- module_row -->\n\t<div  data-lazy=\"1\" class=\"module_row themify_builder_row tb_mv2t203 tf_clearfix\">\n\t    \t\t<div class=\"row_inner col_align_top tf_box tf_w tf_rel\">\n\t\t\t<div  data-lazy=\"1\" class=\"module_column tb-column col-full first tb_2ws6203 tf_box\">\n\t    \t    \t        <div class=\"tb-column-inner tf_box tf_w\">\n\t\t    <!-- module gallery -->\n<div  class=\"module gallery module-gallery tb_pxcb207 layout-slider  \" data-lazy=\"1\">\n                <div class=\"swiper-container tf_carousel themify_builder_slider tf_rel tf_overflow\"\n\tdata-pager=\"0\"\n\t data-lazy=\"1\"\t\t\tdata-thumbs=\"tb_pxcb207_thumbs\"\n\t\tdata-effect=\"scroll\" \n\t\tdata-css_url=\"https:\/\/colegioconcepciontalca.cl\/wp-content\/themes\/themify-ultra\/themify\/themify-builder\/css\/modules\/sliders\/carousel.css,https:\/\/colegioconcepciontalca.cl\/wp-content\/themes\/themify-ultra\/themify\/themify-builder\/css\/modules\/sliders\/gallery.css\"\n\t\t\t\tdata-auto=\"4\"\n\t\tdata-pause_hover=\"1\"\n\t\t\t\tdata-speed=\"1\"\n\tdata-wrapvar=\"1\"\n\tdata-slider_nav=\"0\"\n\tdata-height=\"variable\"\n\t>\n\t<div class=\"swiper-wrapper tf_lazy tf_rel tf_w tf_h tf_textc\">\n\t\t\t\t\t<div class=\"swiper-slide\">\n\t\t\t<div class=\"slide-inner-wrap\">\n\t\t\t\t<div class=\"tf_lazy slide-image gallery-icon\"><a href=\"https:\/\/colegioconcepciontalca.cl\/wp-content\/uploads\/2024\/12\/01-1-scaled.jpg\" class=\"themify_lightbox\"><img loading=\"lazy\" decoding=\"async\" width=\"2560\" height=\"1978\" src=\"https:\/\/colegioconcepciontalca.cl\/wp-content\/uploads\/2024\/12\/01-1-scaled.jpg\" class=\"wp-post-image wp-image-15066\" title=\"01\" data-tf-not-load=\"1\" alt=\"01\" srcset=\"https:\/\/colegioconcepciontalca.cl\/wp-content\/uploads\/2024\/12\/01-1-scaled.jpg 2560w, https:\/\/colegioconcepciontalca.cl\/wp-content\/uploads\/2024\/12\/01-1-300x232.jpg 300w, https:\/\/colegioconcepciontalca.cl\/wp-content\/uploads\/2024\/12\/01-1-1024x791.jpg 1024w, https:\/\/colegioconcepciontalca.cl\/wp-content\/uploads\/2024\/12\/01-1-768x593.jpg 768w, https:\/\/colegioconcepciontalca.cl\/wp-content\/uploads\/2024\/12\/01-1-1536x1187.jpg 1536w, https:\/\/colegioconcepciontalca.cl\/wp-content\/uploads\/2024\/12\/01-1-2048x1583.jpg 2048w\" sizes=\"auto, (max-width: 2560px) 100vw, 2560px\" \/><\/a>\t\t\t\t<\/div>\n\t\t\t\t\t\t\t<\/div><\/div>\n\t\t\t\t\t<div class=\"swiper-slide\">\n\t\t\t<div class=\"slide-inner-wrap\">\n\t\t\t\t<div class=\"tf_lazy slide-image gallery-icon\"><a href=\"https:\/\/colegioconcepciontalca.cl\/wp-content\/uploads\/2024\/12\/02-1-scaled.jpg\" class=\"themify_lightbox\"><img loading=\"lazy\" decoding=\"async\" width=\"2560\" height=\"1978\" src=\"https:\/\/colegioconcepciontalca.cl\/wp-content\/uploads\/2024\/12\/02-1-scaled.jpg\" class=\"wp-post-image wp-image-15067\" title=\"02\" data-tf-not-load=\"1\" alt=\"02\" srcset=\"https:\/\/colegioconcepciontalca.cl\/wp-content\/uploads\/2024\/12\/02-1-scaled.jpg 2560w, https:\/\/colegioconcepciontalca.cl\/wp-content\/uploads\/2024\/12\/02-1-300x232.jpg 300w, https:\/\/colegioconcepciontalca.cl\/wp-content\/uploads\/2024\/12\/02-1-1024x791.jpg 1024w, https:\/\/colegioconcepciontalca.cl\/wp-content\/uploads\/2024\/12\/02-1-768x593.jpg 768w, https:\/\/colegioconcepciontalca.cl\/wp-content\/uploads\/2024\/12\/02-1-1536x1187.jpg 1536w, https:\/\/colegioconcepciontalca.cl\/wp-content\/uploads\/2024\/12\/02-1-2048x1583.jpg 2048w\" sizes=\"auto, (max-width: 2560px) 100vw, 2560px\" \/><\/a>\t\t\t\t<\/div>\n\t\t\t\t\t\t\t<\/div><\/div>\n\t\t\t\t\t<div class=\"swiper-slide\">\n\t\t\t<div class=\"slide-inner-wrap\">\n\t\t\t\t<div class=\"tf_lazy slide-image gallery-icon\"><a href=\"https:\/\/colegioconcepciontalca.cl\/wp-content\/uploads\/2024\/12\/03-1-scaled.jpg\" class=\"themify_lightbox\"><img loading=\"lazy\" decoding=\"async\" width=\"2560\" height=\"1978\" src=\"https:\/\/colegioconcepciontalca.cl\/wp-content\/uploads\/2024\/12\/03-1-scaled.jpg\" class=\"wp-post-image wp-image-15068\" title=\"03\" data-tf-not-load=\"1\" alt=\"03\" srcset=\"https:\/\/colegioconcepciontalca.cl\/wp-content\/uploads\/2024\/12\/03-1-scaled.jpg 2560w, https:\/\/colegioconcepciontalca.cl\/wp-content\/uploads\/2024\/12\/03-1-300x232.jpg 300w, https:\/\/colegioconcepciontalca.cl\/wp-content\/uploads\/2024\/12\/03-1-1024x791.jpg 1024w, https:\/\/colegioconcepciontalca.cl\/wp-content\/uploads\/2024\/12\/03-1-768x593.jpg 768w, https:\/\/colegioconcepciontalca.cl\/wp-content\/uploads\/2024\/12\/03-1-1536x1187.jpg 1536w, https:\/\/colegioconcepciontalca.cl\/wp-content\/uploads\/2024\/12\/03-1-2048x1583.jpg 2048w\" sizes=\"auto, (max-width: 2560px) 100vw, 2560px\" \/><\/a>\t\t\t\t<\/div>\n\t\t\t\t\t\t\t<\/div><\/div>\n\t\t\t\t\t<div class=\"swiper-slide\">\n\t\t\t<div class=\"slide-inner-wrap\">\n\t\t\t\t<div class=\"tf_lazy slide-image gallery-icon\"><a href=\"https:\/\/colegioconcepciontalca.cl\/wp-content\/uploads\/2024\/12\/04-1-scaled.jpg\" class=\"themify_lightbox\"><img loading=\"lazy\" decoding=\"async\" width=\"2560\" height=\"1978\" src=\"https:\/\/colegioconcepciontalca.cl\/wp-content\/uploads\/2024\/12\/04-1-scaled.jpg\" class=\"wp-post-image wp-image-15069\" title=\"04\" data-tf-not-load=\"1\" alt=\"04\" srcset=\"https:\/\/colegioconcepciontalca.cl\/wp-content\/uploads\/2024\/12\/04-1-scaled.jpg 2560w, https:\/\/colegioconcepciontalca.cl\/wp-content\/uploads\/2024\/12\/04-1-300x232.jpg 300w, https:\/\/colegioconcepciontalca.cl\/wp-content\/uploads\/2024\/12\/04-1-1024x791.jpg 1024w, https:\/\/colegioconcepciontalca.cl\/wp-content\/uploads\/2024\/12\/04-1-768x593.jpg 768w, https:\/\/colegioconcepciontalca.cl\/wp-content\/uploads\/2024\/12\/04-1-1536x1187.jpg 1536w, https:\/\/colegioconcepciontalca.cl\/wp-content\/uploads\/2024\/12\/04-1-2048x1583.jpg 2048w\" sizes=\"auto, (max-width: 2560px) 100vw, 2560px\" \/><\/a>\t\t\t\t<\/div>\n\t\t\t\t\t\t\t<\/div><\/div>\n\t\t\t\t\t<div class=\"swiper-slide\">\n\t\t\t<div class=\"slide-inner-wrap\">\n\t\t\t\t<div class=\"tf_lazy slide-image gallery-icon\"><a href=\"https:\/\/colegioconcepciontalca.cl\/wp-content\/uploads\/2024\/12\/05-1-scaled.jpg\" class=\"themify_lightbox\"><img loading=\"lazy\" decoding=\"async\" width=\"2560\" height=\"1978\" src=\"https:\/\/colegioconcepciontalca.cl\/wp-content\/uploads\/2024\/12\/05-1-scaled.jpg\" class=\"wp-post-image wp-image-15070\" title=\"05\" data-tf-not-load=\"1\" alt=\"05\" srcset=\"https:\/\/colegioconcepciontalca.cl\/wp-content\/uploads\/2024\/12\/05-1-scaled.jpg 2560w, https:\/\/colegioconcepciontalca.cl\/wp-content\/uploads\/2024\/12\/05-1-300x232.jpg 300w, https:\/\/colegioconcepciontalca.cl\/wp-content\/uploads\/2024\/12\/05-1-1024x791.jpg 1024w, https:\/\/colegioconcepciontalca.cl\/wp-content\/uploads\/2024\/12\/05-1-768x593.jpg 768w, https:\/\/colegioconcepciontalca.cl\/wp-content\/uploads\/2024\/12\/05-1-1536x1187.jpg 1536w, https:\/\/colegioconcepciontalca.cl\/wp-content\/uploads\/2024\/12\/05-1-2048x1583.jpg 2048w\" sizes=\"auto, (max-width: 2560px) 100vw, 2560px\" \/><\/a>\t\t\t\t<\/div>\n\t\t\t\t\t\t\t<\/div><\/div>\n\t\t\t\t\t<div class=\"swiper-slide\">\n\t\t\t<div class=\"slide-inner-wrap\">\n\t\t\t\t<div class=\"tf_lazy slide-image gallery-icon\"><a href=\"https:\/\/colegioconcepciontalca.cl\/wp-content\/uploads\/2024\/12\/06-1-scaled.jpg\" class=\"themify_lightbox\"><img loading=\"lazy\" decoding=\"async\" width=\"2560\" height=\"1978\" src=\"https:\/\/colegioconcepciontalca.cl\/wp-content\/uploads\/2024\/12\/06-1-scaled.jpg\" class=\"wp-post-image wp-image-15071\" title=\"06\" data-tf-not-load=\"1\" alt=\"06\" srcset=\"https:\/\/colegioconcepciontalca.cl\/wp-content\/uploads\/2024\/12\/06-1-scaled.jpg 2560w, https:\/\/colegioconcepciontalca.cl\/wp-content\/uploads\/2024\/12\/06-1-300x232.jpg 300w, https:\/\/colegioconcepciontalca.cl\/wp-content\/uploads\/2024\/12\/06-1-1024x791.jpg 1024w, https:\/\/colegioconcepciontalca.cl\/wp-content\/uploads\/2024\/12\/06-1-768x593.jpg 768w, https:\/\/colegioconcepciontalca.cl\/wp-content\/uploads\/2024\/12\/06-1-1536x1187.jpg 1536w, https:\/\/colegioconcepciontalca.cl\/wp-content\/uploads\/2024\/12\/06-1-2048x1583.jpg 2048w\" sizes=\"auto, (max-width: 2560px) 100vw, 2560px\" \/><\/a>\t\t\t\t<\/div>\n\t\t\t\t\t\t\t<\/div><\/div>\n\t\t\t\t\t<div class=\"swiper-slide\">\n\t\t\t<div class=\"slide-inner-wrap\">\n\t\t\t\t<div class=\"tf_lazy slide-image gallery-icon\"><a href=\"https:\/\/colegioconcepciontalca.cl\/wp-content\/uploads\/2024\/12\/07-1-scaled.jpg\" class=\"themify_lightbox\"><img loading=\"lazy\" decoding=\"async\" width=\"2560\" height=\"1978\" src=\"https:\/\/colegioconcepciontalca.cl\/wp-content\/uploads\/2024\/12\/07-1-scaled.jpg\" class=\"wp-post-image wp-image-15072\" title=\"07\" data-tf-not-load=\"1\" alt=\"07\" srcset=\"https:\/\/colegioconcepciontalca.cl\/wp-content\/uploads\/2024\/12\/07-1-scaled.jpg 2560w, https:\/\/colegioconcepciontalca.cl\/wp-content\/uploads\/2024\/12\/07-1-300x232.jpg 300w, https:\/\/colegioconcepciontalca.cl\/wp-content\/uploads\/2024\/12\/07-1-1024x791.jpg 1024w, https:\/\/colegioconcepciontalca.cl\/wp-content\/uploads\/2024\/12\/07-1-768x593.jpg 768w, https:\/\/colegioconcepciontalca.cl\/wp-content\/uploads\/2024\/12\/07-1-1536x1187.jpg 1536w, https:\/\/colegioconcepciontalca.cl\/wp-content\/uploads\/2024\/12\/07-1-2048x1583.jpg 2048w\" sizes=\"auto, (max-width: 2560px) 100vw, 2560px\" \/><\/a>\t\t\t\t<\/div>\n\t\t\t\t\t\t\t<\/div><\/div>\n\t\t\t\t\t<div class=\"swiper-slide\">\n\t\t\t<div class=\"slide-inner-wrap\">\n\t\t\t\t<div class=\"tf_lazy slide-image gallery-icon\"><a href=\"https:\/\/colegioconcepciontalca.cl\/wp-content\/uploads\/2024\/12\/08-2-scaled.jpg\" class=\"themify_lightbox\"><img loading=\"lazy\" decoding=\"async\" width=\"2560\" height=\"1978\" src=\"https:\/\/colegioconcepciontalca.cl\/wp-content\/uploads\/2024\/12\/08-2-scaled.jpg\" class=\"wp-post-image wp-image-15073\" title=\"08\" data-tf-not-load=\"1\" alt=\"08\" srcset=\"https:\/\/colegioconcepciontalca.cl\/wp-content\/uploads\/2024\/12\/08-2-scaled.jpg 2560w, https:\/\/colegioconcepciontalca.cl\/wp-content\/uploads\/2024\/12\/08-2-300x232.jpg 300w, https:\/\/colegioconcepciontalca.cl\/wp-content\/uploads\/2024\/12\/08-2-1024x791.jpg 1024w, https:\/\/colegioconcepciontalca.cl\/wp-content\/uploads\/2024\/12\/08-2-768x593.jpg 768w, https:\/\/colegioconcepciontalca.cl\/wp-content\/uploads\/2024\/12\/08-2-1536x1187.jpg 1536w, https:\/\/colegioconcepciontalca.cl\/wp-content\/uploads\/2024\/12\/08-2-2048x1583.jpg 2048w\" sizes=\"auto, (max-width: 2560px) 100vw, 2560px\" \/><\/a>\t\t\t\t<\/div>\n\t\t\t\t\t\t\t<\/div><\/div>\n\t\t\t\t\t<div class=\"swiper-slide\">\n\t\t\t<div class=\"slide-inner-wrap\">\n\t\t\t\t<div class=\"tf_lazy slide-image gallery-icon\"><a href=\"https:\/\/colegioconcepciontalca.cl\/wp-content\/uploads\/2024\/12\/09-scaled.jpg\" class=\"themify_lightbox\"><img loading=\"lazy\" decoding=\"async\" width=\"2560\" height=\"1978\" src=\"https:\/\/colegioconcepciontalca.cl\/wp-content\/uploads\/2024\/12\/09-scaled.jpg\" class=\"wp-post-image wp-image-15074\" title=\"09\" data-tf-not-load=\"1\" alt=\"09\" srcset=\"https:\/\/colegioconcepciontalca.cl\/wp-content\/uploads\/2024\/12\/09-scaled.jpg 2560w, https:\/\/colegioconcepciontalca.cl\/wp-content\/uploads\/2024\/12\/09-300x232.jpg 300w, https:\/\/colegioconcepciontalca.cl\/wp-content\/uploads\/2024\/12\/09-1024x791.jpg 1024w, https:\/\/colegioconcepciontalca.cl\/wp-content\/uploads\/2024\/12\/09-768x593.jpg 768w, https:\/\/colegioconcepciontalca.cl\/wp-content\/uploads\/2024\/12\/09-1536x1187.jpg 1536w, https:\/\/colegioconcepciontalca.cl\/wp-content\/uploads\/2024\/12\/09-2048x1583.jpg 2048w\" sizes=\"auto, (max-width: 2560px) 100vw, 2560px\" \/><\/a>\t\t\t\t<\/div>\n\t\t\t\t\t\t\t<\/div><\/div>\n\t\t\t\t\t<div class=\"swiper-slide\">\n\t\t\t<div class=\"slide-inner-wrap\">\n\t\t\t\t<div class=\"tf_lazy slide-image gallery-icon\"><a href=\"https:\/\/colegioconcepciontalca.cl\/wp-content\/uploads\/2024\/12\/10-scaled.jpg\" class=\"themify_lightbox\"><img loading=\"lazy\" decoding=\"async\" width=\"2560\" height=\"1978\" src=\"https:\/\/colegioconcepciontalca.cl\/wp-content\/uploads\/2024\/12\/10-scaled.jpg\" class=\"wp-post-image wp-image-15075\" title=\"10\" data-tf-not-load=\"1\" alt=\"10\" srcset=\"https:\/\/colegioconcepciontalca.cl\/wp-content\/uploads\/2024\/12\/10-scaled.jpg 2560w, https:\/\/colegioconcepciontalca.cl\/wp-content\/uploads\/2024\/12\/10-300x232.jpg 300w, https:\/\/colegioconcepciontalca.cl\/wp-content\/uploads\/2024\/12\/10-1024x791.jpg 1024w, https:\/\/colegioconcepciontalca.cl\/wp-content\/uploads\/2024\/12\/10-768x593.jpg 768w, https:\/\/colegioconcepciontalca.cl\/wp-content\/uploads\/2024\/12\/10-1536x1187.jpg 1536w, https:\/\/colegioconcepciontalca.cl\/wp-content\/uploads\/2024\/12\/10-2048x1583.jpg 2048w\" sizes=\"auto, (max-width: 2560px) 100vw, 2560px\" \/><\/a>\t\t\t\t<\/div>\n\t\t\t\t\t\t\t<\/div><\/div>\n\t\t\t\t\t<div class=\"swiper-slide\">\n\t\t\t<div class=\"slide-inner-wrap\">\n\t\t\t\t<div class=\"tf_lazy slide-image gallery-icon\"><a href=\"https:\/\/colegioconcepciontalca.cl\/wp-content\/uploads\/2024\/12\/11-scaled.jpg\" class=\"themify_lightbox\"><img loading=\"lazy\" decoding=\"async\" width=\"2560\" height=\"1978\" src=\"https:\/\/colegioconcepciontalca.cl\/wp-content\/uploads\/2024\/12\/11-scaled.jpg\" class=\"wp-post-image wp-image-15076\" title=\"11\" data-tf-not-load=\"1\" alt=\"11\" srcset=\"https:\/\/colegioconcepciontalca.cl\/wp-content\/uploads\/2024\/12\/11-scaled.jpg 2560w, https:\/\/colegioconcepciontalca.cl\/wp-content\/uploads\/2024\/12\/11-300x232.jpg 300w, https:\/\/colegioconcepciontalca.cl\/wp-content\/uploads\/2024\/12\/11-1024x791.jpg 1024w, https:\/\/colegioconcepciontalca.cl\/wp-content\/uploads\/2024\/12\/11-768x593.jpg 768w, https:\/\/colegioconcepciontalca.cl\/wp-content\/uploads\/2024\/12\/11-1536x1187.jpg 1536w, https:\/\/colegioconcepciontalca.cl\/wp-content\/uploads\/2024\/12\/11-2048x1583.jpg 2048w\" sizes=\"auto, (max-width: 2560px) 100vw, 2560px\" \/><\/a>\t\t\t\t<\/div>\n\t\t\t\t\t\t\t<\/div><\/div>\n\t\t\t\t\t<div class=\"swiper-slide\">\n\t\t\t<div class=\"slide-inner-wrap\">\n\t\t\t\t<div class=\"tf_lazy slide-image gallery-icon\"><a href=\"https:\/\/colegioconcepciontalca.cl\/wp-content\/uploads\/2024\/12\/12-scaled.jpg\" class=\"themify_lightbox\"><img loading=\"lazy\" decoding=\"async\" width=\"2560\" height=\"1978\" src=\"https:\/\/colegioconcepciontalca.cl\/wp-content\/uploads\/2024\/12\/12-scaled.jpg\" class=\"wp-post-image wp-image-15077\" title=\"12\" data-tf-not-load=\"1\" alt=\"12\" srcset=\"https:\/\/colegioconcepciontalca.cl\/wp-content\/uploads\/2024\/12\/12-scaled.jpg 2560w, https:\/\/colegioconcepciontalca.cl\/wp-content\/uploads\/2024\/12\/12-300x232.jpg 300w, https:\/\/colegioconcepciontalca.cl\/wp-content\/uploads\/2024\/12\/12-1024x791.jpg 1024w, https:\/\/colegioconcepciontalca.cl\/wp-content\/uploads\/2024\/12\/12-768x593.jpg 768w, https:\/\/colegioconcepciontalca.cl\/wp-content\/uploads\/2024\/12\/12-1536x1187.jpg 1536w, https:\/\/colegioconcepciontalca.cl\/wp-content\/uploads\/2024\/12\/12-2048x1583.jpg 2048w\" sizes=\"auto, (max-width: 2560px) 100vw, 2560px\" \/><\/a>\t\t\t\t<\/div>\n\t\t\t\t\t\t\t<\/div><\/div>\n\t\t\t\t\t<div class=\"swiper-slide\">\n\t\t\t<div class=\"slide-inner-wrap\">\n\t\t\t\t<div class=\"tf_lazy slide-image gallery-icon\"><a href=\"https:\/\/colegioconcepciontalca.cl\/wp-content\/uploads\/2024\/12\/13-scaled.jpg\" class=\"themify_lightbox\"><img loading=\"lazy\" decoding=\"async\" width=\"2560\" height=\"1978\" src=\"https:\/\/colegioconcepciontalca.cl\/wp-content\/uploads\/2024\/12\/13-scaled.jpg\" class=\"wp-post-image wp-image-15078\" title=\"13\" data-tf-not-load=\"1\" alt=\"13\" srcset=\"https:\/\/colegioconcepciontalca.cl\/wp-content\/uploads\/2024\/12\/13-scaled.jpg 2560w, https:\/\/colegioconcepciontalca.cl\/wp-content\/uploads\/2024\/12\/13-300x232.jpg 300w, https:\/\/colegioconcepciontalca.cl\/wp-content\/uploads\/2024\/12\/13-1024x791.jpg 1024w, https:\/\/colegioconcepciontalca.cl\/wp-content\/uploads\/2024\/12\/13-768x593.jpg 768w, https:\/\/colegioconcepciontalca.cl\/wp-content\/uploads\/2024\/12\/13-1536x1187.jpg 1536w, https:\/\/colegioconcepciontalca.cl\/wp-content\/uploads\/2024\/12\/13-2048x1583.jpg 2048w\" sizes=\"auto, (max-width: 2560px) 100vw, 2560px\" \/><\/a>\t\t\t\t<\/div>\n\t\t\t\t\t\t\t<\/div><\/div>\n\t\t\t\t\t<div class=\"swiper-slide\">\n\t\t\t<div class=\"slide-inner-wrap\">\n\t\t\t\t<div class=\"tf_lazy slide-image gallery-icon\"><a href=\"https:\/\/colegioconcepciontalca.cl\/wp-content\/uploads\/2024\/12\/14-scaled.jpg\" class=\"themify_lightbox\"><img loading=\"lazy\" decoding=\"async\" width=\"2560\" height=\"1978\" src=\"https:\/\/colegioconcepciontalca.cl\/wp-content\/uploads\/2024\/12\/14-scaled.jpg\" class=\"wp-post-image wp-image-15079\" title=\"14\" data-tf-not-load=\"1\" alt=\"14\" srcset=\"https:\/\/colegioconcepciontalca.cl\/wp-content\/uploads\/2024\/12\/14-scaled.jpg 2560w, https:\/\/colegioconcepciontalca.cl\/wp-content\/uploads\/2024\/12\/14-300x232.jpg 300w, https:\/\/colegioconcepciontalca.cl\/wp-content\/uploads\/2024\/12\/14-1024x791.jpg 1024w, https:\/\/colegioconcepciontalca.cl\/wp-content\/uploads\/2024\/12\/14-768x593.jpg 768w, https:\/\/colegioconcepciontalca.cl\/wp-content\/uploads\/2024\/12\/14-1536x1187.jpg 1536w, https:\/\/colegioconcepciontalca.cl\/wp-content\/uploads\/2024\/12\/14-2048x1583.jpg 2048w\" sizes=\"auto, (max-width: 2560px) 100vw, 2560px\" \/><\/a>\t\t\t\t<\/div>\n\t\t\t\t\t\t\t<\/div><\/div>\n\t\t\t\t\t<div class=\"swiper-slide\">\n\t\t\t<div class=\"slide-inner-wrap\">\n\t\t\t\t<div class=\"tf_lazy slide-image gallery-icon\"><a href=\"https:\/\/colegioconcepciontalca.cl\/wp-content\/uploads\/2024\/12\/15-scaled.jpg\" class=\"themify_lightbox\"><img loading=\"lazy\" decoding=\"async\" width=\"2560\" height=\"1978\" src=\"https:\/\/colegioconcepciontalca.cl\/wp-content\/uploads\/2024\/12\/15-scaled.jpg\" class=\"wp-post-image wp-image-15080\" title=\"15\" data-tf-not-load=\"1\" alt=\"15\" srcset=\"https:\/\/colegioconcepciontalca.cl\/wp-content\/uploads\/2024\/12\/15-scaled.jpg 2560w, https:\/\/colegioconcepciontalca.cl\/wp-content\/uploads\/2024\/12\/15-300x232.jpg 300w, https:\/\/colegioconcepciontalca.cl\/wp-content\/uploads\/2024\/12\/15-1024x791.jpg 1024w, https:\/\/colegioconcepciontalca.cl\/wp-content\/uploads\/2024\/12\/15-768x593.jpg 768w, https:\/\/colegioconcepciontalca.cl\/wp-content\/uploads\/2024\/12\/15-1536x1187.jpg 1536w, https:\/\/colegioconcepciontalca.cl\/wp-content\/uploads\/2024\/12\/15-2048x1583.jpg 2048w\" sizes=\"auto, (max-width: 2560px) 100vw, 2560px\" \/><\/a>\t\t\t\t<\/div>\n\t\t\t\t\t\t\t<\/div><\/div>\n\t\t\t\t\t<div class=\"swiper-slide\">\n\t\t\t<div class=\"slide-inner-wrap\">\n\t\t\t\t<div class=\"tf_lazy slide-image gallery-icon\"><a href=\"https:\/\/colegioconcepciontalca.cl\/wp-content\/uploads\/2024\/12\/16-scaled.jpg\" class=\"themify_lightbox\"><img loading=\"lazy\" decoding=\"async\" width=\"2560\" height=\"1978\" src=\"https:\/\/colegioconcepciontalca.cl\/wp-content\/uploads\/2024\/12\/16-scaled.jpg\" class=\"wp-post-image wp-image-15081\" title=\"16\" data-tf-not-load=\"1\" alt=\"16\" srcset=\"https:\/\/colegioconcepciontalca.cl\/wp-content\/uploads\/2024\/12\/16-scaled.jpg 2560w, https:\/\/colegioconcepciontalca.cl\/wp-content\/uploads\/2024\/12\/16-300x232.jpg 300w, https:\/\/colegioconcepciontalca.cl\/wp-content\/uploads\/2024\/12\/16-1024x791.jpg 1024w, https:\/\/colegioconcepciontalca.cl\/wp-content\/uploads\/2024\/12\/16-768x593.jpg 768w, https:\/\/colegioconcepciontalca.cl\/wp-content\/uploads\/2024\/12\/16-1536x1187.jpg 1536w, https:\/\/colegioconcepciontalca.cl\/wp-content\/uploads\/2024\/12\/16-2048x1583.jpg 2048w\" sizes=\"auto, (max-width: 2560px) 100vw, 2560px\" \/><\/a>\t\t\t\t<\/div>\n\t\t\t\t\t\t\t<\/div><\/div>\n\t\t\t\t\t<div class=\"swiper-slide\">\n\t\t\t<div class=\"slide-inner-wrap\">\n\t\t\t\t<div class=\"tf_lazy slide-image gallery-icon\"><a href=\"https:\/\/colegioconcepciontalca.cl\/wp-content\/uploads\/2024\/12\/17-scaled.jpg\" class=\"themify_lightbox\"><img loading=\"lazy\" decoding=\"async\" width=\"2560\" height=\"1978\" src=\"https:\/\/colegioconcepciontalca.cl\/wp-content\/uploads\/2024\/12\/17-scaled.jpg\" class=\"wp-post-image wp-image-15082\" title=\"17\" data-tf-not-load=\"1\" alt=\"17\" srcset=\"https:\/\/colegioconcepciontalca.cl\/wp-content\/uploads\/2024\/12\/17-scaled.jpg 2560w, https:\/\/colegioconcepciontalca.cl\/wp-content\/uploads\/2024\/12\/17-300x232.jpg 300w, https:\/\/colegioconcepciontalca.cl\/wp-content\/uploads\/2024\/12\/17-1024x791.jpg 1024w, https:\/\/colegioconcepciontalca.cl\/wp-content\/uploads\/2024\/12\/17-768x593.jpg 768w, https:\/\/colegioconcepciontalca.cl\/wp-content\/uploads\/2024\/12\/17-1536x1187.jpg 1536w, https:\/\/colegioconcepciontalca.cl\/wp-content\/uploads\/2024\/12\/17-2048x1583.jpg 2048w\" sizes=\"auto, (max-width: 2560px) 100vw, 2560px\" \/><\/a>\t\t\t\t<\/div>\n\t\t\t\t\t\t\t<\/div><\/div>\n\t\t\t\t\t<div class=\"swiper-slide\">\n\t\t\t<div class=\"slide-inner-wrap\">\n\t\t\t\t<div class=\"tf_lazy slide-image gallery-icon\"><a href=\"https:\/\/colegioconcepciontalca.cl\/wp-content\/uploads\/2024\/12\/18-scaled.jpg\" class=\"themify_lightbox\"><img loading=\"lazy\" decoding=\"async\" width=\"2560\" height=\"1978\" src=\"https:\/\/colegioconcepciontalca.cl\/wp-content\/uploads\/2024\/12\/18-scaled.jpg\" class=\"wp-post-image wp-image-15083\" title=\"TALLER DE C\u00d3MIC - 1\" data-tf-not-load=\"1\" alt=\"TALLER DE C\u00d3MIC - 1\" srcset=\"https:\/\/colegioconcepciontalca.cl\/wp-content\/uploads\/2024\/12\/18-scaled.jpg 2560w, https:\/\/colegioconcepciontalca.cl\/wp-content\/uploads\/2024\/12\/18-300x232.jpg 300w, https:\/\/colegioconcepciontalca.cl\/wp-content\/uploads\/2024\/12\/18-1024x791.jpg 1024w, https:\/\/colegioconcepciontalca.cl\/wp-content\/uploads\/2024\/12\/18-768x593.jpg 768w, https:\/\/colegioconcepciontalca.cl\/wp-content\/uploads\/2024\/12\/18-1536x1187.jpg 1536w, https:\/\/colegioconcepciontalca.cl\/wp-content\/uploads\/2024\/12\/18-2048x1583.jpg 2048w\" sizes=\"auto, (max-width: 2560px) 100vw, 2560px\" \/><\/a>\t\t\t\t<\/div>\n\t\t\t\t\t\t\t<\/div><\/div>\n\t\t\t<\/div>\n<\/div>\n                <div class=\"themify_builder_slider_vertical tf_rel\">\n    <div class=\"swiper-container tf_carousel themify_builder_slider themify_builder_slider_vertical tb_pxcb207_thumbs tf_rel tf_overflow\"\n\tdata-pager=\"1\"\n\t data-lazy=\"1\"\t        data-thumbs-id=\"tb_pxcb207_thumbs\"\n\t\tdata-visible=\"4\" \n\t\tdata-tbreakpoints=\"1280\"\n\t\tdata-mbreakpoints=\"680\"\n\t\tdata-tab-visible=\"0\"\n\t\tdata-mob-visible=\"0\"\n\t\t\t\tdata-auto=\"4\"\n\t\tdata-pause_hover=\"1\"\n\t\t\t\t\tdata-controller=\"0\"\n\t\t\t\tdata-speed=\"1\"\n\tdata-wrapvar=\"1\"\n\tdata-slider_nav=\"1\"\n\tdata-height=\"variable\"\n\t>\n\t<div class=\"swiper-wrapper tf_lazy tf_rel tf_w tf_h tf_textc\">\n\t\t\t\t\t<div class=\"swiper-slide\">\n\t\t\t<div class=\"slide-inner-wrap\">\n\t\t\t\t<div class=\"tf_lazy slide-image gallery-icon\"><img loading=\"lazy\" decoding=\"async\" src=\"https:\/\/colegioconcepciontalca.cl\/wp-content\/uploads\/2024\/12\/01-1-scaled-300x200.jpg\" width=\"300\" height=\"200\" class=\"wp-post-image wp-image-15066\" title=\"01\" data-tf-not-load=\"1\" alt=\"01\">\t\t\t\t<\/div>\n\t\t\t\t\t\t\t<\/div><\/div>\n\t\t\t\t\t<div class=\"swiper-slide\">\n\t\t\t<div class=\"slide-inner-wrap\">\n\t\t\t\t<div class=\"tf_lazy slide-image gallery-icon\"><img loading=\"lazy\" decoding=\"async\" src=\"https:\/\/colegioconcepciontalca.cl\/wp-content\/uploads\/2024\/12\/02-1-scaled-300x200.jpg\" width=\"300\" height=\"200\" class=\"wp-post-image wp-image-15067\" title=\"02\" data-tf-not-load=\"1\" alt=\"02\">\t\t\t\t<\/div>\n\t\t\t\t\t\t\t<\/div><\/div>\n\t\t\t\t\t<div class=\"swiper-slide\">\n\t\t\t<div class=\"slide-inner-wrap\">\n\t\t\t\t<div class=\"tf_lazy slide-image gallery-icon\"><img loading=\"lazy\" decoding=\"async\" src=\"https:\/\/colegioconcepciontalca.cl\/wp-content\/uploads\/2024\/12\/03-1-scaled-300x200.jpg\" width=\"300\" height=\"200\" class=\"wp-post-image wp-image-15068\" title=\"03\" data-tf-not-load=\"1\" alt=\"03\">\t\t\t\t<\/div>\n\t\t\t\t\t\t\t<\/div><\/div>\n\t\t\t\t\t<div class=\"swiper-slide\">\n\t\t\t<div class=\"slide-inner-wrap\">\n\t\t\t\t<div class=\"tf_lazy slide-image gallery-icon\"><img loading=\"lazy\" decoding=\"async\" src=\"https:\/\/colegioconcepciontalca.cl\/wp-content\/uploads\/2024\/12\/04-1-scaled-300x200.jpg\" width=\"300\" height=\"200\" class=\"wp-post-image wp-image-15069\" title=\"04\" data-tf-not-load=\"1\" alt=\"04\">\t\t\t\t<\/div>\n\t\t\t\t\t\t\t<\/div><\/div>\n\t\t\t\t\t<div class=\"swiper-slide\">\n\t\t\t<div class=\"slide-inner-wrap\">\n\t\t\t\t<div class=\"tf_lazy slide-image gallery-icon\"><img loading=\"lazy\" decoding=\"async\" src=\"https:\/\/colegioconcepciontalca.cl\/wp-content\/uploads\/2024\/12\/05-1-scaled-300x200.jpg\" width=\"300\" height=\"200\" class=\"wp-post-image wp-image-15070\" title=\"05\" data-tf-not-load=\"1\" alt=\"05\">\t\t\t\t<\/div>\n\t\t\t\t\t\t\t<\/div><\/div>\n\t\t\t\t\t<div class=\"swiper-slide\">\n\t\t\t<div class=\"slide-inner-wrap\">\n\t\t\t\t<div class=\"tf_lazy slide-image gallery-icon\"><img loading=\"lazy\" decoding=\"async\" src=\"https:\/\/colegioconcepciontalca.cl\/wp-content\/uploads\/2024\/12\/06-1-scaled-300x200.jpg\" width=\"300\" height=\"200\" class=\"wp-post-image wp-image-15071\" title=\"06\" data-tf-not-load=\"1\" alt=\"06\">\t\t\t\t<\/div>\n\t\t\t\t\t\t\t<\/div><\/div>\n\t\t\t\t\t<div class=\"swiper-slide\">\n\t\t\t<div class=\"slide-inner-wrap\">\n\t\t\t\t<div class=\"tf_lazy slide-image gallery-icon\"><img loading=\"lazy\" decoding=\"async\" src=\"https:\/\/colegioconcepciontalca.cl\/wp-content\/uploads\/2024\/12\/07-1-scaled-300x200.jpg\" width=\"300\" height=\"200\" class=\"wp-post-image wp-image-15072\" title=\"07\" data-tf-not-load=\"1\" alt=\"07\">\t\t\t\t<\/div>\n\t\t\t\t\t\t\t<\/div><\/div>\n\t\t\t\t\t<div class=\"swiper-slide\">\n\t\t\t<div class=\"slide-inner-wrap\">\n\t\t\t\t<div class=\"tf_lazy slide-image gallery-icon\"><img loading=\"lazy\" decoding=\"async\" src=\"https:\/\/colegioconcepciontalca.cl\/wp-content\/uploads\/2024\/12\/08-2-scaled-300x200.jpg\" width=\"300\" height=\"200\" class=\"wp-post-image wp-image-15073\" title=\"08\" data-tf-not-load=\"1\" alt=\"08\">\t\t\t\t<\/div>\n\t\t\t\t\t\t\t<\/div><\/div>\n\t\t\t\t\t<div class=\"swiper-slide\">\n\t\t\t<div class=\"slide-inner-wrap\">\n\t\t\t\t<div class=\"tf_lazy slide-image gallery-icon\"><img loading=\"lazy\" decoding=\"async\" src=\"https:\/\/colegioconcepciontalca.cl\/wp-content\/uploads\/2024\/12\/09-scaled-300x200.jpg\" width=\"300\" height=\"200\" class=\"wp-post-image wp-image-15074\" title=\"09\" data-tf-not-load=\"1\" alt=\"09\">\t\t\t\t<\/div>\n\t\t\t\t\t\t\t<\/div><\/div>\n\t\t\t\t\t<div class=\"swiper-slide\">\n\t\t\t<div class=\"slide-inner-wrap\">\n\t\t\t\t<div class=\"tf_lazy slide-image gallery-icon\"><img loading=\"lazy\" decoding=\"async\" src=\"https:\/\/colegioconcepciontalca.cl\/wp-content\/uploads\/2024\/12\/10-scaled-300x200.jpg\" width=\"300\" height=\"200\" class=\"wp-post-image wp-image-15075\" title=\"10\" data-tf-not-load=\"1\" alt=\"10\">\t\t\t\t<\/div>\n\t\t\t\t\t\t\t<\/div><\/div>\n\t\t\t\t\t<div class=\"swiper-slide\">\n\t\t\t<div class=\"slide-inner-wrap\">\n\t\t\t\t<div class=\"tf_lazy slide-image gallery-icon\"><img loading=\"lazy\" decoding=\"async\" src=\"https:\/\/colegioconcepciontalca.cl\/wp-content\/uploads\/2024\/12\/11-scaled-300x200.jpg\" width=\"300\" height=\"200\" class=\"wp-post-image wp-image-15076\" title=\"11\" data-tf-not-load=\"1\" alt=\"11\">\t\t\t\t<\/div>\n\t\t\t\t\t\t\t<\/div><\/div>\n\t\t\t\t\t<div class=\"swiper-slide\">\n\t\t\t<div class=\"slide-inner-wrap\">\n\t\t\t\t<div class=\"tf_lazy slide-image gallery-icon\"><img loading=\"lazy\" decoding=\"async\" src=\"https:\/\/colegioconcepciontalca.cl\/wp-content\/uploads\/2024\/12\/12-scaled-300x200.jpg\" width=\"300\" height=\"200\" class=\"wp-post-image wp-image-15077\" title=\"12\" data-tf-not-load=\"1\" alt=\"12\">\t\t\t\t<\/div>\n\t\t\t\t\t\t\t<\/div><\/div>\n\t\t\t\t\t<div class=\"swiper-slide\">\n\t\t\t<div class=\"slide-inner-wrap\">\n\t\t\t\t<div class=\"tf_lazy slide-image gallery-icon\"><img loading=\"lazy\" decoding=\"async\" src=\"https:\/\/colegioconcepciontalca.cl\/wp-content\/uploads\/2024\/12\/13-scaled-300x200.jpg\" width=\"300\" height=\"200\" class=\"wp-post-image wp-image-15078\" title=\"13\" data-tf-not-load=\"1\" alt=\"13\">\t\t\t\t<\/div>\n\t\t\t\t\t\t\t<\/div><\/div>\n\t\t\t\t\t<div class=\"swiper-slide\">\n\t\t\t<div class=\"slide-inner-wrap\">\n\t\t\t\t<div class=\"tf_lazy slide-image gallery-icon\"><img loading=\"lazy\" decoding=\"async\" src=\"https:\/\/colegioconcepciontalca.cl\/wp-content\/uploads\/2024\/12\/14-scaled-300x200.jpg\" width=\"300\" height=\"200\" class=\"wp-post-image wp-image-15079\" title=\"14\" data-tf-not-load=\"1\" alt=\"14\">\t\t\t\t<\/div>\n\t\t\t\t\t\t\t<\/div><\/div>\n\t\t\t\t\t<div class=\"swiper-slide\">\n\t\t\t<div class=\"slide-inner-wrap\">\n\t\t\t\t<div class=\"tf_lazy slide-image gallery-icon\"><img loading=\"lazy\" decoding=\"async\" src=\"https:\/\/colegioconcepciontalca.cl\/wp-content\/uploads\/2024\/12\/15-scaled-300x200.jpg\" width=\"300\" height=\"200\" class=\"wp-post-image wp-image-15080\" title=\"15\" data-tf-not-load=\"1\" alt=\"15\">\t\t\t\t<\/div>\n\t\t\t\t\t\t\t<\/div><\/div>\n\t\t\t\t\t<div class=\"swiper-slide\">\n\t\t\t<div class=\"slide-inner-wrap\">\n\t\t\t\t<div class=\"tf_lazy slide-image gallery-icon\"><img loading=\"lazy\" decoding=\"async\" src=\"https:\/\/colegioconcepciontalca.cl\/wp-content\/uploads\/2024\/12\/16-scaled-300x200.jpg\" width=\"300\" height=\"200\" class=\"wp-post-image wp-image-15081\" title=\"16\" data-tf-not-load=\"1\" alt=\"16\">\t\t\t\t<\/div>\n\t\t\t\t\t\t\t<\/div><\/div>\n\t\t\t\t\t<div class=\"swiper-slide\">\n\t\t\t<div class=\"slide-inner-wrap\">\n\t\t\t\t<div class=\"tf_lazy slide-image gallery-icon\"><img loading=\"lazy\" decoding=\"async\" src=\"https:\/\/colegioconcepciontalca.cl\/wp-content\/uploads\/2024\/12\/17-scaled-300x200.jpg\" width=\"300\" height=\"200\" class=\"wp-post-image wp-image-15082\" title=\"17\" data-tf-not-load=\"1\" alt=\"17\">\t\t\t\t<\/div>\n\t\t\t\t\t\t\t<\/div><\/div>\n\t\t\t\t\t<div class=\"swiper-slide\">\n\t\t\t<div class=\"slide-inner-wrap\">\n\t\t\t\t<div class=\"tf_lazy slide-image gallery-icon\"><img loading=\"lazy\" decoding=\"async\" src=\"https:\/\/colegioconcepciontalca.cl\/wp-content\/uploads\/2024\/12\/18-scaled-300x200.jpg\" width=\"300\" height=\"200\" class=\"wp-post-image wp-image-15083\" title=\"TALLER DE C\u00d3MIC - 1\" data-tf-not-load=\"1\" alt=\"TALLER DE C\u00d3MIC - 1\">\t\t\t\t<\/div>\n\t\t\t\t\t\t\t<\/div><\/div>\n\t\t\t<\/div>\n<\/div>\n            <\/div>\n    \n<\/div>\n<!-- \/module gallery -->\n\t        <\/div>\n\t    \t<\/div>\n\t\t    <\/div>\n\t    <!-- \/row_inner -->\n\t<\/div>\n\t<!-- \/module_row -->\n\t<\/div>\n<!--\/themify_builder_content--><!-- AddThis Advanced Settings generic via filter on the_content --><!-- AddThis Share Buttons generic via filter on the_content -->","protected":false},"excerpt":{"rendered":"<p>Durante el segundo semestre de 2024, los estudiantes Emilio Contreras Gonz\u00e1lez e Ignacio V\u00e9liz Mora, del Tercero Medio B, lideraron el taller extracurricular de C\u00f3mic dirigido a alumnos del segundo ciclo del Colegio Concepci\u00f3n Talca. El taller, iniciado el 6 de agosto y concluido el 28 de noviembre, abord\u00f3 aspectos clave para la creaci\u00f3n de [&hellip;]<!-- AddThis Advanced Settings generic via filter on get_the_excerpt --><!-- AddThis Share Buttons generic via filter on get_the_excerpt --><\/p>\n","protected":false},"author":1,"featured_media":15066,"comment_status":"closed","ping_status":"closed","sticky":false,"template":"","format":"standard","meta":{"footnotes":""},"categories":[4],"tags":[],"class_list":["post-15065","post","type-post","status-publish","format-standard","has-post-thumbnail","hentry","category-noticias","has-post-title","has-post-date","has-post-category","has-post-tag","has-post-comment","has-post-author",""," cat-4"],"jetpack_featured_media_url":"https:\/\/colegioconcepciontalca.cl\/wp-content\/uploads\/2024\/12\/01-1-scaled.jpg","builder_content":"<p>Durante el segundo semestre de 2024, los estudiantes Emilio Contreras Gonz\u00e1lez e Ignacio V\u00e9liz Mora, del Tercero Medio B, lideraron el taller extracurricular de C\u00f3mic dirigido a alumnos del segundo ciclo del Colegio Concepci\u00f3n Talca. El taller, iniciado el 6 de agosto y concluido el 28 de noviembre, abord\u00f3 aspectos clave para la creaci\u00f3n de c\u00f3mics, como dise\u00f1o de personajes, vi\u00f1etas, globos de di\u00e1logo, ritmo narrativo y construcci\u00f3n de historias.<\/p><p>Adem\u00e1s de los conceptos t\u00e9cnicos, se promovi\u00f3 la creatividad, originalidad y motivaci\u00f3n entre los participantes, impuls\u00e1ndolos a desarrollar y finalizar sus propios c\u00f3mics. Los resultados del taller se exhibieron en el diario mural del hall central, permitiendo a toda la comunidad escolar apreciar el talento art\u00edstico de los estudiantes.<\/p><p>Esta iniciativa cumpli\u00f3 con su objetivo de incentivar la creatividad, fomentar la convivencia escolar y destacar el lado art\u00edstico del colegio. Emilio e Ignacio agradecieron a la Direcci\u00f3n de Formaci\u00f3n por el apoyo brindado para materializar este proyecto que motiv\u00f3 a nuevas generaciones a explorar el arte del c\u00f3mic.<\/p>\n[gallery ids=\"15066,15067,15068,15069,15070,15071,15072,15073,15074,15075,15076,15077,15078,15079,15080,15081,15082,15083\"]","_links":{"self":[{"href":"https:\/\/colegioconcepciontalca.cl\/index.php\/wp-json\/wp\/v2\/posts\/15065","targetHints":{"allow":["GET"]}}],"collection":[{"href":"https:\/\/colegioconcepciontalca.cl\/index.php\/wp-json\/wp\/v2\/posts"}],"about":[{"href":"https:\/\/colegioconcepciontalca.cl\/index.php\/wp-json\/wp\/v2\/types\/post"}],"author":[{"embeddable":true,"href":"https:\/\/colegioconcepciontalca.cl\/index.php\/wp-json\/wp\/v2\/users\/1"}],"replies":[{"embeddable":true,"href":"https:\/\/colegioconcepciontalca.cl\/index.php\/wp-json\/wp\/v2\/comments?post=15065"}],"version-history":[{"count":1,"href":"https:\/\/colegioconcepciontalca.cl\/index.php\/wp-json\/wp\/v2\/posts\/15065\/revisions"}],"predecessor-version":[{"id":15084,"href":"https:\/\/colegioconcepciontalca.cl\/index.php\/wp-json\/wp\/v2\/posts\/15065\/revisions\/15084"}],"wp:featuredmedia":[{"embeddable":true,"href":"https:\/\/colegioconcepciontalca.cl\/index.php\/wp-json\/wp\/v2\/media\/15066"}],"wp:attachment":[{"href":"https:\/\/colegioconcepciontalca.cl\/index.php\/wp-json\/wp\/v2\/media?parent=15065"}],"wp:term":[{"taxonomy":"category","embeddable":true,"href":"https:\/\/colegioconcepciontalca.cl\/index.php\/wp-json\/wp\/v2\/categories?post=15065"},{"taxonomy":"post_tag","embeddable":true,"href":"https:\/\/colegioconcepciontalca.cl\/index.php\/wp-json\/wp\/v2\/tags?post=15065"}],"curies":[{"name":"wp","href":"https:\/\/api.w.org\/{rel}","templated":true}]}}