{"id":14716,"date":"2024-11-18T09:09:19","date_gmt":"2024-11-18T12:09:19","guid":{"rendered":"https:\/\/colegioconcepciontalca.cl\/?p=14716"},"modified":"2024-11-18T09:09:21","modified_gmt":"2024-11-18T12:09:21","slug":"colegio-concepcion-talca-lidera-torneo-de-ajedrez-juguemos-a-pensar","status":"publish","type":"post","link":"https:\/\/colegioconcepciontalca.cl\/index.php\/2024\/11\/18\/colegio-concepcion-talca-lidera-torneo-de-ajedrez-juguemos-a-pensar\/","title":{"rendered":"Colegio Concepci\u00f3n Talca lidera torneo de ajedrez &#8220;Juguemos a Pensar&#8221;"},"content":{"rendered":"<!--themify_builder_content-->\n<div id=\"themify_builder_content-14716\" data-postid=\"14716\" class=\"themify_builder_content themify_builder_content-14716 themify_builder tf_clear\">\n    \t<!-- module_row -->\n\t<div  data-lazy=\"1\" class=\"module_row themify_builder_row tb_7uwm534 tb_first tf_clearfix\">\n\t    \t\t<div class=\"row_inner col_align_top tf_box tf_w tf_rel\">\n\t\t\t<div  data-lazy=\"1\" class=\"module_column tb-column col-full first tb_moyj535 tf_box\">\n\t    \t    \t        <div class=\"tb-column-inner tf_box tf_w\">\n\t\t    <!-- module text -->\n<div  class=\"module module-text tb_bust540   \" data-lazy=\"1\">\n            <div  class=\"tb_text_wrap\">\n    <p>Felicitamos a nuestra selecci\u00f3n de ajedrez del Colegio Concepci\u00f3n Talca, que se destac\u00f3 en el torneo &#8220;Juguemos a Pensar,&#8221; organizado por la asociaci\u00f3n de ajedrez de Talca. En una competencia que reuni\u00f3 a delegaciones de diversas comunas del Maule, nuestro equipo obtuvo los siguientes logros:<\/p><ul><li><strong>1\u00b0 lugar delegaci\u00f3n.<\/strong><\/li><li><strong>1\u00b0 lugar individual:<\/strong> Camila Silva en la categor\u00eda sub 10 mixta.<\/li><li><strong>2\u00b0 lugar individual:<\/strong> Mar\u00eda Gracia Alc\u00e1ntara en la categor\u00eda sub 10 damas.<\/li><li><strong>2\u00b0 lugar individual:<\/strong> M\u00e1ximo V\u00e1squez en la categor\u00eda sub 14 varones.<\/li><\/ul><p>Estos resultados reflejan el compromiso, estrategia y talento de nuestros estudiantes en esta disciplina. \u00a1Felicidades a todos los participantes por su destacada actuaci\u00f3n!<\/p>    <\/div>\n<\/div>\n<!-- \/module text -->\t        <\/div>\n\t    \t<\/div>\n\t\t    <\/div>\n\t    <!-- \/row_inner -->\n\t<\/div>\n\t<!-- \/module_row -->\n\t\t<!-- module_row -->\n\t<div  data-lazy=\"1\" class=\"module_row themify_builder_row tb_56om943 tf_clearfix\">\n\t    \t\t<div class=\"row_inner col_align_top tf_box tf_w tf_rel\">\n\t\t\t<div  data-lazy=\"1\" class=\"module_column tb-column col-full first tb_yeq4943 tf_box\">\n\t    \t    \t        <div class=\"tb-column-inner tf_box tf_w\">\n\t\t    <!-- module gallery -->\n<div  class=\"module gallery module-gallery tb_dle0947 layout-slider  \" data-lazy=\"1\">\n                <div class=\"swiper-container tf_carousel themify_builder_slider tf_rel tf_overflow\"\n\tdata-pager=\"0\"\n\t data-lazy=\"1\"\t\t\tdata-thumbs=\"tb_dle0947_thumbs\"\n\t\tdata-effect=\"scroll\" \n\t\tdata-css_url=\"https:\/\/colegioconcepciontalca.cl\/wp-content\/themes\/themify-ultra\/themify\/themify-builder\/css\/modules\/sliders\/carousel.css,https:\/\/colegioconcepciontalca.cl\/wp-content\/themes\/themify-ultra\/themify\/themify-builder\/css\/modules\/sliders\/gallery.css\"\n\t\t\t\tdata-auto=\"4\"\n\t\tdata-pause_hover=\"1\"\n\t\t\t\tdata-speed=\"1\"\n\tdata-wrapvar=\"1\"\n\tdata-slider_nav=\"0\"\n\tdata-height=\"variable\"\n\t>\n\t<div class=\"swiper-wrapper tf_lazy tf_rel tf_w tf_h tf_textc\">\n\t\t\t\t\t<div class=\"swiper-slide\">\n\t\t\t<div class=\"slide-inner-wrap\">\n\t\t\t\t<div class=\"tf_lazy slide-image gallery-icon\"><a href=\"https:\/\/colegioconcepciontalca.cl\/wp-content\/uploads\/2024\/11\/01-6-scaled.jpeg\" class=\"themify_lightbox\"><img loading=\"lazy\" decoding=\"async\" width=\"2560\" height=\"1978\" src=\"https:\/\/colegioconcepciontalca.cl\/wp-content\/uploads\/2024\/11\/01-6-scaled.jpeg\" class=\"wp-post-image wp-image-14717\" title=\"01\" data-tf-not-load=\"1\" alt=\"01\" srcset=\"https:\/\/colegioconcepciontalca.cl\/wp-content\/uploads\/2024\/11\/01-6-scaled.jpeg 2560w, https:\/\/colegioconcepciontalca.cl\/wp-content\/uploads\/2024\/11\/01-6-300x232.jpeg 300w, https:\/\/colegioconcepciontalca.cl\/wp-content\/uploads\/2024\/11\/01-6-1024x791.jpeg 1024w, https:\/\/colegioconcepciontalca.cl\/wp-content\/uploads\/2024\/11\/01-6-768x593.jpeg 768w, https:\/\/colegioconcepciontalca.cl\/wp-content\/uploads\/2024\/11\/01-6-1536x1187.jpeg 1536w, https:\/\/colegioconcepciontalca.cl\/wp-content\/uploads\/2024\/11\/01-6-2048x1583.jpeg 2048w\" sizes=\"auto, (max-width: 2560px) 100vw, 2560px\" \/><\/a>\t\t\t\t<\/div>\n\t\t\t\t\t\t\t<\/div><\/div>\n\t\t\t\t\t<div class=\"swiper-slide\">\n\t\t\t<div class=\"slide-inner-wrap\">\n\t\t\t\t<div class=\"tf_lazy slide-image gallery-icon\"><a href=\"https:\/\/colegioconcepciontalca.cl\/wp-content\/uploads\/2024\/11\/02-5-scaled.jpeg\" class=\"themify_lightbox\"><img loading=\"lazy\" decoding=\"async\" width=\"2560\" height=\"1978\" src=\"https:\/\/colegioconcepciontalca.cl\/wp-content\/uploads\/2024\/11\/02-5-scaled.jpeg\" class=\"wp-post-image wp-image-14718\" title=\"02\" data-tf-not-load=\"1\" alt=\"02\" srcset=\"https:\/\/colegioconcepciontalca.cl\/wp-content\/uploads\/2024\/11\/02-5-scaled.jpeg 2560w, https:\/\/colegioconcepciontalca.cl\/wp-content\/uploads\/2024\/11\/02-5-300x232.jpeg 300w, https:\/\/colegioconcepciontalca.cl\/wp-content\/uploads\/2024\/11\/02-5-1024x791.jpeg 1024w, https:\/\/colegioconcepciontalca.cl\/wp-content\/uploads\/2024\/11\/02-5-768x593.jpeg 768w, https:\/\/colegioconcepciontalca.cl\/wp-content\/uploads\/2024\/11\/02-5-1536x1187.jpeg 1536w, https:\/\/colegioconcepciontalca.cl\/wp-content\/uploads\/2024\/11\/02-5-2048x1583.jpeg 2048w\" sizes=\"auto, (max-width: 2560px) 100vw, 2560px\" \/><\/a>\t\t\t\t<\/div>\n\t\t\t\t\t\t\t<\/div><\/div>\n\t\t\t\t\t<div class=\"swiper-slide\">\n\t\t\t<div class=\"slide-inner-wrap\">\n\t\t\t\t<div class=\"tf_lazy slide-image gallery-icon\"><a href=\"https:\/\/colegioconcepciontalca.cl\/wp-content\/uploads\/2024\/11\/03-5-scaled.jpeg\" class=\"themify_lightbox\"><img loading=\"lazy\" decoding=\"async\" width=\"2560\" height=\"1978\" src=\"https:\/\/colegioconcepciontalca.cl\/wp-content\/uploads\/2024\/11\/03-5-scaled.jpeg\" class=\"wp-post-image wp-image-14719\" title=\"03\" data-tf-not-load=\"1\" alt=\"03\" srcset=\"https:\/\/colegioconcepciontalca.cl\/wp-content\/uploads\/2024\/11\/03-5-scaled.jpeg 2560w, https:\/\/colegioconcepciontalca.cl\/wp-content\/uploads\/2024\/11\/03-5-300x232.jpeg 300w, https:\/\/colegioconcepciontalca.cl\/wp-content\/uploads\/2024\/11\/03-5-1024x791.jpeg 1024w, https:\/\/colegioconcepciontalca.cl\/wp-content\/uploads\/2024\/11\/03-5-768x593.jpeg 768w, https:\/\/colegioconcepciontalca.cl\/wp-content\/uploads\/2024\/11\/03-5-1536x1187.jpeg 1536w, https:\/\/colegioconcepciontalca.cl\/wp-content\/uploads\/2024\/11\/03-5-2048x1583.jpeg 2048w\" sizes=\"auto, (max-width: 2560px) 100vw, 2560px\" \/><\/a>\t\t\t\t<\/div>\n\t\t\t\t\t\t\t<\/div><\/div>\n\t\t\t\t\t<div class=\"swiper-slide\">\n\t\t\t<div class=\"slide-inner-wrap\">\n\t\t\t\t<div class=\"tf_lazy slide-image gallery-icon\"><a href=\"https:\/\/colegioconcepciontalca.cl\/wp-content\/uploads\/2024\/11\/04-4-scaled.jpeg\" class=\"themify_lightbox\"><img loading=\"lazy\" decoding=\"async\" width=\"2560\" height=\"1978\" src=\"https:\/\/colegioconcepciontalca.cl\/wp-content\/uploads\/2024\/11\/04-4-scaled.jpeg\" class=\"wp-post-image wp-image-14720\" title=\"04\" data-tf-not-load=\"1\" alt=\"04\" srcset=\"https:\/\/colegioconcepciontalca.cl\/wp-content\/uploads\/2024\/11\/04-4-scaled.jpeg 2560w, https:\/\/colegioconcepciontalca.cl\/wp-content\/uploads\/2024\/11\/04-4-300x232.jpeg 300w, https:\/\/colegioconcepciontalca.cl\/wp-content\/uploads\/2024\/11\/04-4-1024x791.jpeg 1024w, https:\/\/colegioconcepciontalca.cl\/wp-content\/uploads\/2024\/11\/04-4-768x593.jpeg 768w, https:\/\/colegioconcepciontalca.cl\/wp-content\/uploads\/2024\/11\/04-4-1536x1187.jpeg 1536w, https:\/\/colegioconcepciontalca.cl\/wp-content\/uploads\/2024\/11\/04-4-2048x1583.jpeg 2048w\" sizes=\"auto, (max-width: 2560px) 100vw, 2560px\" \/><\/a>\t\t\t\t<\/div>\n\t\t\t\t\t\t\t<\/div><\/div>\n\t\t\t\t\t<div class=\"swiper-slide\">\n\t\t\t<div class=\"slide-inner-wrap\">\n\t\t\t\t<div class=\"tf_lazy slide-image gallery-icon\"><a href=\"https:\/\/colegioconcepciontalca.cl\/wp-content\/uploads\/2024\/11\/05-4-scaled.jpeg\" class=\"themify_lightbox\"><img loading=\"lazy\" decoding=\"async\" width=\"2560\" height=\"1978\" src=\"https:\/\/colegioconcepciontalca.cl\/wp-content\/uploads\/2024\/11\/05-4-scaled.jpeg\" class=\"wp-post-image wp-image-14721\" title=\"05\" data-tf-not-load=\"1\" alt=\"05\" srcset=\"https:\/\/colegioconcepciontalca.cl\/wp-content\/uploads\/2024\/11\/05-4-scaled.jpeg 2560w, https:\/\/colegioconcepciontalca.cl\/wp-content\/uploads\/2024\/11\/05-4-300x232.jpeg 300w, https:\/\/colegioconcepciontalca.cl\/wp-content\/uploads\/2024\/11\/05-4-1024x791.jpeg 1024w, https:\/\/colegioconcepciontalca.cl\/wp-content\/uploads\/2024\/11\/05-4-768x593.jpeg 768w, https:\/\/colegioconcepciontalca.cl\/wp-content\/uploads\/2024\/11\/05-4-1536x1187.jpeg 1536w, https:\/\/colegioconcepciontalca.cl\/wp-content\/uploads\/2024\/11\/05-4-2048x1583.jpeg 2048w\" sizes=\"auto, (max-width: 2560px) 100vw, 2560px\" \/><\/a>\t\t\t\t<\/div>\n\t\t\t\t\t\t\t<\/div><\/div>\n\t\t\t<\/div>\n<\/div>\n                <div class=\"themify_builder_slider_vertical tf_rel\">\n    <div class=\"swiper-container tf_carousel themify_builder_slider themify_builder_slider_vertical tb_dle0947_thumbs tf_rel tf_overflow\"\n\tdata-pager=\"1\"\n\t data-lazy=\"1\"\t        data-thumbs-id=\"tb_dle0947_thumbs\"\n\t\tdata-visible=\"4\" \n\t\tdata-tbreakpoints=\"1280\"\n\t\tdata-mbreakpoints=\"680\"\n\t\tdata-tab-visible=\"0\"\n\t\tdata-mob-visible=\"0\"\n\t\t\t\tdata-auto=\"4\"\n\t\tdata-pause_hover=\"1\"\n\t\t\t\t\tdata-controller=\"0\"\n\t\t\t\tdata-speed=\"1\"\n\tdata-wrapvar=\"1\"\n\tdata-slider_nav=\"1\"\n\tdata-height=\"variable\"\n\t>\n\t<div class=\"swiper-wrapper tf_lazy tf_rel tf_w tf_h tf_textc\">\n\t\t\t\t\t<div class=\"swiper-slide\">\n\t\t\t<div class=\"slide-inner-wrap\">\n\t\t\t\t<div class=\"tf_lazy slide-image gallery-icon\"><img loading=\"lazy\" decoding=\"async\" src=\"https:\/\/colegioconcepciontalca.cl\/wp-content\/uploads\/2024\/11\/01-6-scaled-300x200.jpeg\" width=\"300\" height=\"200\" class=\"wp-post-image wp-image-14717\" title=\"01\" data-tf-not-load=\"1\" alt=\"01\">\t\t\t\t<\/div>\n\t\t\t\t\t\t\t<\/div><\/div>\n\t\t\t\t\t<div class=\"swiper-slide\">\n\t\t\t<div class=\"slide-inner-wrap\">\n\t\t\t\t<div class=\"tf_lazy slide-image gallery-icon\"><img loading=\"lazy\" decoding=\"async\" src=\"https:\/\/colegioconcepciontalca.cl\/wp-content\/uploads\/2024\/11\/02-5-scaled-300x200.jpeg\" width=\"300\" height=\"200\" class=\"wp-post-image wp-image-14718\" title=\"02\" data-tf-not-load=\"1\" alt=\"02\">\t\t\t\t<\/div>\n\t\t\t\t\t\t\t<\/div><\/div>\n\t\t\t\t\t<div class=\"swiper-slide\">\n\t\t\t<div class=\"slide-inner-wrap\">\n\t\t\t\t<div class=\"tf_lazy slide-image gallery-icon\"><img loading=\"lazy\" decoding=\"async\" src=\"https:\/\/colegioconcepciontalca.cl\/wp-content\/uploads\/2024\/11\/03-5-scaled-300x200.jpeg\" width=\"300\" height=\"200\" class=\"wp-post-image wp-image-14719\" title=\"03\" data-tf-not-load=\"1\" alt=\"03\">\t\t\t\t<\/div>\n\t\t\t\t\t\t\t<\/div><\/div>\n\t\t\t\t\t<div class=\"swiper-slide\">\n\t\t\t<div class=\"slide-inner-wrap\">\n\t\t\t\t<div class=\"tf_lazy slide-image gallery-icon\"><img loading=\"lazy\" decoding=\"async\" src=\"https:\/\/colegioconcepciontalca.cl\/wp-content\/uploads\/2024\/11\/04-4-scaled-300x200.jpeg\" width=\"300\" height=\"200\" class=\"wp-post-image wp-image-14720\" title=\"04\" data-tf-not-load=\"1\" alt=\"04\">\t\t\t\t<\/div>\n\t\t\t\t\t\t\t<\/div><\/div>\n\t\t\t\t\t<div class=\"swiper-slide\">\n\t\t\t<div class=\"slide-inner-wrap\">\n\t\t\t\t<div class=\"tf_lazy slide-image gallery-icon\"><img loading=\"lazy\" decoding=\"async\" src=\"https:\/\/colegioconcepciontalca.cl\/wp-content\/uploads\/2024\/11\/05-4-scaled-300x200.jpeg\" width=\"300\" height=\"200\" class=\"wp-post-image wp-image-14721\" title=\"05\" data-tf-not-load=\"1\" alt=\"05\">\t\t\t\t<\/div>\n\t\t\t\t\t\t\t<\/div><\/div>\n\t\t\t<\/div>\n<\/div>\n            <\/div>\n    \n<\/div>\n<!-- \/module gallery -->\n\t        <\/div>\n\t    \t<\/div>\n\t\t    <\/div>\n\t    <!-- \/row_inner -->\n\t<\/div>\n\t<!-- \/module_row -->\n\t<\/div>\n<!--\/themify_builder_content--><!-- AddThis Advanced Settings generic via filter on the_content --><!-- AddThis Share Buttons generic via filter on the_content -->","protected":false},"excerpt":{"rendered":"<p>Felicitamos a nuestra selecci\u00f3n de ajedrez del Colegio Concepci\u00f3n Talca, que se destac\u00f3 en el torneo &#8220;Juguemos a Pensar,&#8221; organizado por la asociaci\u00f3n de ajedrez de Talca. En una competencia que reuni\u00f3 a delegaciones de diversas comunas del Maule, nuestro equipo obtuvo los siguientes logros:1\u00b0 lugar delegaci\u00f3n.1\u00b0 lugar individual: Camila Silva en la categor\u00eda sub [&hellip;]<!-- AddThis Advanced Settings generic via filter on get_the_excerpt --><!-- AddThis Share Buttons generic via filter on get_the_excerpt --><\/p>\n","protected":false},"author":1,"featured_media":14717,"comment_status":"closed","ping_status":"closed","sticky":false,"template":"","format":"standard","meta":{"footnotes":""},"categories":[4],"tags":[],"class_list":["post-14716","post","type-post","status-publish","format-standard","has-post-thumbnail","hentry","category-noticias","has-post-title","has-post-date","has-post-category","has-post-tag","has-post-comment","has-post-author",""," cat-4"],"jetpack_featured_media_url":"https:\/\/colegioconcepciontalca.cl\/wp-content\/uploads\/2024\/11\/01-6-scaled.jpeg","builder_content":"<p>Felicitamos a nuestra selecci\u00f3n de ajedrez del Colegio Concepci\u00f3n Talca, que se destac\u00f3 en el torneo \"Juguemos a Pensar,\" organizado por la asociaci\u00f3n de ajedrez de Talca. En una competencia que reuni\u00f3 a delegaciones de diversas comunas del Maule, nuestro equipo obtuvo los siguientes logros:<\/p><ul><li><strong>1\u00b0 lugar delegaci\u00f3n.<\/strong><\/li><li><strong>1\u00b0 lugar individual:<\/strong> Camila Silva en la categor\u00eda sub 10 mixta.<\/li><li><strong>2\u00b0 lugar individual:<\/strong> Mar\u00eda Gracia Alc\u00e1ntara en la categor\u00eda sub 10 damas.<\/li><li><strong>2\u00b0 lugar individual:<\/strong> M\u00e1ximo V\u00e1squez en la categor\u00eda sub 14 varones.<\/li><\/ul><p>Estos resultados reflejan el compromiso, estrategia y talento de nuestros estudiantes en esta disciplina. \u00a1Felicidades a todos los participantes por su destacada actuaci\u00f3n!<\/p>\n[gallery ids=\"14717,14718,14719,14720,14721\"]","_links":{"self":[{"href":"https:\/\/colegioconcepciontalca.cl\/index.php\/wp-json\/wp\/v2\/posts\/14716","targetHints":{"allow":["GET"]}}],"collection":[{"href":"https:\/\/colegioconcepciontalca.cl\/index.php\/wp-json\/wp\/v2\/posts"}],"about":[{"href":"https:\/\/colegioconcepciontalca.cl\/index.php\/wp-json\/wp\/v2\/types\/post"}],"author":[{"embeddable":true,"href":"https:\/\/colegioconcepciontalca.cl\/index.php\/wp-json\/wp\/v2\/users\/1"}],"replies":[{"embeddable":true,"href":"https:\/\/colegioconcepciontalca.cl\/index.php\/wp-json\/wp\/v2\/comments?post=14716"}],"version-history":[{"count":1,"href":"https:\/\/colegioconcepciontalca.cl\/index.php\/wp-json\/wp\/v2\/posts\/14716\/revisions"}],"predecessor-version":[{"id":14722,"href":"https:\/\/colegioconcepciontalca.cl\/index.php\/wp-json\/wp\/v2\/posts\/14716\/revisions\/14722"}],"wp:featuredmedia":[{"embeddable":true,"href":"https:\/\/colegioconcepciontalca.cl\/index.php\/wp-json\/wp\/v2\/media\/14717"}],"wp:attachment":[{"href":"https:\/\/colegioconcepciontalca.cl\/index.php\/wp-json\/wp\/v2\/media?parent=14716"}],"wp:term":[{"taxonomy":"category","embeddable":true,"href":"https:\/\/colegioconcepciontalca.cl\/index.php\/wp-json\/wp\/v2\/categories?post=14716"},{"taxonomy":"post_tag","embeddable":true,"href":"https:\/\/colegioconcepciontalca.cl\/index.php\/wp-json\/wp\/v2\/tags?post=14716"}],"curies":[{"name":"wp","href":"https:\/\/api.w.org\/{rel}","templated":true}]}}