{"id":14122,"date":"2024-10-09T11:22:34","date_gmt":"2024-10-09T14:22:34","guid":{"rendered":"https:\/\/colegioconcepciontalca.cl\/?p=14122"},"modified":"2024-10-09T11:22:37","modified_gmt":"2024-10-09T14:22:37","slug":"eleonor-mallegas-se-corona-campeona-en-la-segunda-fecha-del-clasificatorio-para-el-nacional-escolar-de-tenis","status":"publish","type":"post","link":"https:\/\/colegioconcepciontalca.cl\/index.php\/2024\/10\/09\/eleonor-mallegas-se-corona-campeona-en-la-segunda-fecha-del-clasificatorio-para-el-nacional-escolar-de-tenis\/","title":{"rendered":"Eleonor Mallegas se Corona Campeona en la Segunda Fecha del Clasificatorio para el Nacional Escolar de Tenis"},"content":{"rendered":"<!--themify_builder_content-->\n<div id=\"themify_builder_content-14122\" data-postid=\"14122\" class=\"themify_builder_content themify_builder_content-14122 themify_builder tf_clear\">\n    \t<!-- module_row -->\n\t<div  data-lazy=\"1\" class=\"module_row themify_builder_row tb_t1bc538 tb_first tf_clearfix\">\n\t    \t\t<div class=\"row_inner col_align_top tf_box tf_w tf_rel\">\n\t\t\t<div  data-lazy=\"1\" class=\"module_column tb-column col-full first tb_e29y538 tf_box\">\n\t    \t    \t        <div class=\"tb-column-inner tf_box tf_w\">\n\t\t    <!-- module text -->\n<div  class=\"module module-text tb_h0ai542   \" data-lazy=\"1\">\n            <div  class=\"tb_text_wrap\">\n    <p>Este s\u00e1bado, Eleonor Mallegas se consagr\u00f3 campeona en la Segunda Fecha del Clasificatorio para el Campeonato Nacional Escolar, Copa Jaime Mussalem. Con un s\u00f3lido desempe\u00f1o, Eleonor gan\u00f3 su partido con parciales de 6\/3 y 6\/4, asegurando as\u00ed su clasificaci\u00f3n como primera al Torneo Nacional que se disputar\u00e1 en noviembre en las canchas de la Federaci\u00f3n de Tenis de Chile, en Santiago.<\/p><p>Este logro marca un importante paso en su carrera deportiva, y le deseamos mucho \u00e9xito en la etapa final de esta importante competencia. \u00a1Felicitaciones, Eleonor!<\/p>    <\/div>\n<\/div>\n<!-- \/module text -->\t        <\/div>\n\t    \t<\/div>\n\t\t    <\/div>\n\t    <!-- \/row_inner -->\n\t<\/div>\n\t<!-- \/module_row -->\n\t\t<!-- module_row -->\n\t<div  data-lazy=\"1\" class=\"module_row themify_builder_row tb_9r7j905 tf_clearfix\">\n\t    \t\t<div class=\"row_inner col_align_top tf_box tf_w tf_rel\">\n\t\t\t<div  data-lazy=\"1\" class=\"module_column tb-column col-full first tb_4jsu905 tf_box\">\n\t    \t    \t        <div class=\"tb-column-inner tf_box tf_w\">\n\t\t    <!-- module image -->\n<div  class=\"module module-image tb_il5h909   image-top tf_mw\" data-lazy=\"1\">\n            <div class=\"image-wrap tf_rel tf_mw\">\n\t\t    <img loading=\"lazy\" decoding=\"async\" width=\"2560\" height=\"2560\" src=\"https:\/\/colegioconcepciontalca.cl\/wp-content\/uploads\/2024\/10\/01-3-scaled.jpeg\" class=\"wp-post-image wp-image-14123\" title=\"01\" alt=\"01\" srcset=\"https:\/\/colegioconcepciontalca.cl\/wp-content\/uploads\/2024\/10\/01-3-scaled.jpeg 2560w, https:\/\/colegioconcepciontalca.cl\/wp-content\/uploads\/2024\/10\/01-3-300x300.jpeg 300w, https:\/\/colegioconcepciontalca.cl\/wp-content\/uploads\/2024\/10\/01-3-1024x1024.jpeg 1024w, https:\/\/colegioconcepciontalca.cl\/wp-content\/uploads\/2024\/10\/01-3-150x150.jpeg 150w, https:\/\/colegioconcepciontalca.cl\/wp-content\/uploads\/2024\/10\/01-3-768x768.jpeg 768w, https:\/\/colegioconcepciontalca.cl\/wp-content\/uploads\/2024\/10\/01-3-1536x1536.jpeg 1536w, https:\/\/colegioconcepciontalca.cl\/wp-content\/uploads\/2024\/10\/01-3-2048x2048.jpeg 2048w\" sizes=\"auto, (max-width: 2560px) 100vw, 2560px\" \/>\t\n\t\t<\/div>\n\t<!-- \/image-wrap -->\n    \n    \n<\/div>\n<!-- \/module image -->\t        <\/div>\n\t    \t<\/div>\n\t\t    <\/div>\n\t    <!-- \/row_inner -->\n\t<\/div>\n\t<!-- \/module_row -->\n\t<\/div>\n<!--\/themify_builder_content--><!-- AddThis Advanced Settings generic via filter on the_content --><!-- AddThis Share Buttons generic via filter on the_content -->","protected":false},"excerpt":{"rendered":"<p>Este s\u00e1bado, Eleonor Mallegas se consagr\u00f3 campeona en la Segunda Fecha del Clasificatorio para el Campeonato Nacional Escolar, Copa Jaime Mussalem. Con un s\u00f3lido desempe\u00f1o, Eleonor gan\u00f3 su partido con parciales de 6\/3 y 6\/4, asegurando as\u00ed su clasificaci\u00f3n como primera al Torneo Nacional que se disputar\u00e1 en noviembre en las canchas de la Federaci\u00f3n [&hellip;]<!-- AddThis Advanced Settings generic via filter on get_the_excerpt --><!-- AddThis Share Buttons generic via filter on get_the_excerpt --><\/p>\n","protected":false},"author":1,"featured_media":14123,"comment_status":"closed","ping_status":"closed","sticky":false,"template":"","format":"standard","meta":{"footnotes":""},"categories":[4],"tags":[],"class_list":["post-14122","post","type-post","status-publish","format-standard","has-post-thumbnail","hentry","category-noticias","has-post-title","has-post-date","has-post-category","has-post-tag","has-post-comment","has-post-author",""," cat-4"],"jetpack_featured_media_url":"https:\/\/colegioconcepciontalca.cl\/wp-content\/uploads\/2024\/10\/01-3-scaled.jpeg","builder_content":"<p>Este s\u00e1bado, Eleonor Mallegas se consagr\u00f3 campeona en la Segunda Fecha del Clasificatorio para el Campeonato Nacional Escolar, Copa Jaime Mussalem. Con un s\u00f3lido desempe\u00f1o, Eleonor gan\u00f3 su partido con parciales de 6\/3 y 6\/4, asegurando as\u00ed su clasificaci\u00f3n como primera al Torneo Nacional que se disputar\u00e1 en noviembre en las canchas de la Federaci\u00f3n de Tenis de Chile, en Santiago.<\/p><p>Este logro marca un importante paso en su carrera deportiva, y le deseamos mucho \u00e9xito en la etapa final de esta importante competencia. \u00a1Felicitaciones, Eleonor!<\/p>\n<img loading=\"lazy\" decoding=\"async\" width=\"2560\" height=\"2560\" src=\"https:\/\/colegioconcepciontalca.cl\/wp-content\/uploads\/2024\/10\/01-3-scaled.jpeg\" title=\"01\" alt=\"01\" srcset=\"https:\/\/colegioconcepciontalca.cl\/wp-content\/uploads\/2024\/10\/01-3-scaled.jpeg 2560w, https:\/\/colegioconcepciontalca.cl\/wp-content\/uploads\/2024\/10\/01-3-300x300.jpeg 300w, https:\/\/colegioconcepciontalca.cl\/wp-content\/uploads\/2024\/10\/01-3-1024x1024.jpeg 1024w, https:\/\/colegioconcepciontalca.cl\/wp-content\/uploads\/2024\/10\/01-3-150x150.jpeg 150w, https:\/\/colegioconcepciontalca.cl\/wp-content\/uploads\/2024\/10\/01-3-768x768.jpeg 768w, https:\/\/colegioconcepciontalca.cl\/wp-content\/uploads\/2024\/10\/01-3-1536x1536.jpeg 1536w, https:\/\/colegioconcepciontalca.cl\/wp-content\/uploads\/2024\/10\/01-3-2048x2048.jpeg 2048w\" sizes=\"auto, (max-width: 2560px) 100vw, 2560px\" \/>","_links":{"self":[{"href":"https:\/\/colegioconcepciontalca.cl\/index.php\/wp-json\/wp\/v2\/posts\/14122","targetHints":{"allow":["GET"]}}],"collection":[{"href":"https:\/\/colegioconcepciontalca.cl\/index.php\/wp-json\/wp\/v2\/posts"}],"about":[{"href":"https:\/\/colegioconcepciontalca.cl\/index.php\/wp-json\/wp\/v2\/types\/post"}],"author":[{"embeddable":true,"href":"https:\/\/colegioconcepciontalca.cl\/index.php\/wp-json\/wp\/v2\/users\/1"}],"replies":[{"embeddable":true,"href":"https:\/\/colegioconcepciontalca.cl\/index.php\/wp-json\/wp\/v2\/comments?post=14122"}],"version-history":[{"count":1,"href":"https:\/\/colegioconcepciontalca.cl\/index.php\/wp-json\/wp\/v2\/posts\/14122\/revisions"}],"predecessor-version":[{"id":14124,"href":"https:\/\/colegioconcepciontalca.cl\/index.php\/wp-json\/wp\/v2\/posts\/14122\/revisions\/14124"}],"wp:featuredmedia":[{"embeddable":true,"href":"https:\/\/colegioconcepciontalca.cl\/index.php\/wp-json\/wp\/v2\/media\/14123"}],"wp:attachment":[{"href":"https:\/\/colegioconcepciontalca.cl\/index.php\/wp-json\/wp\/v2\/media?parent=14122"}],"wp:term":[{"taxonomy":"category","embeddable":true,"href":"https:\/\/colegioconcepciontalca.cl\/index.php\/wp-json\/wp\/v2\/categories?post=14122"},{"taxonomy":"post_tag","embeddable":true,"href":"https:\/\/colegioconcepciontalca.cl\/index.php\/wp-json\/wp\/v2\/tags?post=14122"}],"curies":[{"name":"wp","href":"https:\/\/api.w.org\/{rel}","templated":true}]}}