{"id":14059,"date":"2024-10-04T12:24:09","date_gmt":"2024-10-04T15:24:09","guid":{"rendered":"https:\/\/colegioconcepciontalca.cl\/?p=14059"},"modified":"2024-10-04T12:24:14","modified_gmt":"2024-10-04T15:24:14","slug":"el-arte-en-los-terceros-basicos-un-despliegue-de-creatividad-y-talento","status":"publish","type":"post","link":"https:\/\/colegioconcepciontalca.cl\/index.php\/2024\/10\/04\/el-arte-en-los-terceros-basicos-un-despliegue-de-creatividad-y-talento\/","title":{"rendered":"El Arte en los Terceros B\u00e1sicos: Un Despliegue de Creatividad y Talento"},"content":{"rendered":"<!--themify_builder_content-->\n<div id=\"themify_builder_content-14059\" data-postid=\"14059\" class=\"themify_builder_content themify_builder_content-14059 themify_builder tf_clear\">\n    \t<!-- module_row -->\n\t<div  data-lazy=\"1\" class=\"module_row themify_builder_row tb_n8hm8 tb_first tf_clearfix\">\n\t    \t\t<div class=\"row_inner col_align_top tf_box tf_w tf_rel\">\n\t\t\t<div  data-lazy=\"1\" class=\"module_column tb-column col-full first tb_qawf8 tf_box\">\n\t    \t    \t        <div class=\"tb-column-inner tf_box tf_w\">\n\t\t    <!-- module text -->\n<div  class=\"module module-text tb_pvkr13   \" data-lazy=\"1\">\n            <div  class=\"tb_text_wrap\">\n    <p>El Hall Central del Colegio Concepci\u00f3n Talca se transform\u00f3 en un colorido espacio de expresi\u00f3n art\u00edstica gracias a la exposici\u00f3n de trabajos de los estudiantes de 3\u00ba b\u00e1sico, guiados por las profesoras <strong>Karla Mancilla, Lucila N\u00fa\u00f1ez, Constanza Clemente<\/strong> y <strong>Anah\u00eds Fuentealba<\/strong>.<\/p><p>La inspiraci\u00f3n detr\u00e1s de esta muestra provino de la visita de la reconocida artista <strong>Carla Vosier<\/strong>, quien, con su experiencia y pasi\u00f3n por el arte, despert\u00f3 la creatividad de los estudiantes. Este encuentro fue clave para motivar a los j\u00f3venes a explorar su imaginaci\u00f3n y habilidades art\u00edsticas.<\/p><p>La exposici\u00f3n destac\u00f3 la habilidad de los alumnos, quienes trabajaron con diversas t\u00e9cnicas y materiales, creando obras originales y llenas de vida. Entre los trabajos expuestos se pudieron apreciar:<\/p><ul><li><strong>Pi\u00f1atas recicladas<\/strong>: Coloridas creaciones elaboradas a partir de cart\u00f3n, globos, papel de diario y materiales reciclados.<\/li><li><strong>M\u00e1scaras frutales<\/strong>: Objetos tridimensionales hechos con cart\u00f3n y otros elementos, reflejando la creatividad y destreza manual de los estudiantes.<\/li><li><strong>Obras expresionistas<\/strong>: Piezas llenas de emoci\u00f3n y car\u00e1cter, elaboradas sobre soportes variados como papel, cart\u00f3n, tela, bandejas y calabazas.<\/li><\/ul><p>Esta muestra no solo fue una celebraci\u00f3n del talento art\u00edstico, sino tambi\u00e9n una oportunidad para promover la <strong>conciencia ambiental<\/strong>, mediante el uso de materiales reciclados, y la <strong>autoexpresi\u00f3n<\/strong> en nuestros estudiantes.<\/p><p>Felicitamos a los alumnos, profesoras y a Carla Vosier por enriquecer nuestro entorno escolar con tanta belleza y originalidad. \u00a1Un verdadero despliegue de talento y creatividad!<\/p><p><\/p>    <\/div>\n<\/div>\n<!-- \/module text -->\t        <\/div>\n\t    \t<\/div>\n\t\t    <\/div>\n\t    <!-- \/row_inner -->\n\t<\/div>\n\t<!-- \/module_row -->\n\t\t<!-- module_row -->\n\t<div  data-lazy=\"1\" class=\"module_row themify_builder_row tb_0z16138 tf_clearfix\">\n\t    \t\t<div class=\"row_inner col_align_top tf_box tf_w tf_rel\">\n\t\t\t<div  data-lazy=\"1\" class=\"module_column tb-column col-full first tb_1msw139 tf_box\">\n\t    \t    \t        <div class=\"tb-column-inner tf_box tf_w\">\n\t\t    <!-- module gallery -->\n<div  class=\"module gallery module-gallery tb_lo5a144 layout-slider  \" data-lazy=\"1\">\n                <div class=\"swiper-container tf_carousel themify_builder_slider tf_rel tf_overflow\"\n\tdata-pager=\"0\"\n\t data-lazy=\"1\"\t\t\tdata-thumbs=\"tb_lo5a144_thumbs\"\n\t\tdata-effect=\"scroll\" \n\t\tdata-css_url=\"https:\/\/colegioconcepciontalca.cl\/wp-content\/themes\/themify-ultra\/themify\/themify-builder\/css\/modules\/sliders\/carousel.css,https:\/\/colegioconcepciontalca.cl\/wp-content\/themes\/themify-ultra\/themify\/themify-builder\/css\/modules\/sliders\/gallery.css\"\n\t\t\t\tdata-auto=\"4\"\n\t\tdata-pause_hover=\"1\"\n\t\t\t\tdata-speed=\"1\"\n\tdata-wrapvar=\"1\"\n\tdata-slider_nav=\"0\"\n\tdata-height=\"variable\"\n\t>\n\t<div class=\"swiper-wrapper tf_lazy tf_rel tf_w tf_h tf_textc\">\n\t\t\t\t\t<div class=\"swiper-slide\">\n\t\t\t<div class=\"slide-inner-wrap\">\n\t\t\t\t<div class=\"tf_lazy slide-image gallery-icon\"><a href=\"https:\/\/colegioconcepciontalca.cl\/wp-content\/uploads\/2024\/10\/01-1-scaled.jpeg\" class=\"themify_lightbox\"><img loading=\"lazy\" decoding=\"async\" width=\"2560\" height=\"1978\" src=\"https:\/\/colegioconcepciontalca.cl\/wp-content\/uploads\/2024\/10\/01-1-scaled.jpeg\" class=\"wp-post-image wp-image-14060\" title=\"01\" data-tf-not-load=\"1\" alt=\"01\" srcset=\"https:\/\/colegioconcepciontalca.cl\/wp-content\/uploads\/2024\/10\/01-1-scaled.jpeg 2560w, https:\/\/colegioconcepciontalca.cl\/wp-content\/uploads\/2024\/10\/01-1-300x232.jpeg 300w, https:\/\/colegioconcepciontalca.cl\/wp-content\/uploads\/2024\/10\/01-1-1024x791.jpeg 1024w, https:\/\/colegioconcepciontalca.cl\/wp-content\/uploads\/2024\/10\/01-1-768x593.jpeg 768w, https:\/\/colegioconcepciontalca.cl\/wp-content\/uploads\/2024\/10\/01-1-1536x1187.jpeg 1536w, https:\/\/colegioconcepciontalca.cl\/wp-content\/uploads\/2024\/10\/01-1-2048x1583.jpeg 2048w\" sizes=\"auto, (max-width: 2560px) 100vw, 2560px\" \/><\/a>\t\t\t\t<\/div>\n\t\t\t\t\t\t\t<\/div><\/div>\n\t\t\t\t\t<div class=\"swiper-slide\">\n\t\t\t<div class=\"slide-inner-wrap\">\n\t\t\t\t<div class=\"tf_lazy slide-image gallery-icon\"><a href=\"https:\/\/colegioconcepciontalca.cl\/wp-content\/uploads\/2024\/10\/02-1-scaled.jpeg\" class=\"themify_lightbox\"><img loading=\"lazy\" decoding=\"async\" width=\"2560\" height=\"1978\" src=\"https:\/\/colegioconcepciontalca.cl\/wp-content\/uploads\/2024\/10\/02-1-scaled.jpeg\" class=\"wp-post-image wp-image-14061\" title=\"02\" data-tf-not-load=\"1\" alt=\"02\" srcset=\"https:\/\/colegioconcepciontalca.cl\/wp-content\/uploads\/2024\/10\/02-1-scaled.jpeg 2560w, https:\/\/colegioconcepciontalca.cl\/wp-content\/uploads\/2024\/10\/02-1-300x232.jpeg 300w, https:\/\/colegioconcepciontalca.cl\/wp-content\/uploads\/2024\/10\/02-1-1024x791.jpeg 1024w, https:\/\/colegioconcepciontalca.cl\/wp-content\/uploads\/2024\/10\/02-1-768x593.jpeg 768w, https:\/\/colegioconcepciontalca.cl\/wp-content\/uploads\/2024\/10\/02-1-1536x1187.jpeg 1536w, https:\/\/colegioconcepciontalca.cl\/wp-content\/uploads\/2024\/10\/02-1-2048x1583.jpeg 2048w\" sizes=\"auto, (max-width: 2560px) 100vw, 2560px\" \/><\/a>\t\t\t\t<\/div>\n\t\t\t\t\t\t\t<\/div><\/div>\n\t\t\t\t\t<div class=\"swiper-slide\">\n\t\t\t<div class=\"slide-inner-wrap\">\n\t\t\t\t<div class=\"tf_lazy slide-image gallery-icon\"><a href=\"https:\/\/colegioconcepciontalca.cl\/wp-content\/uploads\/2024\/10\/03-1-scaled.jpeg\" class=\"themify_lightbox\"><img loading=\"lazy\" decoding=\"async\" width=\"2560\" height=\"1978\" src=\"https:\/\/colegioconcepciontalca.cl\/wp-content\/uploads\/2024\/10\/03-1-scaled.jpeg\" class=\"wp-post-image wp-image-14062\" title=\"03\" data-tf-not-load=\"1\" alt=\"03\" srcset=\"https:\/\/colegioconcepciontalca.cl\/wp-content\/uploads\/2024\/10\/03-1-scaled.jpeg 2560w, https:\/\/colegioconcepciontalca.cl\/wp-content\/uploads\/2024\/10\/03-1-300x232.jpeg 300w, https:\/\/colegioconcepciontalca.cl\/wp-content\/uploads\/2024\/10\/03-1-1024x791.jpeg 1024w, https:\/\/colegioconcepciontalca.cl\/wp-content\/uploads\/2024\/10\/03-1-768x593.jpeg 768w, https:\/\/colegioconcepciontalca.cl\/wp-content\/uploads\/2024\/10\/03-1-1536x1187.jpeg 1536w, https:\/\/colegioconcepciontalca.cl\/wp-content\/uploads\/2024\/10\/03-1-2048x1583.jpeg 2048w\" sizes=\"auto, (max-width: 2560px) 100vw, 2560px\" \/><\/a>\t\t\t\t<\/div>\n\t\t\t\t\t\t\t<\/div><\/div>\n\t\t\t\t\t<div class=\"swiper-slide\">\n\t\t\t<div class=\"slide-inner-wrap\">\n\t\t\t\t<div class=\"tf_lazy slide-image gallery-icon\"><a href=\"https:\/\/colegioconcepciontalca.cl\/wp-content\/uploads\/2024\/10\/04-1-scaled.jpeg\" class=\"themify_lightbox\"><img loading=\"lazy\" decoding=\"async\" width=\"2560\" height=\"1978\" src=\"https:\/\/colegioconcepciontalca.cl\/wp-content\/uploads\/2024\/10\/04-1-scaled.jpeg\" class=\"wp-post-image wp-image-14063\" title=\"04\" data-tf-not-load=\"1\" alt=\"04\" srcset=\"https:\/\/colegioconcepciontalca.cl\/wp-content\/uploads\/2024\/10\/04-1-scaled.jpeg 2560w, https:\/\/colegioconcepciontalca.cl\/wp-content\/uploads\/2024\/10\/04-1-300x232.jpeg 300w, https:\/\/colegioconcepciontalca.cl\/wp-content\/uploads\/2024\/10\/04-1-1024x791.jpeg 1024w, https:\/\/colegioconcepciontalca.cl\/wp-content\/uploads\/2024\/10\/04-1-768x593.jpeg 768w, https:\/\/colegioconcepciontalca.cl\/wp-content\/uploads\/2024\/10\/04-1-1536x1187.jpeg 1536w, https:\/\/colegioconcepciontalca.cl\/wp-content\/uploads\/2024\/10\/04-1-2048x1583.jpeg 2048w\" sizes=\"auto, (max-width: 2560px) 100vw, 2560px\" \/><\/a>\t\t\t\t<\/div>\n\t\t\t\t\t\t\t<\/div><\/div>\n\t\t\t\t\t<div class=\"swiper-slide\">\n\t\t\t<div class=\"slide-inner-wrap\">\n\t\t\t\t<div class=\"tf_lazy slide-image gallery-icon\"><a href=\"https:\/\/colegioconcepciontalca.cl\/wp-content\/uploads\/2024\/10\/05-1-scaled.jpeg\" class=\"themify_lightbox\"><img loading=\"lazy\" decoding=\"async\" width=\"2560\" height=\"1978\" src=\"https:\/\/colegioconcepciontalca.cl\/wp-content\/uploads\/2024\/10\/05-1-scaled.jpeg\" class=\"wp-post-image wp-image-14064\" title=\"05\" data-tf-not-load=\"1\" alt=\"05\" srcset=\"https:\/\/colegioconcepciontalca.cl\/wp-content\/uploads\/2024\/10\/05-1-scaled.jpeg 2560w, https:\/\/colegioconcepciontalca.cl\/wp-content\/uploads\/2024\/10\/05-1-300x232.jpeg 300w, https:\/\/colegioconcepciontalca.cl\/wp-content\/uploads\/2024\/10\/05-1-1024x791.jpeg 1024w, https:\/\/colegioconcepciontalca.cl\/wp-content\/uploads\/2024\/10\/05-1-768x593.jpeg 768w, https:\/\/colegioconcepciontalca.cl\/wp-content\/uploads\/2024\/10\/05-1-1536x1187.jpeg 1536w, https:\/\/colegioconcepciontalca.cl\/wp-content\/uploads\/2024\/10\/05-1-2048x1583.jpeg 2048w\" sizes=\"auto, (max-width: 2560px) 100vw, 2560px\" \/><\/a>\t\t\t\t<\/div>\n\t\t\t\t\t\t\t<\/div><\/div>\n\t\t\t\t\t<div class=\"swiper-slide\">\n\t\t\t<div class=\"slide-inner-wrap\">\n\t\t\t\t<div class=\"tf_lazy slide-image gallery-icon\"><a href=\"https:\/\/colegioconcepciontalca.cl\/wp-content\/uploads\/2024\/10\/06-scaled.jpeg\" class=\"themify_lightbox\"><img loading=\"lazy\" decoding=\"async\" width=\"2560\" height=\"1978\" src=\"https:\/\/colegioconcepciontalca.cl\/wp-content\/uploads\/2024\/10\/06-scaled.jpeg\" class=\"wp-post-image wp-image-14065\" title=\"06\" data-tf-not-load=\"1\" alt=\"06\" srcset=\"https:\/\/colegioconcepciontalca.cl\/wp-content\/uploads\/2024\/10\/06-scaled.jpeg 2560w, https:\/\/colegioconcepciontalca.cl\/wp-content\/uploads\/2024\/10\/06-300x232.jpeg 300w, https:\/\/colegioconcepciontalca.cl\/wp-content\/uploads\/2024\/10\/06-1024x791.jpeg 1024w, https:\/\/colegioconcepciontalca.cl\/wp-content\/uploads\/2024\/10\/06-768x593.jpeg 768w, https:\/\/colegioconcepciontalca.cl\/wp-content\/uploads\/2024\/10\/06-1536x1187.jpeg 1536w, https:\/\/colegioconcepciontalca.cl\/wp-content\/uploads\/2024\/10\/06-2048x1583.jpeg 2048w\" sizes=\"auto, (max-width: 2560px) 100vw, 2560px\" \/><\/a>\t\t\t\t<\/div>\n\t\t\t\t\t\t\t<\/div><\/div>\n\t\t\t\t\t<div class=\"swiper-slide\">\n\t\t\t<div class=\"slide-inner-wrap\">\n\t\t\t\t<div class=\"tf_lazy slide-image gallery-icon\"><a href=\"https:\/\/colegioconcepciontalca.cl\/wp-content\/uploads\/2024\/10\/07-scaled.jpeg\" class=\"themify_lightbox\"><img loading=\"lazy\" decoding=\"async\" width=\"2560\" height=\"1978\" src=\"https:\/\/colegioconcepciontalca.cl\/wp-content\/uploads\/2024\/10\/07-scaled.jpeg\" class=\"wp-post-image wp-image-14066\" title=\"07\" data-tf-not-load=\"1\" alt=\"07\" srcset=\"https:\/\/colegioconcepciontalca.cl\/wp-content\/uploads\/2024\/10\/07-scaled.jpeg 2560w, https:\/\/colegioconcepciontalca.cl\/wp-content\/uploads\/2024\/10\/07-300x232.jpeg 300w, https:\/\/colegioconcepciontalca.cl\/wp-content\/uploads\/2024\/10\/07-1024x791.jpeg 1024w, https:\/\/colegioconcepciontalca.cl\/wp-content\/uploads\/2024\/10\/07-768x593.jpeg 768w, https:\/\/colegioconcepciontalca.cl\/wp-content\/uploads\/2024\/10\/07-1536x1187.jpeg 1536w, https:\/\/colegioconcepciontalca.cl\/wp-content\/uploads\/2024\/10\/07-2048x1583.jpeg 2048w\" sizes=\"auto, (max-width: 2560px) 100vw, 2560px\" \/><\/a>\t\t\t\t<\/div>\n\t\t\t\t\t\t\t<\/div><\/div>\n\t\t\t\t\t<div class=\"swiper-slide\">\n\t\t\t<div class=\"slide-inner-wrap\">\n\t\t\t\t<div class=\"tf_lazy slide-image gallery-icon\"><a href=\"https:\/\/colegioconcepciontalca.cl\/wp-content\/uploads\/2024\/10\/08-scaled.jpeg\" class=\"themify_lightbox\"><img loading=\"lazy\" decoding=\"async\" width=\"2560\" height=\"1978\" src=\"https:\/\/colegioconcepciontalca.cl\/wp-content\/uploads\/2024\/10\/08-scaled.jpeg\" class=\"wp-post-image wp-image-14067\" title=\"08\" data-tf-not-load=\"1\" alt=\"08\" srcset=\"https:\/\/colegioconcepciontalca.cl\/wp-content\/uploads\/2024\/10\/08-scaled.jpeg 2560w, https:\/\/colegioconcepciontalca.cl\/wp-content\/uploads\/2024\/10\/08-300x232.jpeg 300w, https:\/\/colegioconcepciontalca.cl\/wp-content\/uploads\/2024\/10\/08-1024x791.jpeg 1024w, https:\/\/colegioconcepciontalca.cl\/wp-content\/uploads\/2024\/10\/08-768x593.jpeg 768w, https:\/\/colegioconcepciontalca.cl\/wp-content\/uploads\/2024\/10\/08-1536x1187.jpeg 1536w, https:\/\/colegioconcepciontalca.cl\/wp-content\/uploads\/2024\/10\/08-2048x1583.jpeg 2048w\" sizes=\"auto, (max-width: 2560px) 100vw, 2560px\" \/><\/a>\t\t\t\t<\/div>\n\t\t\t\t\t\t\t<\/div><\/div>\n\t\t\t\t\t<div class=\"swiper-slide\">\n\t\t\t<div class=\"slide-inner-wrap\">\n\t\t\t\t<div class=\"tf_lazy slide-image gallery-icon\"><a href=\"https:\/\/colegioconcepciontalca.cl\/wp-content\/uploads\/2024\/10\/09-scaled.jpeg\" class=\"themify_lightbox\"><img loading=\"lazy\" decoding=\"async\" width=\"2560\" height=\"1978\" src=\"https:\/\/colegioconcepciontalca.cl\/wp-content\/uploads\/2024\/10\/09-scaled.jpeg\" class=\"wp-post-image wp-image-14068\" title=\"09\" data-tf-not-load=\"1\" alt=\"09\" srcset=\"https:\/\/colegioconcepciontalca.cl\/wp-content\/uploads\/2024\/10\/09-scaled.jpeg 2560w, https:\/\/colegioconcepciontalca.cl\/wp-content\/uploads\/2024\/10\/09-300x232.jpeg 300w, https:\/\/colegioconcepciontalca.cl\/wp-content\/uploads\/2024\/10\/09-1024x791.jpeg 1024w, https:\/\/colegioconcepciontalca.cl\/wp-content\/uploads\/2024\/10\/09-768x593.jpeg 768w, https:\/\/colegioconcepciontalca.cl\/wp-content\/uploads\/2024\/10\/09-1536x1187.jpeg 1536w, https:\/\/colegioconcepciontalca.cl\/wp-content\/uploads\/2024\/10\/09-2048x1583.jpeg 2048w\" sizes=\"auto, (max-width: 2560px) 100vw, 2560px\" \/><\/a>\t\t\t\t<\/div>\n\t\t\t\t\t\t\t<\/div><\/div>\n\t\t\t\t\t<div class=\"swiper-slide\">\n\t\t\t<div class=\"slide-inner-wrap\">\n\t\t\t\t<div class=\"tf_lazy slide-image gallery-icon\"><a href=\"https:\/\/colegioconcepciontalca.cl\/wp-content\/uploads\/2024\/10\/10-scaled.jpeg\" class=\"themify_lightbox\"><img loading=\"lazy\" decoding=\"async\" width=\"2560\" height=\"1978\" src=\"https:\/\/colegioconcepciontalca.cl\/wp-content\/uploads\/2024\/10\/10-scaled.jpeg\" class=\"wp-post-image wp-image-14069\" title=\"10\" data-tf-not-load=\"1\" alt=\"10\" srcset=\"https:\/\/colegioconcepciontalca.cl\/wp-content\/uploads\/2024\/10\/10-scaled.jpeg 2560w, https:\/\/colegioconcepciontalca.cl\/wp-content\/uploads\/2024\/10\/10-300x232.jpeg 300w, https:\/\/colegioconcepciontalca.cl\/wp-content\/uploads\/2024\/10\/10-1024x791.jpeg 1024w, https:\/\/colegioconcepciontalca.cl\/wp-content\/uploads\/2024\/10\/10-768x593.jpeg 768w, https:\/\/colegioconcepciontalca.cl\/wp-content\/uploads\/2024\/10\/10-1536x1187.jpeg 1536w, https:\/\/colegioconcepciontalca.cl\/wp-content\/uploads\/2024\/10\/10-2048x1583.jpeg 2048w\" sizes=\"auto, (max-width: 2560px) 100vw, 2560px\" \/><\/a>\t\t\t\t<\/div>\n\t\t\t\t\t\t\t<\/div><\/div>\n\t\t\t\t\t<div class=\"swiper-slide\">\n\t\t\t<div class=\"slide-inner-wrap\">\n\t\t\t\t<div class=\"tf_lazy slide-image gallery-icon\"><a href=\"https:\/\/colegioconcepciontalca.cl\/wp-content\/uploads\/2024\/10\/11-scaled.jpeg\" class=\"themify_lightbox\"><img loading=\"lazy\" decoding=\"async\" width=\"2560\" height=\"1978\" src=\"https:\/\/colegioconcepciontalca.cl\/wp-content\/uploads\/2024\/10\/11-scaled.jpeg\" class=\"wp-post-image wp-image-14070\" title=\"11\" data-tf-not-load=\"1\" alt=\"11\" srcset=\"https:\/\/colegioconcepciontalca.cl\/wp-content\/uploads\/2024\/10\/11-scaled.jpeg 2560w, https:\/\/colegioconcepciontalca.cl\/wp-content\/uploads\/2024\/10\/11-300x232.jpeg 300w, https:\/\/colegioconcepciontalca.cl\/wp-content\/uploads\/2024\/10\/11-1024x791.jpeg 1024w, https:\/\/colegioconcepciontalca.cl\/wp-content\/uploads\/2024\/10\/11-768x593.jpeg 768w, https:\/\/colegioconcepciontalca.cl\/wp-content\/uploads\/2024\/10\/11-1536x1187.jpeg 1536w, https:\/\/colegioconcepciontalca.cl\/wp-content\/uploads\/2024\/10\/11-2048x1583.jpeg 2048w\" sizes=\"auto, (max-width: 2560px) 100vw, 2560px\" \/><\/a>\t\t\t\t<\/div>\n\t\t\t\t\t\t\t<\/div><\/div>\n\t\t\t\t\t<div class=\"swiper-slide\">\n\t\t\t<div class=\"slide-inner-wrap\">\n\t\t\t\t<div class=\"tf_lazy slide-image gallery-icon\"><a href=\"https:\/\/colegioconcepciontalca.cl\/wp-content\/uploads\/2024\/10\/12-scaled.jpeg\" class=\"themify_lightbox\"><img loading=\"lazy\" decoding=\"async\" width=\"2560\" height=\"1978\" src=\"https:\/\/colegioconcepciontalca.cl\/wp-content\/uploads\/2024\/10\/12-scaled.jpeg\" class=\"wp-post-image wp-image-14071\" title=\"12\" data-tf-not-load=\"1\" alt=\"12\" srcset=\"https:\/\/colegioconcepciontalca.cl\/wp-content\/uploads\/2024\/10\/12-scaled.jpeg 2560w, https:\/\/colegioconcepciontalca.cl\/wp-content\/uploads\/2024\/10\/12-300x232.jpeg 300w, https:\/\/colegioconcepciontalca.cl\/wp-content\/uploads\/2024\/10\/12-1024x791.jpeg 1024w, https:\/\/colegioconcepciontalca.cl\/wp-content\/uploads\/2024\/10\/12-768x593.jpeg 768w, https:\/\/colegioconcepciontalca.cl\/wp-content\/uploads\/2024\/10\/12-1536x1187.jpeg 1536w, https:\/\/colegioconcepciontalca.cl\/wp-content\/uploads\/2024\/10\/12-2048x1583.jpeg 2048w\" sizes=\"auto, (max-width: 2560px) 100vw, 2560px\" \/><\/a>\t\t\t\t<\/div>\n\t\t\t\t\t\t\t<\/div><\/div>\n\t\t\t\t\t<div class=\"swiper-slide\">\n\t\t\t<div class=\"slide-inner-wrap\">\n\t\t\t\t<div class=\"tf_lazy slide-image gallery-icon\"><a href=\"https:\/\/colegioconcepciontalca.cl\/wp-content\/uploads\/2024\/10\/13-scaled.jpeg\" class=\"themify_lightbox\"><img loading=\"lazy\" decoding=\"async\" width=\"2560\" height=\"1978\" src=\"https:\/\/colegioconcepciontalca.cl\/wp-content\/uploads\/2024\/10\/13-scaled.jpeg\" class=\"wp-post-image wp-image-14072\" title=\"13\" data-tf-not-load=\"1\" alt=\"13\" srcset=\"https:\/\/colegioconcepciontalca.cl\/wp-content\/uploads\/2024\/10\/13-scaled.jpeg 2560w, https:\/\/colegioconcepciontalca.cl\/wp-content\/uploads\/2024\/10\/13-300x232.jpeg 300w, https:\/\/colegioconcepciontalca.cl\/wp-content\/uploads\/2024\/10\/13-1024x791.jpeg 1024w, https:\/\/colegioconcepciontalca.cl\/wp-content\/uploads\/2024\/10\/13-768x593.jpeg 768w, https:\/\/colegioconcepciontalca.cl\/wp-content\/uploads\/2024\/10\/13-1536x1187.jpeg 1536w, https:\/\/colegioconcepciontalca.cl\/wp-content\/uploads\/2024\/10\/13-2048x1583.jpeg 2048w\" sizes=\"auto, (max-width: 2560px) 100vw, 2560px\" \/><\/a>\t\t\t\t<\/div>\n\t\t\t\t\t\t\t<\/div><\/div>\n\t\t\t\t\t<div class=\"swiper-slide\">\n\t\t\t<div class=\"slide-inner-wrap\">\n\t\t\t\t<div class=\"tf_lazy slide-image gallery-icon\"><a href=\"https:\/\/colegioconcepciontalca.cl\/wp-content\/uploads\/2024\/10\/14-scaled.jpeg\" class=\"themify_lightbox\"><img loading=\"lazy\" decoding=\"async\" width=\"2560\" height=\"1978\" src=\"https:\/\/colegioconcepciontalca.cl\/wp-content\/uploads\/2024\/10\/14-scaled.jpeg\" class=\"wp-post-image wp-image-14073\" title=\"14\" data-tf-not-load=\"1\" alt=\"14\" srcset=\"https:\/\/colegioconcepciontalca.cl\/wp-content\/uploads\/2024\/10\/14-scaled.jpeg 2560w, https:\/\/colegioconcepciontalca.cl\/wp-content\/uploads\/2024\/10\/14-300x232.jpeg 300w, https:\/\/colegioconcepciontalca.cl\/wp-content\/uploads\/2024\/10\/14-1024x791.jpeg 1024w, https:\/\/colegioconcepciontalca.cl\/wp-content\/uploads\/2024\/10\/14-768x593.jpeg 768w, https:\/\/colegioconcepciontalca.cl\/wp-content\/uploads\/2024\/10\/14-1536x1187.jpeg 1536w, https:\/\/colegioconcepciontalca.cl\/wp-content\/uploads\/2024\/10\/14-2048x1583.jpeg 2048w\" sizes=\"auto, (max-width: 2560px) 100vw, 2560px\" \/><\/a>\t\t\t\t<\/div>\n\t\t\t\t\t\t\t<\/div><\/div>\n\t\t\t\t\t<div class=\"swiper-slide\">\n\t\t\t<div class=\"slide-inner-wrap\">\n\t\t\t\t<div class=\"tf_lazy slide-image gallery-icon\"><a href=\"https:\/\/colegioconcepciontalca.cl\/wp-content\/uploads\/2024\/10\/15-scaled.jpeg\" class=\"themify_lightbox\"><img loading=\"lazy\" decoding=\"async\" width=\"2560\" height=\"1978\" src=\"https:\/\/colegioconcepciontalca.cl\/wp-content\/uploads\/2024\/10\/15-scaled.jpeg\" class=\"wp-post-image wp-image-14074\" title=\"15\" data-tf-not-load=\"1\" alt=\"15\" srcset=\"https:\/\/colegioconcepciontalca.cl\/wp-content\/uploads\/2024\/10\/15-scaled.jpeg 2560w, https:\/\/colegioconcepciontalca.cl\/wp-content\/uploads\/2024\/10\/15-300x232.jpeg 300w, https:\/\/colegioconcepciontalca.cl\/wp-content\/uploads\/2024\/10\/15-1024x791.jpeg 1024w, https:\/\/colegioconcepciontalca.cl\/wp-content\/uploads\/2024\/10\/15-768x593.jpeg 768w, https:\/\/colegioconcepciontalca.cl\/wp-content\/uploads\/2024\/10\/15-1536x1187.jpeg 1536w, https:\/\/colegioconcepciontalca.cl\/wp-content\/uploads\/2024\/10\/15-2048x1583.jpeg 2048w\" sizes=\"auto, (max-width: 2560px) 100vw, 2560px\" \/><\/a>\t\t\t\t<\/div>\n\t\t\t\t\t\t\t<\/div><\/div>\n\t\t\t<\/div>\n<\/div>\n                <div class=\"themify_builder_slider_vertical tf_rel\">\n    <div class=\"swiper-container tf_carousel themify_builder_slider themify_builder_slider_vertical tb_lo5a144_thumbs tf_rel tf_overflow\"\n\tdata-pager=\"1\"\n\t data-lazy=\"1\"\t        data-thumbs-id=\"tb_lo5a144_thumbs\"\n\t\tdata-visible=\"4\" \n\t\tdata-tbreakpoints=\"1280\"\n\t\tdata-mbreakpoints=\"680\"\n\t\tdata-tab-visible=\"0\"\n\t\tdata-mob-visible=\"0\"\n\t\t\t\tdata-auto=\"4\"\n\t\tdata-pause_hover=\"1\"\n\t\t\t\t\tdata-controller=\"0\"\n\t\t\t\tdata-speed=\"1\"\n\tdata-wrapvar=\"1\"\n\tdata-slider_nav=\"1\"\n\tdata-height=\"variable\"\n\t>\n\t<div class=\"swiper-wrapper tf_lazy tf_rel tf_w tf_h tf_textc\">\n\t\t\t\t\t<div class=\"swiper-slide\">\n\t\t\t<div class=\"slide-inner-wrap\">\n\t\t\t\t<div class=\"tf_lazy slide-image gallery-icon\"><img loading=\"lazy\" decoding=\"async\" src=\"https:\/\/colegioconcepciontalca.cl\/wp-content\/uploads\/2024\/10\/01-1-scaled-300x200.jpeg\" width=\"300\" height=\"200\" class=\"wp-post-image wp-image-14060\" title=\"01\" data-tf-not-load=\"1\" alt=\"01\">\t\t\t\t<\/div>\n\t\t\t\t\t\t\t<\/div><\/div>\n\t\t\t\t\t<div class=\"swiper-slide\">\n\t\t\t<div class=\"slide-inner-wrap\">\n\t\t\t\t<div class=\"tf_lazy slide-image gallery-icon\"><img loading=\"lazy\" decoding=\"async\" src=\"https:\/\/colegioconcepciontalca.cl\/wp-content\/uploads\/2024\/10\/02-1-scaled-300x200.jpeg\" width=\"300\" height=\"200\" class=\"wp-post-image wp-image-14061\" title=\"02\" data-tf-not-load=\"1\" alt=\"02\">\t\t\t\t<\/div>\n\t\t\t\t\t\t\t<\/div><\/div>\n\t\t\t\t\t<div class=\"swiper-slide\">\n\t\t\t<div class=\"slide-inner-wrap\">\n\t\t\t\t<div class=\"tf_lazy slide-image gallery-icon\"><img loading=\"lazy\" decoding=\"async\" src=\"https:\/\/colegioconcepciontalca.cl\/wp-content\/uploads\/2024\/10\/03-1-scaled-300x200.jpeg\" width=\"300\" height=\"200\" class=\"wp-post-image wp-image-14062\" title=\"03\" data-tf-not-load=\"1\" alt=\"03\">\t\t\t\t<\/div>\n\t\t\t\t\t\t\t<\/div><\/div>\n\t\t\t\t\t<div class=\"swiper-slide\">\n\t\t\t<div class=\"slide-inner-wrap\">\n\t\t\t\t<div class=\"tf_lazy slide-image gallery-icon\"><img loading=\"lazy\" decoding=\"async\" src=\"https:\/\/colegioconcepciontalca.cl\/wp-content\/uploads\/2024\/10\/04-1-scaled-300x200.jpeg\" width=\"300\" height=\"200\" class=\"wp-post-image wp-image-14063\" title=\"04\" data-tf-not-load=\"1\" alt=\"04\">\t\t\t\t<\/div>\n\t\t\t\t\t\t\t<\/div><\/div>\n\t\t\t\t\t<div class=\"swiper-slide\">\n\t\t\t<div class=\"slide-inner-wrap\">\n\t\t\t\t<div class=\"tf_lazy slide-image gallery-icon\"><img loading=\"lazy\" decoding=\"async\" src=\"https:\/\/colegioconcepciontalca.cl\/wp-content\/uploads\/2024\/10\/05-1-scaled-300x200.jpeg\" width=\"300\" height=\"200\" class=\"wp-post-image wp-image-14064\" title=\"05\" data-tf-not-load=\"1\" alt=\"05\">\t\t\t\t<\/div>\n\t\t\t\t\t\t\t<\/div><\/div>\n\t\t\t\t\t<div class=\"swiper-slide\">\n\t\t\t<div class=\"slide-inner-wrap\">\n\t\t\t\t<div class=\"tf_lazy slide-image gallery-icon\"><img loading=\"lazy\" decoding=\"async\" src=\"https:\/\/colegioconcepciontalca.cl\/wp-content\/uploads\/2024\/10\/06-scaled-300x200.jpeg\" width=\"300\" height=\"200\" class=\"wp-post-image wp-image-14065\" title=\"06\" data-tf-not-load=\"1\" alt=\"06\">\t\t\t\t<\/div>\n\t\t\t\t\t\t\t<\/div><\/div>\n\t\t\t\t\t<div class=\"swiper-slide\">\n\t\t\t<div class=\"slide-inner-wrap\">\n\t\t\t\t<div class=\"tf_lazy slide-image gallery-icon\"><img loading=\"lazy\" decoding=\"async\" src=\"https:\/\/colegioconcepciontalca.cl\/wp-content\/uploads\/2024\/10\/07-scaled-300x200.jpeg\" width=\"300\" height=\"200\" class=\"wp-post-image wp-image-14066\" title=\"07\" data-tf-not-load=\"1\" alt=\"07\">\t\t\t\t<\/div>\n\t\t\t\t\t\t\t<\/div><\/div>\n\t\t\t\t\t<div class=\"swiper-slide\">\n\t\t\t<div class=\"slide-inner-wrap\">\n\t\t\t\t<div class=\"tf_lazy slide-image gallery-icon\"><img loading=\"lazy\" decoding=\"async\" src=\"https:\/\/colegioconcepciontalca.cl\/wp-content\/uploads\/2024\/10\/08-scaled-300x200.jpeg\" width=\"300\" height=\"200\" class=\"wp-post-image wp-image-14067\" title=\"08\" data-tf-not-load=\"1\" alt=\"08\">\t\t\t\t<\/div>\n\t\t\t\t\t\t\t<\/div><\/div>\n\t\t\t\t\t<div class=\"swiper-slide\">\n\t\t\t<div class=\"slide-inner-wrap\">\n\t\t\t\t<div class=\"tf_lazy slide-image gallery-icon\"><img loading=\"lazy\" decoding=\"async\" src=\"https:\/\/colegioconcepciontalca.cl\/wp-content\/uploads\/2024\/10\/09-scaled-300x200.jpeg\" width=\"300\" height=\"200\" class=\"wp-post-image wp-image-14068\" title=\"09\" data-tf-not-load=\"1\" alt=\"09\">\t\t\t\t<\/div>\n\t\t\t\t\t\t\t<\/div><\/div>\n\t\t\t\t\t<div class=\"swiper-slide\">\n\t\t\t<div class=\"slide-inner-wrap\">\n\t\t\t\t<div class=\"tf_lazy slide-image gallery-icon\"><img loading=\"lazy\" decoding=\"async\" src=\"https:\/\/colegioconcepciontalca.cl\/wp-content\/uploads\/2024\/10\/10-scaled-300x200.jpeg\" width=\"300\" height=\"200\" class=\"wp-post-image wp-image-14069\" title=\"10\" data-tf-not-load=\"1\" alt=\"10\">\t\t\t\t<\/div>\n\t\t\t\t\t\t\t<\/div><\/div>\n\t\t\t\t\t<div class=\"swiper-slide\">\n\t\t\t<div class=\"slide-inner-wrap\">\n\t\t\t\t<div class=\"tf_lazy slide-image gallery-icon\"><img loading=\"lazy\" decoding=\"async\" src=\"https:\/\/colegioconcepciontalca.cl\/wp-content\/uploads\/2024\/10\/11-scaled-300x200.jpeg\" width=\"300\" height=\"200\" class=\"wp-post-image wp-image-14070\" title=\"11\" data-tf-not-load=\"1\" alt=\"11\">\t\t\t\t<\/div>\n\t\t\t\t\t\t\t<\/div><\/div>\n\t\t\t\t\t<div class=\"swiper-slide\">\n\t\t\t<div class=\"slide-inner-wrap\">\n\t\t\t\t<div class=\"tf_lazy slide-image gallery-icon\"><img loading=\"lazy\" decoding=\"async\" src=\"https:\/\/colegioconcepciontalca.cl\/wp-content\/uploads\/2024\/10\/12-scaled-300x200.jpeg\" width=\"300\" height=\"200\" class=\"wp-post-image wp-image-14071\" title=\"12\" data-tf-not-load=\"1\" alt=\"12\">\t\t\t\t<\/div>\n\t\t\t\t\t\t\t<\/div><\/div>\n\t\t\t\t\t<div class=\"swiper-slide\">\n\t\t\t<div class=\"slide-inner-wrap\">\n\t\t\t\t<div class=\"tf_lazy slide-image gallery-icon\"><img loading=\"lazy\" decoding=\"async\" src=\"https:\/\/colegioconcepciontalca.cl\/wp-content\/uploads\/2024\/10\/13-scaled-300x200.jpeg\" width=\"300\" height=\"200\" class=\"wp-post-image wp-image-14072\" title=\"13\" data-tf-not-load=\"1\" alt=\"13\">\t\t\t\t<\/div>\n\t\t\t\t\t\t\t<\/div><\/div>\n\t\t\t\t\t<div class=\"swiper-slide\">\n\t\t\t<div class=\"slide-inner-wrap\">\n\t\t\t\t<div class=\"tf_lazy slide-image gallery-icon\"><img loading=\"lazy\" decoding=\"async\" src=\"https:\/\/colegioconcepciontalca.cl\/wp-content\/uploads\/2024\/10\/14-scaled-300x200.jpeg\" width=\"300\" height=\"200\" class=\"wp-post-image wp-image-14073\" title=\"14\" data-tf-not-load=\"1\" alt=\"14\">\t\t\t\t<\/div>\n\t\t\t\t\t\t\t<\/div><\/div>\n\t\t\t\t\t<div class=\"swiper-slide\">\n\t\t\t<div class=\"slide-inner-wrap\">\n\t\t\t\t<div class=\"tf_lazy slide-image gallery-icon\"><img loading=\"lazy\" decoding=\"async\" src=\"https:\/\/colegioconcepciontalca.cl\/wp-content\/uploads\/2024\/10\/15-scaled-300x200.jpeg\" width=\"300\" height=\"200\" class=\"wp-post-image wp-image-14074\" title=\"15\" data-tf-not-load=\"1\" alt=\"15\">\t\t\t\t<\/div>\n\t\t\t\t\t\t\t<\/div><\/div>\n\t\t\t<\/div>\n<\/div>\n            <\/div>\n    \n<\/div>\n<!-- \/module gallery -->\n\t        <\/div>\n\t    \t<\/div>\n\t\t    <\/div>\n\t    <!-- \/row_inner -->\n\t<\/div>\n\t<!-- \/module_row -->\n\t<\/div>\n<!--\/themify_builder_content--><!-- AddThis Advanced Settings generic via filter on the_content --><!-- AddThis Share Buttons generic via filter on the_content -->","protected":false},"excerpt":{"rendered":"<p>El Hall Central del Colegio Concepci\u00f3n Talca se transform\u00f3 en un colorido espacio de expresi\u00f3n art\u00edstica gracias a la exposici\u00f3n de trabajos de los estudiantes de 3\u00ba b\u00e1sico, guiados por las profesoras Karla Mancilla, Lucila N\u00fa\u00f1ez, Constanza Clemente y Anah\u00eds Fuentealba.La inspiraci\u00f3n detr\u00e1s de esta muestra provino de la visita de la reconocida artista Carla [&hellip;]<!-- AddThis Advanced Settings generic via filter on get_the_excerpt --><!-- AddThis Share Buttons generic via filter on get_the_excerpt --><\/p>\n","protected":false},"author":1,"featured_media":14060,"comment_status":"closed","ping_status":"closed","sticky":false,"template":"","format":"standard","meta":{"footnotes":""},"categories":[4],"tags":[],"class_list":["post-14059","post","type-post","status-publish","format-standard","has-post-thumbnail","hentry","category-noticias","has-post-title","has-post-date","has-post-category","has-post-tag","has-post-comment","has-post-author",""," cat-4"],"jetpack_featured_media_url":"https:\/\/colegioconcepciontalca.cl\/wp-content\/uploads\/2024\/10\/01-1-scaled.jpeg","builder_content":"<p>El Hall Central del Colegio Concepci\u00f3n Talca se transform\u00f3 en un colorido espacio de expresi\u00f3n art\u00edstica gracias a la exposici\u00f3n de trabajos de los estudiantes de 3\u00ba b\u00e1sico, guiados por las profesoras <strong>Karla Mancilla, Lucila N\u00fa\u00f1ez, Constanza Clemente<\/strong> y <strong>Anah\u00eds Fuentealba<\/strong>.<\/p><p>La inspiraci\u00f3n detr\u00e1s de esta muestra provino de la visita de la reconocida artista <strong>Carla Vosier<\/strong>, quien, con su experiencia y pasi\u00f3n por el arte, despert\u00f3 la creatividad de los estudiantes. Este encuentro fue clave para motivar a los j\u00f3venes a explorar su imaginaci\u00f3n y habilidades art\u00edsticas.<\/p><p>La exposici\u00f3n destac\u00f3 la habilidad de los alumnos, quienes trabajaron con diversas t\u00e9cnicas y materiales, creando obras originales y llenas de vida. Entre los trabajos expuestos se pudieron apreciar:<\/p><ul><li><strong>Pi\u00f1atas recicladas<\/strong>: Coloridas creaciones elaboradas a partir de cart\u00f3n, globos, papel de diario y materiales reciclados.<\/li><li><strong>M\u00e1scaras frutales<\/strong>: Objetos tridimensionales hechos con cart\u00f3n y otros elementos, reflejando la creatividad y destreza manual de los estudiantes.<\/li><li><strong>Obras expresionistas<\/strong>: Piezas llenas de emoci\u00f3n y car\u00e1cter, elaboradas sobre soportes variados como papel, cart\u00f3n, tela, bandejas y calabazas.<\/li><\/ul><p>Esta muestra no solo fue una celebraci\u00f3n del talento art\u00edstico, sino tambi\u00e9n una oportunidad para promover la <strong>conciencia ambiental<\/strong>, mediante el uso de materiales reciclados, y la <strong>autoexpresi\u00f3n<\/strong> en nuestros estudiantes.<\/p><p>Felicitamos a los alumnos, profesoras y a Carla Vosier por enriquecer nuestro entorno escolar con tanta belleza y originalidad. \u00a1Un verdadero despliegue de talento y creatividad!<\/p><p><\/p>\n[gallery ids=\"14060,14061,14062,14063,14064,14065,14066,14067,14068,14069,14070,14071,14072,14073,14074\"]","_links":{"self":[{"href":"https:\/\/colegioconcepciontalca.cl\/index.php\/wp-json\/wp\/v2\/posts\/14059","targetHints":{"allow":["GET"]}}],"collection":[{"href":"https:\/\/colegioconcepciontalca.cl\/index.php\/wp-json\/wp\/v2\/posts"}],"about":[{"href":"https:\/\/colegioconcepciontalca.cl\/index.php\/wp-json\/wp\/v2\/types\/post"}],"author":[{"embeddable":true,"href":"https:\/\/colegioconcepciontalca.cl\/index.php\/wp-json\/wp\/v2\/users\/1"}],"replies":[{"embeddable":true,"href":"https:\/\/colegioconcepciontalca.cl\/index.php\/wp-json\/wp\/v2\/comments?post=14059"}],"version-history":[{"count":1,"href":"https:\/\/colegioconcepciontalca.cl\/index.php\/wp-json\/wp\/v2\/posts\/14059\/revisions"}],"predecessor-version":[{"id":14075,"href":"https:\/\/colegioconcepciontalca.cl\/index.php\/wp-json\/wp\/v2\/posts\/14059\/revisions\/14075"}],"wp:featuredmedia":[{"embeddable":true,"href":"https:\/\/colegioconcepciontalca.cl\/index.php\/wp-json\/wp\/v2\/media\/14060"}],"wp:attachment":[{"href":"https:\/\/colegioconcepciontalca.cl\/index.php\/wp-json\/wp\/v2\/media?parent=14059"}],"wp:term":[{"taxonomy":"category","embeddable":true,"href":"https:\/\/colegioconcepciontalca.cl\/index.php\/wp-json\/wp\/v2\/categories?post=14059"},{"taxonomy":"post_tag","embeddable":true,"href":"https:\/\/colegioconcepciontalca.cl\/index.php\/wp-json\/wp\/v2\/tags?post=14059"}],"curies":[{"name":"wp","href":"https:\/\/api.w.org\/{rel}","templated":true}]}}