{"id":13545,"date":"2024-09-07T16:48:54","date_gmt":"2024-09-07T19:48:54","guid":{"rendered":"https:\/\/colegioconcepciontalca.cl\/?p=13545"},"modified":"2024-09-07T16:48:58","modified_gmt":"2024-09-07T19:48:58","slug":"departamento-de-ciencias-y-comite-medioambiental-realizan-charlas-sobre-propagacion-de-especies-nativas-e-indicadores-de-calidad-ambiental","status":"publish","type":"post","link":"https:\/\/colegioconcepciontalca.cl\/index.php\/2024\/09\/07\/departamento-de-ciencias-y-comite-medioambiental-realizan-charlas-sobre-propagacion-de-especies-nativas-e-indicadores-de-calidad-ambiental\/","title":{"rendered":"Departamento de Ciencias y Comit\u00e9 Medioambiental realizan charlas sobre Propagaci\u00f3n de Especies Nativas e Indicadores de Calidad Ambiental"},"content":{"rendered":"<!--themify_builder_content-->\n<div id=\"themify_builder_content-13545\" data-postid=\"13545\" class=\"themify_builder_content themify_builder_content-13545 themify_builder tf_clear\">\n    \t<!-- module_row -->\n\t<div  data-lazy=\"1\" class=\"module_row themify_builder_row tb_v4f971 tb_first tf_clearfix\">\n\t    \t\t<div class=\"row_inner col_align_top tf_box tf_w tf_rel\">\n\t\t\t<div  data-lazy=\"1\" class=\"module_column tb-column col-full first tb_03q771 tf_box\">\n\t    \t    \t        <div class=\"tb-column-inner tf_box tf_w\">\n\t\t    <!-- module text -->\n<div  class=\"module module-text tb_8ttk74   \" data-lazy=\"1\">\n            <div  class=\"tb_text_wrap\">\n    <p><strong>\u00a0<\/strong>El martes <strong>03 de septiembre <\/strong>se llevaron a cabo las charlas sobre <strong>Propagaci\u00f3n de especies nativas e Indicadores de calidad medioambiental, a cargo de Miguel Mart\u00ednez Romero y la Dra. Diana Montenegro Villalobos <\/strong>respectivamente<strong>, <\/strong>estas se centraron en la importancia de conservar y promover la flora aut\u00f3ctona del pa\u00eds como una estrategia clave para la preservaci\u00f3n de los ecosistemas locales y como tambi\u00e9n el mejoramiento de la calidad ambiental a partir del an\u00e1lisis de especies acu\u00e1ticas. La charla estuvo dirigida hacia los estudiantes de electivos de ciencia y brigada ecol\u00f3gica de nuestro colegio.<\/p><p>Durante la exposici\u00f3n, el <strong>sr. Miguel Mart\u00ednez<\/strong> explic\u00f3 los m\u00e9todos y t\u00e9cnicas para la propagaci\u00f3n de especies nativas, destacando como sus caracter\u00edsticas y propiedades contribuyen al desarrollo y protecci\u00f3n de la biodiversidad, lo que las convierte en opciones ideales para proyectos de reforestaci\u00f3n y restauraci\u00f3n ecol\u00f3gica. Se presentaron ejemplos concretos de especies y sus respectivos procesos de germinaci\u00f3n que, al ser reintroducidas en sus h\u00e1bitats naturales, han demostrado una contribuci\u00f3n significativa a la biodiversidad (flora y fauna).<\/p><p>La charla sobre Indicadores de calidad ambiental constituye un primer acercamiento con este tipo de investigaci\u00f3n, la <strong>Dra. Diana Montenegro<\/strong> nos coment\u00f3 que sus estudios tienen como objetivo el an\u00e1lisis de indicadores biol\u00f3gicos a partir de especies acu\u00e1ticas (bioindicadoras) para medir la calidad del agua. Estos indicadores son esenciales para evaluar la salud de los ecosistemas y orientar las pol\u00edticas de conservaci\u00f3n y desarrollo sostenible, especialmente ante la necesidad de actualizar dichas pol\u00edticas en nuestro pa\u00eds y en donde los equipos de investigaci\u00f3n no son tan numerosos.<\/p><p>El termino de la jornada estuvo marcada por palabras de agradecimiento y la entrega de un peque\u00f1o presente a nuestros expositores.<\/p><p>Como instituci\u00f3n valoramos esta instancia como una forma de promover la educaci\u00f3n ambiental como pilar fundamental para el \u00e9xito de acciones que permitan la preservaci\u00f3n de ecosistemas a partir de la propagaci\u00f3n de especies o el desarrollo proyectos de investigaci\u00f3n. Esta charla inspir\u00f3 a los participantes a tomar un rol activo en la protecci\u00f3n de la rica biodiversidad de Chile, promoviendo un desarrollo sostenible que beneficie a las generaciones presentes y futuras.<\/p><p><\/p><p style=\"text-align: center;\"><strong><em>\u201c\u2026Por un mundo verde y sustentable, act\u00faa hoy, vive ma\u00f1ana\u2026\u201d<\/em><\/strong><\/p>    <\/div>\n<\/div>\n<!-- \/module text -->\t        <\/div>\n\t    \t<\/div>\n\t\t    <\/div>\n\t    <!-- \/row_inner -->\n\t<\/div>\n\t<!-- \/module_row -->\n\t\t<!-- module_row -->\n\t<div  data-lazy=\"1\" class=\"module_row themify_builder_row tb_r2zm607 tf_clearfix\">\n\t    \t\t<div class=\"row_inner col_align_top tf_box tf_w tf_rel\">\n\t\t\t<div  data-lazy=\"1\" class=\"module_column tb-column col-full first tb_so45607 tf_box\">\n\t    \t    \t        <div class=\"tb-column-inner tf_box tf_w\">\n\t\t    <!-- module gallery -->\n<div  class=\"module gallery module-gallery tb_5b7n611 layout-slider  \" data-lazy=\"1\">\n                <div class=\"swiper-container tf_carousel themify_builder_slider tf_rel tf_overflow\"\n\tdata-pager=\"0\"\n\t data-lazy=\"1\"\t\t\tdata-thumbs=\"tb_5b7n611_thumbs\"\n\t\tdata-effect=\"scroll\" \n\t\tdata-css_url=\"https:\/\/colegioconcepciontalca.cl\/wp-content\/themes\/themify-ultra\/themify\/themify-builder\/css\/modules\/sliders\/carousel.css,https:\/\/colegioconcepciontalca.cl\/wp-content\/themes\/themify-ultra\/themify\/themify-builder\/css\/modules\/sliders\/gallery.css\"\n\t\t\t\tdata-auto=\"4\"\n\t\tdata-pause_hover=\"1\"\n\t\t\t\tdata-speed=\"1\"\n\tdata-wrapvar=\"1\"\n\tdata-slider_nav=\"0\"\n\tdata-height=\"variable\"\n\t>\n\t<div class=\"swiper-wrapper tf_lazy tf_rel tf_w tf_h tf_textc\">\n\t\t\t\t\t<div class=\"swiper-slide\">\n\t\t\t<div class=\"slide-inner-wrap\">\n\t\t\t\t<div class=\"tf_lazy slide-image gallery-icon\"><a href=\"https:\/\/colegioconcepciontalca.cl\/wp-content\/uploads\/2024\/09\/01-5-scaled.jpeg\" class=\"themify_lightbox\"><img loading=\"lazy\" decoding=\"async\" width=\"2560\" height=\"2560\" src=\"https:\/\/colegioconcepciontalca.cl\/wp-content\/uploads\/2024\/09\/01-5-scaled.jpeg\" class=\"wp-post-image wp-image-13546\" title=\"01\" data-tf-not-load=\"1\" alt=\"01\" srcset=\"https:\/\/colegioconcepciontalca.cl\/wp-content\/uploads\/2024\/09\/01-5-scaled.jpeg 2560w, https:\/\/colegioconcepciontalca.cl\/wp-content\/uploads\/2024\/09\/01-5-300x300.jpeg 300w, https:\/\/colegioconcepciontalca.cl\/wp-content\/uploads\/2024\/09\/01-5-1024x1024.jpeg 1024w, https:\/\/colegioconcepciontalca.cl\/wp-content\/uploads\/2024\/09\/01-5-150x150.jpeg 150w, https:\/\/colegioconcepciontalca.cl\/wp-content\/uploads\/2024\/09\/01-5-768x768.jpeg 768w, https:\/\/colegioconcepciontalca.cl\/wp-content\/uploads\/2024\/09\/01-5-1536x1536.jpeg 1536w, https:\/\/colegioconcepciontalca.cl\/wp-content\/uploads\/2024\/09\/01-5-2048x2048.jpeg 2048w\" sizes=\"auto, (max-width: 2560px) 100vw, 2560px\" \/><\/a>\t\t\t\t<\/div>\n\t\t\t\t\t\t\t<\/div><\/div>\n\t\t\t\t\t<div class=\"swiper-slide\">\n\t\t\t<div class=\"slide-inner-wrap\">\n\t\t\t\t<div class=\"tf_lazy slide-image gallery-icon\"><a href=\"https:\/\/colegioconcepciontalca.cl\/wp-content\/uploads\/2024\/09\/02-5-scaled.jpeg\" class=\"themify_lightbox\"><img loading=\"lazy\" decoding=\"async\" width=\"2560\" height=\"2560\" src=\"https:\/\/colegioconcepciontalca.cl\/wp-content\/uploads\/2024\/09\/02-5-scaled.jpeg\" class=\"wp-post-image wp-image-13547\" title=\"02\" data-tf-not-load=\"1\" alt=\"02\" srcset=\"https:\/\/colegioconcepciontalca.cl\/wp-content\/uploads\/2024\/09\/02-5-scaled.jpeg 2560w, https:\/\/colegioconcepciontalca.cl\/wp-content\/uploads\/2024\/09\/02-5-300x300.jpeg 300w, https:\/\/colegioconcepciontalca.cl\/wp-content\/uploads\/2024\/09\/02-5-1024x1024.jpeg 1024w, https:\/\/colegioconcepciontalca.cl\/wp-content\/uploads\/2024\/09\/02-5-150x150.jpeg 150w, https:\/\/colegioconcepciontalca.cl\/wp-content\/uploads\/2024\/09\/02-5-768x768.jpeg 768w, https:\/\/colegioconcepciontalca.cl\/wp-content\/uploads\/2024\/09\/02-5-1536x1536.jpeg 1536w, https:\/\/colegioconcepciontalca.cl\/wp-content\/uploads\/2024\/09\/02-5-2048x2048.jpeg 2048w\" sizes=\"auto, (max-width: 2560px) 100vw, 2560px\" \/><\/a>\t\t\t\t<\/div>\n\t\t\t\t\t\t\t<\/div><\/div>\n\t\t\t\t\t<div class=\"swiper-slide\">\n\t\t\t<div class=\"slide-inner-wrap\">\n\t\t\t\t<div class=\"tf_lazy slide-image gallery-icon\"><a href=\"https:\/\/colegioconcepciontalca.cl\/wp-content\/uploads\/2024\/09\/03-3-scaled.jpeg\" class=\"themify_lightbox\"><img loading=\"lazy\" decoding=\"async\" width=\"2560\" height=\"2560\" src=\"https:\/\/colegioconcepciontalca.cl\/wp-content\/uploads\/2024\/09\/03-3-scaled.jpeg\" class=\"wp-post-image wp-image-13548\" title=\"03\" data-tf-not-load=\"1\" alt=\"03\" srcset=\"https:\/\/colegioconcepciontalca.cl\/wp-content\/uploads\/2024\/09\/03-3-scaled.jpeg 2560w, https:\/\/colegioconcepciontalca.cl\/wp-content\/uploads\/2024\/09\/03-3-300x300.jpeg 300w, https:\/\/colegioconcepciontalca.cl\/wp-content\/uploads\/2024\/09\/03-3-1024x1024.jpeg 1024w, https:\/\/colegioconcepciontalca.cl\/wp-content\/uploads\/2024\/09\/03-3-150x150.jpeg 150w, https:\/\/colegioconcepciontalca.cl\/wp-content\/uploads\/2024\/09\/03-3-768x768.jpeg 768w, https:\/\/colegioconcepciontalca.cl\/wp-content\/uploads\/2024\/09\/03-3-1536x1536.jpeg 1536w, https:\/\/colegioconcepciontalca.cl\/wp-content\/uploads\/2024\/09\/03-3-2048x2048.jpeg 2048w\" sizes=\"auto, (max-width: 2560px) 100vw, 2560px\" \/><\/a>\t\t\t\t<\/div>\n\t\t\t\t\t\t\t<\/div><\/div>\n\t\t\t\t\t<div class=\"swiper-slide\">\n\t\t\t<div class=\"slide-inner-wrap\">\n\t\t\t\t<div class=\"tf_lazy slide-image gallery-icon\"><a href=\"https:\/\/colegioconcepciontalca.cl\/wp-content\/uploads\/2024\/09\/04-3-scaled.jpeg\" class=\"themify_lightbox\"><img loading=\"lazy\" decoding=\"async\" width=\"2560\" height=\"2560\" src=\"https:\/\/colegioconcepciontalca.cl\/wp-content\/uploads\/2024\/09\/04-3-scaled.jpeg\" class=\"wp-post-image wp-image-13549\" title=\"04\" data-tf-not-load=\"1\" alt=\"04\" srcset=\"https:\/\/colegioconcepciontalca.cl\/wp-content\/uploads\/2024\/09\/04-3-scaled.jpeg 2560w, https:\/\/colegioconcepciontalca.cl\/wp-content\/uploads\/2024\/09\/04-3-300x300.jpeg 300w, https:\/\/colegioconcepciontalca.cl\/wp-content\/uploads\/2024\/09\/04-3-1024x1024.jpeg 1024w, https:\/\/colegioconcepciontalca.cl\/wp-content\/uploads\/2024\/09\/04-3-150x150.jpeg 150w, https:\/\/colegioconcepciontalca.cl\/wp-content\/uploads\/2024\/09\/04-3-768x768.jpeg 768w, https:\/\/colegioconcepciontalca.cl\/wp-content\/uploads\/2024\/09\/04-3-1536x1536.jpeg 1536w, https:\/\/colegioconcepciontalca.cl\/wp-content\/uploads\/2024\/09\/04-3-2048x2048.jpeg 2048w\" sizes=\"auto, (max-width: 2560px) 100vw, 2560px\" \/><\/a>\t\t\t\t<\/div>\n\t\t\t\t\t\t\t<\/div><\/div>\n\t\t\t\t\t<div class=\"swiper-slide\">\n\t\t\t<div class=\"slide-inner-wrap\">\n\t\t\t\t<div class=\"tf_lazy slide-image gallery-icon\"><a href=\"https:\/\/colegioconcepciontalca.cl\/wp-content\/uploads\/2024\/09\/05-2-scaled.jpeg\" class=\"themify_lightbox\"><img loading=\"lazy\" decoding=\"async\" width=\"2560\" height=\"2560\" src=\"https:\/\/colegioconcepciontalca.cl\/wp-content\/uploads\/2024\/09\/05-2-scaled.jpeg\" class=\"wp-post-image wp-image-13550\" title=\"05\" data-tf-not-load=\"1\" alt=\"05\" srcset=\"https:\/\/colegioconcepciontalca.cl\/wp-content\/uploads\/2024\/09\/05-2-scaled.jpeg 2560w, https:\/\/colegioconcepciontalca.cl\/wp-content\/uploads\/2024\/09\/05-2-300x300.jpeg 300w, https:\/\/colegioconcepciontalca.cl\/wp-content\/uploads\/2024\/09\/05-2-1024x1024.jpeg 1024w, https:\/\/colegioconcepciontalca.cl\/wp-content\/uploads\/2024\/09\/05-2-150x150.jpeg 150w, https:\/\/colegioconcepciontalca.cl\/wp-content\/uploads\/2024\/09\/05-2-768x768.jpeg 768w, https:\/\/colegioconcepciontalca.cl\/wp-content\/uploads\/2024\/09\/05-2-1536x1536.jpeg 1536w, https:\/\/colegioconcepciontalca.cl\/wp-content\/uploads\/2024\/09\/05-2-2048x2048.jpeg 2048w\" sizes=\"auto, (max-width: 2560px) 100vw, 2560px\" \/><\/a>\t\t\t\t<\/div>\n\t\t\t\t\t\t\t<\/div><\/div>\n\t\t\t\t\t<div class=\"swiper-slide\">\n\t\t\t<div class=\"slide-inner-wrap\">\n\t\t\t\t<div class=\"tf_lazy slide-image gallery-icon\"><a href=\"https:\/\/colegioconcepciontalca.cl\/wp-content\/uploads\/2024\/09\/06-2-scaled.jpeg\" class=\"themify_lightbox\"><img loading=\"lazy\" decoding=\"async\" width=\"2560\" height=\"2560\" src=\"https:\/\/colegioconcepciontalca.cl\/wp-content\/uploads\/2024\/09\/06-2-scaled.jpeg\" class=\"wp-post-image wp-image-13551\" title=\"06\" data-tf-not-load=\"1\" alt=\"06\" srcset=\"https:\/\/colegioconcepciontalca.cl\/wp-content\/uploads\/2024\/09\/06-2-scaled.jpeg 2560w, https:\/\/colegioconcepciontalca.cl\/wp-content\/uploads\/2024\/09\/06-2-300x300.jpeg 300w, https:\/\/colegioconcepciontalca.cl\/wp-content\/uploads\/2024\/09\/06-2-1024x1024.jpeg 1024w, https:\/\/colegioconcepciontalca.cl\/wp-content\/uploads\/2024\/09\/06-2-150x150.jpeg 150w, https:\/\/colegioconcepciontalca.cl\/wp-content\/uploads\/2024\/09\/06-2-768x768.jpeg 768w, https:\/\/colegioconcepciontalca.cl\/wp-content\/uploads\/2024\/09\/06-2-1536x1536.jpeg 1536w, https:\/\/colegioconcepciontalca.cl\/wp-content\/uploads\/2024\/09\/06-2-2048x2048.jpeg 2048w\" sizes=\"auto, (max-width: 2560px) 100vw, 2560px\" \/><\/a>\t\t\t\t<\/div>\n\t\t\t\t\t\t\t<\/div><\/div>\n\t\t\t\t\t<div class=\"swiper-slide\">\n\t\t\t<div class=\"slide-inner-wrap\">\n\t\t\t\t<div class=\"tf_lazy slide-image gallery-icon\"><a href=\"https:\/\/colegioconcepciontalca.cl\/wp-content\/uploads\/2024\/09\/07-2-scaled.jpeg\" class=\"themify_lightbox\"><img loading=\"lazy\" decoding=\"async\" width=\"2560\" height=\"2560\" src=\"https:\/\/colegioconcepciontalca.cl\/wp-content\/uploads\/2024\/09\/07-2-scaled.jpeg\" class=\"wp-post-image wp-image-13552\" title=\"07\" data-tf-not-load=\"1\" alt=\"07\" srcset=\"https:\/\/colegioconcepciontalca.cl\/wp-content\/uploads\/2024\/09\/07-2-scaled.jpeg 2560w, https:\/\/colegioconcepciontalca.cl\/wp-content\/uploads\/2024\/09\/07-2-300x300.jpeg 300w, https:\/\/colegioconcepciontalca.cl\/wp-content\/uploads\/2024\/09\/07-2-1024x1024.jpeg 1024w, https:\/\/colegioconcepciontalca.cl\/wp-content\/uploads\/2024\/09\/07-2-150x150.jpeg 150w, https:\/\/colegioconcepciontalca.cl\/wp-content\/uploads\/2024\/09\/07-2-768x768.jpeg 768w, https:\/\/colegioconcepciontalca.cl\/wp-content\/uploads\/2024\/09\/07-2-1536x1536.jpeg 1536w, https:\/\/colegioconcepciontalca.cl\/wp-content\/uploads\/2024\/09\/07-2-2048x2048.jpeg 2048w\" sizes=\"auto, (max-width: 2560px) 100vw, 2560px\" \/><\/a>\t\t\t\t<\/div>\n\t\t\t\t\t\t\t<\/div><\/div>\n\t\t\t\t\t<div class=\"swiper-slide\">\n\t\t\t<div class=\"slide-inner-wrap\">\n\t\t\t\t<div class=\"tf_lazy slide-image gallery-icon\"><a href=\"https:\/\/colegioconcepciontalca.cl\/wp-content\/uploads\/2024\/09\/08-2-scaled.jpeg\" class=\"themify_lightbox\"><img loading=\"lazy\" decoding=\"async\" width=\"2560\" height=\"2560\" src=\"https:\/\/colegioconcepciontalca.cl\/wp-content\/uploads\/2024\/09\/08-2-scaled.jpeg\" class=\"wp-post-image wp-image-13553\" title=\"08\" data-tf-not-load=\"1\" alt=\"08\" srcset=\"https:\/\/colegioconcepciontalca.cl\/wp-content\/uploads\/2024\/09\/08-2-scaled.jpeg 2560w, https:\/\/colegioconcepciontalca.cl\/wp-content\/uploads\/2024\/09\/08-2-300x300.jpeg 300w, https:\/\/colegioconcepciontalca.cl\/wp-content\/uploads\/2024\/09\/08-2-1024x1024.jpeg 1024w, https:\/\/colegioconcepciontalca.cl\/wp-content\/uploads\/2024\/09\/08-2-150x150.jpeg 150w, https:\/\/colegioconcepciontalca.cl\/wp-content\/uploads\/2024\/09\/08-2-768x768.jpeg 768w, https:\/\/colegioconcepciontalca.cl\/wp-content\/uploads\/2024\/09\/08-2-1536x1536.jpeg 1536w, https:\/\/colegioconcepciontalca.cl\/wp-content\/uploads\/2024\/09\/08-2-2048x2048.jpeg 2048w\" sizes=\"auto, (max-width: 2560px) 100vw, 2560px\" \/><\/a>\t\t\t\t<\/div>\n\t\t\t\t\t\t\t<\/div><\/div>\n\t\t\t\t\t<div class=\"swiper-slide\">\n\t\t\t<div class=\"slide-inner-wrap\">\n\t\t\t\t<div class=\"tf_lazy slide-image gallery-icon\"><a href=\"https:\/\/colegioconcepciontalca.cl\/wp-content\/uploads\/2024\/09\/09-2-scaled.jpeg\" class=\"themify_lightbox\"><img loading=\"lazy\" decoding=\"async\" width=\"2560\" height=\"2560\" src=\"https:\/\/colegioconcepciontalca.cl\/wp-content\/uploads\/2024\/09\/09-2-scaled.jpeg\" class=\"wp-post-image wp-image-13554\" title=\"09\" data-tf-not-load=\"1\" alt=\"09\" srcset=\"https:\/\/colegioconcepciontalca.cl\/wp-content\/uploads\/2024\/09\/09-2-scaled.jpeg 2560w, https:\/\/colegioconcepciontalca.cl\/wp-content\/uploads\/2024\/09\/09-2-300x300.jpeg 300w, https:\/\/colegioconcepciontalca.cl\/wp-content\/uploads\/2024\/09\/09-2-1024x1024.jpeg 1024w, https:\/\/colegioconcepciontalca.cl\/wp-content\/uploads\/2024\/09\/09-2-150x150.jpeg 150w, https:\/\/colegioconcepciontalca.cl\/wp-content\/uploads\/2024\/09\/09-2-768x768.jpeg 768w, https:\/\/colegioconcepciontalca.cl\/wp-content\/uploads\/2024\/09\/09-2-1536x1536.jpeg 1536w, https:\/\/colegioconcepciontalca.cl\/wp-content\/uploads\/2024\/09\/09-2-2048x2048.jpeg 2048w\" sizes=\"auto, (max-width: 2560px) 100vw, 2560px\" \/><\/a>\t\t\t\t<\/div>\n\t\t\t\t\t\t\t<\/div><\/div>\n\t\t\t<\/div>\n<\/div>\n                <div class=\"themify_builder_slider_vertical tf_rel\">\n    <div class=\"swiper-container tf_carousel themify_builder_slider themify_builder_slider_vertical tb_5b7n611_thumbs tf_rel tf_overflow\"\n\tdata-pager=\"1\"\n\t data-lazy=\"1\"\t        data-thumbs-id=\"tb_5b7n611_thumbs\"\n\t\tdata-visible=\"4\" \n\t\tdata-tbreakpoints=\"1280\"\n\t\tdata-mbreakpoints=\"680\"\n\t\tdata-tab-visible=\"0\"\n\t\tdata-mob-visible=\"0\"\n\t\t\t\tdata-auto=\"4\"\n\t\tdata-pause_hover=\"1\"\n\t\t\t\t\tdata-controller=\"0\"\n\t\t\t\tdata-speed=\"1\"\n\tdata-wrapvar=\"1\"\n\tdata-slider_nav=\"1\"\n\tdata-height=\"variable\"\n\t>\n\t<div class=\"swiper-wrapper tf_lazy tf_rel tf_w tf_h tf_textc\">\n\t\t\t\t\t<div class=\"swiper-slide\">\n\t\t\t<div class=\"slide-inner-wrap\">\n\t\t\t\t<div class=\"tf_lazy slide-image gallery-icon\"><img loading=\"lazy\" decoding=\"async\" src=\"https:\/\/colegioconcepciontalca.cl\/wp-content\/uploads\/2024\/09\/01-5-scaled-300x200.jpeg\" width=\"300\" height=\"200\" class=\"wp-post-image wp-image-13546\" title=\"01\" data-tf-not-load=\"1\" alt=\"01\">\t\t\t\t<\/div>\n\t\t\t\t\t\t\t<\/div><\/div>\n\t\t\t\t\t<div class=\"swiper-slide\">\n\t\t\t<div class=\"slide-inner-wrap\">\n\t\t\t\t<div class=\"tf_lazy slide-image gallery-icon\"><img loading=\"lazy\" decoding=\"async\" src=\"https:\/\/colegioconcepciontalca.cl\/wp-content\/uploads\/2024\/09\/02-5-scaled-300x200.jpeg\" width=\"300\" height=\"200\" class=\"wp-post-image wp-image-13547\" title=\"02\" data-tf-not-load=\"1\" alt=\"02\">\t\t\t\t<\/div>\n\t\t\t\t\t\t\t<\/div><\/div>\n\t\t\t\t\t<div class=\"swiper-slide\">\n\t\t\t<div class=\"slide-inner-wrap\">\n\t\t\t\t<div class=\"tf_lazy slide-image gallery-icon\"><img loading=\"lazy\" decoding=\"async\" src=\"https:\/\/colegioconcepciontalca.cl\/wp-content\/uploads\/2024\/09\/03-3-scaled-300x200.jpeg\" width=\"300\" height=\"200\" class=\"wp-post-image wp-image-13548\" title=\"03\" data-tf-not-load=\"1\" alt=\"03\">\t\t\t\t<\/div>\n\t\t\t\t\t\t\t<\/div><\/div>\n\t\t\t\t\t<div class=\"swiper-slide\">\n\t\t\t<div class=\"slide-inner-wrap\">\n\t\t\t\t<div class=\"tf_lazy slide-image gallery-icon\"><img loading=\"lazy\" decoding=\"async\" src=\"https:\/\/colegioconcepciontalca.cl\/wp-content\/uploads\/2024\/09\/04-3-scaled-300x200.jpeg\" width=\"300\" height=\"200\" class=\"wp-post-image wp-image-13549\" title=\"04\" data-tf-not-load=\"1\" alt=\"04\">\t\t\t\t<\/div>\n\t\t\t\t\t\t\t<\/div><\/div>\n\t\t\t\t\t<div class=\"swiper-slide\">\n\t\t\t<div class=\"slide-inner-wrap\">\n\t\t\t\t<div class=\"tf_lazy slide-image gallery-icon\"><img loading=\"lazy\" decoding=\"async\" src=\"https:\/\/colegioconcepciontalca.cl\/wp-content\/uploads\/2024\/09\/05-2-scaled-300x200.jpeg\" width=\"300\" height=\"200\" class=\"wp-post-image wp-image-13550\" title=\"05\" data-tf-not-load=\"1\" alt=\"05\">\t\t\t\t<\/div>\n\t\t\t\t\t\t\t<\/div><\/div>\n\t\t\t\t\t<div class=\"swiper-slide\">\n\t\t\t<div class=\"slide-inner-wrap\">\n\t\t\t\t<div class=\"tf_lazy slide-image gallery-icon\"><img loading=\"lazy\" decoding=\"async\" src=\"https:\/\/colegioconcepciontalca.cl\/wp-content\/uploads\/2024\/09\/06-2-scaled-300x200.jpeg\" width=\"300\" height=\"200\" class=\"wp-post-image wp-image-13551\" title=\"06\" data-tf-not-load=\"1\" alt=\"06\">\t\t\t\t<\/div>\n\t\t\t\t\t\t\t<\/div><\/div>\n\t\t\t\t\t<div class=\"swiper-slide\">\n\t\t\t<div class=\"slide-inner-wrap\">\n\t\t\t\t<div class=\"tf_lazy slide-image gallery-icon\"><img loading=\"lazy\" decoding=\"async\" src=\"https:\/\/colegioconcepciontalca.cl\/wp-content\/uploads\/2024\/09\/07-2-scaled-300x200.jpeg\" width=\"300\" height=\"200\" class=\"wp-post-image wp-image-13552\" title=\"07\" data-tf-not-load=\"1\" alt=\"07\">\t\t\t\t<\/div>\n\t\t\t\t\t\t\t<\/div><\/div>\n\t\t\t\t\t<div class=\"swiper-slide\">\n\t\t\t<div class=\"slide-inner-wrap\">\n\t\t\t\t<div class=\"tf_lazy slide-image gallery-icon\"><img loading=\"lazy\" decoding=\"async\" src=\"https:\/\/colegioconcepciontalca.cl\/wp-content\/uploads\/2024\/09\/08-2-scaled-300x200.jpeg\" width=\"300\" height=\"200\" class=\"wp-post-image wp-image-13553\" title=\"08\" data-tf-not-load=\"1\" alt=\"08\">\t\t\t\t<\/div>\n\t\t\t\t\t\t\t<\/div><\/div>\n\t\t\t\t\t<div class=\"swiper-slide\">\n\t\t\t<div class=\"slide-inner-wrap\">\n\t\t\t\t<div class=\"tf_lazy slide-image gallery-icon\"><img loading=\"lazy\" decoding=\"async\" src=\"https:\/\/colegioconcepciontalca.cl\/wp-content\/uploads\/2024\/09\/09-2-scaled-300x200.jpeg\" width=\"300\" height=\"200\" class=\"wp-post-image wp-image-13554\" title=\"09\" data-tf-not-load=\"1\" alt=\"09\">\t\t\t\t<\/div>\n\t\t\t\t\t\t\t<\/div><\/div>\n\t\t\t<\/div>\n<\/div>\n            <\/div>\n    \n<\/div>\n<!-- \/module gallery -->\n\t        <\/div>\n\t    \t<\/div>\n\t\t    <\/div>\n\t    <!-- \/row_inner -->\n\t<\/div>\n\t<!-- \/module_row -->\n\t<\/div>\n<!--\/themify_builder_content--><!-- AddThis Advanced Settings generic via filter on the_content --><!-- AddThis Share Buttons generic via filter on the_content -->","protected":false},"excerpt":{"rendered":"<p>\u00a0El martes 03 de septiembre se llevaron a cabo las charlas sobre Propagaci\u00f3n de especies nativas e Indicadores de calidad medioambiental, a cargo de Miguel Mart\u00ednez Romero y la Dra. Diana Montenegro Villalobos respectivamente, estas se centraron en la importancia de conservar y promover la flora aut\u00f3ctona del pa\u00eds como una estrategia clave para la [&hellip;]<!-- AddThis Advanced Settings generic via filter on get_the_excerpt --><!-- AddThis Share Buttons generic via filter on get_the_excerpt --><\/p>\n","protected":false},"author":1,"featured_media":13546,"comment_status":"closed","ping_status":"closed","sticky":false,"template":"","format":"standard","meta":{"footnotes":""},"categories":[4],"tags":[],"class_list":["post-13545","post","type-post","status-publish","format-standard","has-post-thumbnail","hentry","category-noticias","has-post-title","has-post-date","has-post-category","has-post-tag","has-post-comment","has-post-author",""," cat-4"],"jetpack_featured_media_url":"https:\/\/colegioconcepciontalca.cl\/wp-content\/uploads\/2024\/09\/01-5-scaled.jpeg","builder_content":"<p><strong>\u00a0<\/strong>El martes <strong>03 de septiembre <\/strong>se llevaron a cabo las charlas sobre <strong>Propagaci\u00f3n de especies nativas e Indicadores de calidad medioambiental, a cargo de Miguel Mart\u00ednez Romero y la Dra. Diana Montenegro Villalobos <\/strong>respectivamente<strong>, <\/strong>estas se centraron en la importancia de conservar y promover la flora aut\u00f3ctona del pa\u00eds como una estrategia clave para la preservaci\u00f3n de los ecosistemas locales y como tambi\u00e9n el mejoramiento de la calidad ambiental a partir del an\u00e1lisis de especies acu\u00e1ticas. La charla estuvo dirigida hacia los estudiantes de electivos de ciencia y brigada ecol\u00f3gica de nuestro colegio.<\/p><p>Durante la exposici\u00f3n, el <strong>sr. Miguel Mart\u00ednez<\/strong> explic\u00f3 los m\u00e9todos y t\u00e9cnicas para la propagaci\u00f3n de especies nativas, destacando como sus caracter\u00edsticas y propiedades contribuyen al desarrollo y protecci\u00f3n de la biodiversidad, lo que las convierte en opciones ideales para proyectos de reforestaci\u00f3n y restauraci\u00f3n ecol\u00f3gica. Se presentaron ejemplos concretos de especies y sus respectivos procesos de germinaci\u00f3n que, al ser reintroducidas en sus h\u00e1bitats naturales, han demostrado una contribuci\u00f3n significativa a la biodiversidad (flora y fauna).<\/p><p>La charla sobre Indicadores de calidad ambiental constituye un primer acercamiento con este tipo de investigaci\u00f3n, la <strong>Dra. Diana Montenegro<\/strong> nos coment\u00f3 que sus estudios tienen como objetivo el an\u00e1lisis de indicadores biol\u00f3gicos a partir de especies acu\u00e1ticas (bioindicadoras) para medir la calidad del agua. Estos indicadores son esenciales para evaluar la salud de los ecosistemas y orientar las pol\u00edticas de conservaci\u00f3n y desarrollo sostenible, especialmente ante la necesidad de actualizar dichas pol\u00edticas en nuestro pa\u00eds y en donde los equipos de investigaci\u00f3n no son tan numerosos.<\/p><p>El termino de la jornada estuvo marcada por palabras de agradecimiento y la entrega de un peque\u00f1o presente a nuestros expositores.<\/p><p>Como instituci\u00f3n valoramos esta instancia como una forma de promover la educaci\u00f3n ambiental como pilar fundamental para el \u00e9xito de acciones que permitan la preservaci\u00f3n de ecosistemas a partir de la propagaci\u00f3n de especies o el desarrollo proyectos de investigaci\u00f3n. Esta charla inspir\u00f3 a los participantes a tomar un rol activo en la protecci\u00f3n de la rica biodiversidad de Chile, promoviendo un desarrollo sostenible que beneficie a las generaciones presentes y futuras.<\/p><p><\/p><p style=\"text-align: center;\"><strong><em>\u201c\u2026Por un mundo verde y sustentable, act\u00faa hoy, vive ma\u00f1ana\u2026\u201d<\/em><\/strong><\/p>\n[gallery ids=\"13546,13547,13548,13549,13550,13551,13552,13553,13554\"]","_links":{"self":[{"href":"https:\/\/colegioconcepciontalca.cl\/index.php\/wp-json\/wp\/v2\/posts\/13545","targetHints":{"allow":["GET"]}}],"collection":[{"href":"https:\/\/colegioconcepciontalca.cl\/index.php\/wp-json\/wp\/v2\/posts"}],"about":[{"href":"https:\/\/colegioconcepciontalca.cl\/index.php\/wp-json\/wp\/v2\/types\/post"}],"author":[{"embeddable":true,"href":"https:\/\/colegioconcepciontalca.cl\/index.php\/wp-json\/wp\/v2\/users\/1"}],"replies":[{"embeddable":true,"href":"https:\/\/colegioconcepciontalca.cl\/index.php\/wp-json\/wp\/v2\/comments?post=13545"}],"version-history":[{"count":1,"href":"https:\/\/colegioconcepciontalca.cl\/index.php\/wp-json\/wp\/v2\/posts\/13545\/revisions"}],"predecessor-version":[{"id":13555,"href":"https:\/\/colegioconcepciontalca.cl\/index.php\/wp-json\/wp\/v2\/posts\/13545\/revisions\/13555"}],"wp:featuredmedia":[{"embeddable":true,"href":"https:\/\/colegioconcepciontalca.cl\/index.php\/wp-json\/wp\/v2\/media\/13546"}],"wp:attachment":[{"href":"https:\/\/colegioconcepciontalca.cl\/index.php\/wp-json\/wp\/v2\/media?parent=13545"}],"wp:term":[{"taxonomy":"category","embeddable":true,"href":"https:\/\/colegioconcepciontalca.cl\/index.php\/wp-json\/wp\/v2\/categories?post=13545"},{"taxonomy":"post_tag","embeddable":true,"href":"https:\/\/colegioconcepciontalca.cl\/index.php\/wp-json\/wp\/v2\/tags?post=13545"}],"curies":[{"name":"wp","href":"https:\/\/api.w.org\/{rel}","templated":true}]}}