{"id":13001,"date":"2024-07-08T20:25:42","date_gmt":"2024-07-08T23:25:42","guid":{"rendered":"https:\/\/colegioconcepciontalca.cl\/?p=13001"},"modified":"2024-07-08T20:25:44","modified_gmt":"2024-07-08T23:25:44","slug":"felicitaciones-a-nuestros-estudiantes-convocados-a-la-preseleccion-de-talca-en-basquetbol","status":"publish","type":"post","link":"https:\/\/colegioconcepciontalca.cl\/index.php\/2024\/07\/08\/felicitaciones-a-nuestros-estudiantes-convocados-a-la-preseleccion-de-talca-en-basquetbol\/","title":{"rendered":"Felicitaciones a Nuestros Estudiantes Convocados a la Preselecci\u00f3n de Talca en B\u00e1squetbol"},"content":{"rendered":"<!--themify_builder_content-->\n<div id=\"themify_builder_content-13001\" data-postid=\"13001\" class=\"themify_builder_content themify_builder_content-13001 themify_builder tf_clear\">\n    \t<!-- module_row -->\n\t<div  data-lazy=\"1\" class=\"module_row themify_builder_row tb_wx1l509 tb_first tf_clearfix\">\n\t    \t\t<div class=\"row_inner col_align_top tf_box tf_w tf_rel\">\n\t\t\t<div  data-lazy=\"1\" class=\"module_column tb-column col-full first tb_sj5n510 tf_box\">\n\t    \t    \t        <div class=\"tb-column-inner tf_box tf_w\">\n\t\t    <!-- module text -->\n<div  class=\"module module-text tb_h36z512   \" data-lazy=\"1\">\n            <div  class=\"tb_text_wrap\">\n    <p>Felicitamos a nuestra estudiante Colomba Soto, quien ha sido convocada a la preselecci\u00f3n de Talca U13. Tambi\u00e9n extendemos nuestras felicitaciones a Santiago Valenzuela, nominado a la preselecci\u00f3n de Talca U13, y a Benjam\u00edn Mu\u00f1oz, convocado a la preselecci\u00f3n de Talca U17.<\/p><p>Todos ellos est\u00e1n prepar\u00e1ndose para las eliminatorias regionales de la Federaci\u00f3n de B\u00e1squetbol de Chile. Les deseamos el mayor de los \u00e9xitos en sus entrenamientos y competencias. \u00a1Estamos muy orgullosos de ustedes!<\/p>    <\/div>\n<\/div>\n<!-- \/module text -->\t        <\/div>\n\t    \t<\/div>\n\t\t    <\/div>\n\t    <!-- \/row_inner -->\n\t<\/div>\n\t<!-- \/module_row -->\n\t\t<!-- module_row -->\n\t<div  data-lazy=\"1\" class=\"module_row themify_builder_row tb_qcoj775 tf_clearfix\">\n\t    \t\t<div class=\"row_inner col_align_top tf_box tf_w tf_rel\">\n\t\t\t<div  data-lazy=\"1\" class=\"module_column tb-column col-full first tb_ktbm775 tf_box\">\n\t    \t    \t        <div class=\"tb-column-inner tf_box tf_w\">\n\t\t    <!-- module image -->\n<div  class=\"module module-image tb_eb5v778   image-top tf_mw\" data-lazy=\"1\">\n            <div class=\"image-wrap tf_rel tf_mw\">\n\t\t    <img loading=\"lazy\" decoding=\"async\" width=\"2560\" height=\"1978\" src=\"https:\/\/colegioconcepciontalca.cl\/wp-content\/uploads\/2024\/07\/WhatsApp-Image-2024-07-01-at-12.01.45-scaled.jpeg\" class=\"wp-post-image wp-image-13002\" title=\"WhatsApp Image 2024-07-01 at 12.01.45\" alt=\"WhatsApp Image 2024-07-01 at 12.01.45\" srcset=\"https:\/\/colegioconcepciontalca.cl\/wp-content\/uploads\/2024\/07\/WhatsApp-Image-2024-07-01-at-12.01.45-scaled.jpeg 2560w, https:\/\/colegioconcepciontalca.cl\/wp-content\/uploads\/2024\/07\/WhatsApp-Image-2024-07-01-at-12.01.45-300x232.jpeg 300w, https:\/\/colegioconcepciontalca.cl\/wp-content\/uploads\/2024\/07\/WhatsApp-Image-2024-07-01-at-12.01.45-1024x791.jpeg 1024w, https:\/\/colegioconcepciontalca.cl\/wp-content\/uploads\/2024\/07\/WhatsApp-Image-2024-07-01-at-12.01.45-768x593.jpeg 768w, https:\/\/colegioconcepciontalca.cl\/wp-content\/uploads\/2024\/07\/WhatsApp-Image-2024-07-01-at-12.01.45-1536x1187.jpeg 1536w, https:\/\/colegioconcepciontalca.cl\/wp-content\/uploads\/2024\/07\/WhatsApp-Image-2024-07-01-at-12.01.45-2048x1583.jpeg 2048w\" sizes=\"auto, (max-width: 2560px) 100vw, 2560px\" \/>\t\n\t\t<\/div>\n\t<!-- \/image-wrap -->\n    \n    \n<\/div>\n<!-- \/module image -->\t        <\/div>\n\t    \t<\/div>\n\t\t    <\/div>\n\t    <!-- \/row_inner -->\n\t<\/div>\n\t<!-- \/module_row -->\n\t<\/div>\n<!--\/themify_builder_content--><!-- AddThis Advanced Settings generic via filter on the_content --><!-- AddThis Share Buttons generic via filter on the_content -->","protected":false},"excerpt":{"rendered":"<p>Felicitamos a nuestra estudiante Colomba Soto, quien ha sido convocada a la preselecci\u00f3n de Talca U13. Tambi\u00e9n extendemos nuestras felicitaciones a Santiago Valenzuela, nominado a la preselecci\u00f3n de Talca U13, y a Benjam\u00edn Mu\u00f1oz, convocado a la preselecci\u00f3n de Talca U17.Todos ellos est\u00e1n prepar\u00e1ndose para las eliminatorias regionales de la Federaci\u00f3n de B\u00e1squetbol de Chile. [&hellip;]<!-- AddThis Advanced Settings generic via filter on get_the_excerpt --><!-- AddThis Share Buttons generic via filter on get_the_excerpt --><\/p>\n","protected":false},"author":1,"featured_media":13002,"comment_status":"closed","ping_status":"closed","sticky":false,"template":"","format":"standard","meta":{"footnotes":""},"categories":[4],"tags":[],"class_list":["post-13001","post","type-post","status-publish","format-standard","has-post-thumbnail","hentry","category-noticias","has-post-title","has-post-date","has-post-category","has-post-tag","has-post-comment","has-post-author",""," cat-4"],"jetpack_featured_media_url":"https:\/\/colegioconcepciontalca.cl\/wp-content\/uploads\/2024\/07\/WhatsApp-Image-2024-07-01-at-12.01.45-scaled.jpeg","builder_content":"<p>Felicitamos a nuestra estudiante Colomba Soto, quien ha sido convocada a la preselecci\u00f3n de Talca U13. Tambi\u00e9n extendemos nuestras felicitaciones a Santiago Valenzuela, nominado a la preselecci\u00f3n de Talca U13, y a Benjam\u00edn Mu\u00f1oz, convocado a la preselecci\u00f3n de Talca U17.<\/p><p>Todos ellos est\u00e1n prepar\u00e1ndose para las eliminatorias regionales de la Federaci\u00f3n de B\u00e1squetbol de Chile. Les deseamos el mayor de los \u00e9xitos en sus entrenamientos y competencias. \u00a1Estamos muy orgullosos de ustedes!<\/p>\n<img loading=\"lazy\" decoding=\"async\" width=\"2560\" height=\"1978\" src=\"https:\/\/colegioconcepciontalca.cl\/wp-content\/uploads\/2024\/07\/WhatsApp-Image-2024-07-01-at-12.01.45-scaled.jpeg\" title=\"WhatsApp Image 2024-07-01 at 12.01.45\" alt=\"WhatsApp Image 2024-07-01 at 12.01.45\" srcset=\"https:\/\/colegioconcepciontalca.cl\/wp-content\/uploads\/2024\/07\/WhatsApp-Image-2024-07-01-at-12.01.45-scaled.jpeg 2560w, https:\/\/colegioconcepciontalca.cl\/wp-content\/uploads\/2024\/07\/WhatsApp-Image-2024-07-01-at-12.01.45-300x232.jpeg 300w, https:\/\/colegioconcepciontalca.cl\/wp-content\/uploads\/2024\/07\/WhatsApp-Image-2024-07-01-at-12.01.45-1024x791.jpeg 1024w, https:\/\/colegioconcepciontalca.cl\/wp-content\/uploads\/2024\/07\/WhatsApp-Image-2024-07-01-at-12.01.45-768x593.jpeg 768w, https:\/\/colegioconcepciontalca.cl\/wp-content\/uploads\/2024\/07\/WhatsApp-Image-2024-07-01-at-12.01.45-1536x1187.jpeg 1536w, https:\/\/colegioconcepciontalca.cl\/wp-content\/uploads\/2024\/07\/WhatsApp-Image-2024-07-01-at-12.01.45-2048x1583.jpeg 2048w\" sizes=\"auto, (max-width: 2560px) 100vw, 2560px\" \/>","_links":{"self":[{"href":"https:\/\/colegioconcepciontalca.cl\/index.php\/wp-json\/wp\/v2\/posts\/13001","targetHints":{"allow":["GET"]}}],"collection":[{"href":"https:\/\/colegioconcepciontalca.cl\/index.php\/wp-json\/wp\/v2\/posts"}],"about":[{"href":"https:\/\/colegioconcepciontalca.cl\/index.php\/wp-json\/wp\/v2\/types\/post"}],"author":[{"embeddable":true,"href":"https:\/\/colegioconcepciontalca.cl\/index.php\/wp-json\/wp\/v2\/users\/1"}],"replies":[{"embeddable":true,"href":"https:\/\/colegioconcepciontalca.cl\/index.php\/wp-json\/wp\/v2\/comments?post=13001"}],"version-history":[{"count":1,"href":"https:\/\/colegioconcepciontalca.cl\/index.php\/wp-json\/wp\/v2\/posts\/13001\/revisions"}],"predecessor-version":[{"id":13003,"href":"https:\/\/colegioconcepciontalca.cl\/index.php\/wp-json\/wp\/v2\/posts\/13001\/revisions\/13003"}],"wp:featuredmedia":[{"embeddable":true,"href":"https:\/\/colegioconcepciontalca.cl\/index.php\/wp-json\/wp\/v2\/media\/13002"}],"wp:attachment":[{"href":"https:\/\/colegioconcepciontalca.cl\/index.php\/wp-json\/wp\/v2\/media?parent=13001"}],"wp:term":[{"taxonomy":"category","embeddable":true,"href":"https:\/\/colegioconcepciontalca.cl\/index.php\/wp-json\/wp\/v2\/categories?post=13001"},{"taxonomy":"post_tag","embeddable":true,"href":"https:\/\/colegioconcepciontalca.cl\/index.php\/wp-json\/wp\/v2\/tags?post=13001"}],"curies":[{"name":"wp","href":"https:\/\/api.w.org\/{rel}","templated":true}]}}