{"id":12692,"date":"2024-06-05T12:18:11","date_gmt":"2024-06-05T15:18:11","guid":{"rendered":"https:\/\/colegioconcepciontalca.cl\/?p=12692"},"modified":"2024-06-05T19:18:37","modified_gmt":"2024-06-05T22:18:37","slug":"reconocimiento-a-gabriela-rojas-por-su-destacada-participacion-en-voleibol","status":"publish","type":"post","link":"https:\/\/colegioconcepciontalca.cl\/index.php\/2024\/06\/05\/reconocimiento-a-gabriela-rojas-por-su-destacada-participacion-en-voleibol\/","title":{"rendered":"Reconocimiento a Gabriela Rojas por su Destacada Participaci\u00f3n en Voleibol"},"content":{"rendered":"<!--themify_builder_content-->\n<div id=\"themify_builder_content-12692\" data-postid=\"12692\" class=\"themify_builder_content themify_builder_content-12692 themify_builder tf_clear\">\n    \t<!-- module_row -->\n\t<div  data-lazy=\"1\" class=\"module_row themify_builder_row tb_vzb5961 tb_first tf_clearfix\">\n\t    \t\t<div class=\"row_inner col_align_top tf_box tf_w tf_rel\">\n\t\t\t<div  data-lazy=\"1\" class=\"module_column tb-column col-full first tb_f6g5963 tf_box\">\n\t    \t    \t        <div class=\"tb-column-inner tf_box tf_w\">\n\t\t    <!-- module text -->\n<div  class=\"module module-text tb_0czs969   \" data-lazy=\"1\">\n            <div  class=\"tb_text_wrap\">\n    <p>Felicitamos a nuestra estudiante Gabriela Rojas, quien ha demostrado un desempe\u00f1o sobresaliente en diversas competencias de voleibol, destac\u00e1ndose en torneos nacionales e internacionales. Gabriela ha participado en:<\/p>\n<ul>\n<li>Copa Internacional Per\u00fa.<\/li>\n<li>Liga Interregional Voleibol 2023.<\/li>\n<li>Circuito Nacional de Menores.<\/li>\n<li>Copa Internacional Manquehue.<\/li>\n<li>Clasificatoria Binacionales.<\/li>\n<li>Nacional de Pichilemu.<\/li>\n<li>LINAME U17.<\/li>\n<li>Liga Interregional U19.<\/li>\n<li>Copa UC.<\/li>\n<\/ul>\n<p>La semana pasada, Gabriela compiti\u00f3 en la ciudad de Puerto Montt y fue elegida la mejor jugadora del torneo, un reconocimiento que refleja su talento y dedicaci\u00f3n.<\/p>\n<p>Le deseamos el mayor de los \u00e9xitos en sus pr\u00f3ximas clasificaciones y competencias. \u00a1Felicitaciones, Gabriela!<\/p>    <\/div>\n<\/div>\n<!-- \/module text -->\t        <\/div>\n\t    \t<\/div>\n\t\t    <\/div>\n\t    <!-- \/row_inner -->\n\t<\/div>\n\t<!-- \/module_row -->\n\t\t<!-- module_row -->\n\t<div  data-lazy=\"1\" class=\"module_row themify_builder_row tb_aiqa123 tf_clearfix\">\n\t    \t\t<div class=\"row_inner col_align_top tf_box tf_w tf_rel\">\n\t\t\t<div  data-lazy=\"1\" class=\"module_column tb-column col-full first tb_4we6124 tf_box\">\n\t    \t    \t        <div class=\"tb-column-inner tf_box tf_w\">\n\t\t    <!-- module image -->\n<div  class=\"module module-image tb_nqum127   image-top tf_mw\" data-lazy=\"1\">\n            <div class=\"image-wrap tf_rel tf_mw\">\n\t\t    <img loading=\"lazy\" decoding=\"async\" width=\"903\" height=\"1057\" src=\"https:\/\/colegioconcepciontalca.cl\/wp-content\/uploads\/2024\/06\/01-2.jpeg\" class=\"wp-post-image wp-image-12693\" title=\"01\" alt=\"01\" srcset=\"https:\/\/colegioconcepciontalca.cl\/wp-content\/uploads\/2024\/06\/01-2.jpeg 903w, https:\/\/colegioconcepciontalca.cl\/wp-content\/uploads\/2024\/06\/01-2-256x300.jpeg 256w, https:\/\/colegioconcepciontalca.cl\/wp-content\/uploads\/2024\/06\/01-2-875x1024.jpeg 875w, https:\/\/colegioconcepciontalca.cl\/wp-content\/uploads\/2024\/06\/01-2-768x899.jpeg 768w\" sizes=\"auto, (max-width: 903px) 100vw, 903px\" \/>\t\n\t\t<\/div>\n\t<!-- \/image-wrap -->\n    \n    \n<\/div>\n<!-- \/module image -->\t        <\/div>\n\t    \t<\/div>\n\t\t    <\/div>\n\t    <!-- \/row_inner -->\n\t<\/div>\n\t<!-- \/module_row -->\n\t<\/div>\n<!--\/themify_builder_content--><!-- AddThis Advanced Settings generic via filter on the_content --><!-- AddThis Share Buttons generic via filter on the_content -->","protected":false},"excerpt":{"rendered":"<p>Felicitamos a nuestra estudiante Gabriela Rojas, quien ha demostrado un desempe\u00f1o sobresaliente en diversas competencias de voleibol, destac\u00e1ndose en torneos nacionales e internacionales. Gabriela ha participado en: Copa Internacional Per\u00fa. Liga Interregional Voleibol 2023. Circuito Nacional de Menores. Copa Internacional Manquehue. Clasificatoria Binacionales. Nacional de Pichilemu. LINAME U17. Liga Interregional U19. Copa UC. La semana [&hellip;]<!-- AddThis Advanced Settings generic via filter on get_the_excerpt --><!-- AddThis Share Buttons generic via filter on get_the_excerpt --><\/p>\n","protected":false},"author":1,"featured_media":12693,"comment_status":"closed","ping_status":"closed","sticky":false,"template":"","format":"standard","meta":{"footnotes":""},"categories":[4],"tags":[],"class_list":["post-12692","post","type-post","status-publish","format-standard","has-post-thumbnail","hentry","category-noticias","has-post-title","has-post-date","has-post-category","has-post-tag","has-post-comment","has-post-author",""," cat-4"],"jetpack_featured_media_url":"https:\/\/colegioconcepciontalca.cl\/wp-content\/uploads\/2024\/06\/01-2.jpeg","builder_content":"<p>Felicitamos a nuestra estudiante Gabriela Rojas, quien ha demostrado un desempe\u00f1o sobresaliente en diversas competencias de voleibol, destac\u00e1ndose en torneos nacionales e internacionales. Gabriela ha participado en:<\/p> <ul> <li>Copa Internacional Per\u00fa.<\/li> <li>Liga Interregional Voleibol 2023.<\/li> <li>Circuito Nacional de Menores.<\/li> <li>Copa Internacional Manquehue.<\/li> <li>Clasificatoria Binacionales.<\/li> <li>Nacional de Pichilemu.<\/li> <li>LINAME U17.<\/li> <li>Liga Interregional U19.<\/li> <li>Copa UC.<\/li> <\/ul> <p>La semana pasada, Gabriela compiti\u00f3 en la ciudad de Puerto Montt y fue elegida la mejor jugadora del torneo, un reconocimiento que refleja su talento y dedicaci\u00f3n.<\/p> <p>Le deseamos el mayor de los \u00e9xitos en sus pr\u00f3ximas clasificaciones y competencias. \u00a1Felicitaciones, Gabriela!<\/p>\n<img loading=\"lazy\" decoding=\"async\" width=\"903\" height=\"1057\" src=\"https:\/\/colegioconcepciontalca.cl\/wp-content\/uploads\/2024\/06\/01-2.jpeg\" title=\"01\" alt=\"01\" srcset=\"https:\/\/colegioconcepciontalca.cl\/wp-content\/uploads\/2024\/06\/01-2.jpeg 903w, https:\/\/colegioconcepciontalca.cl\/wp-content\/uploads\/2024\/06\/01-2-256x300.jpeg 256w, https:\/\/colegioconcepciontalca.cl\/wp-content\/uploads\/2024\/06\/01-2-875x1024.jpeg 875w, https:\/\/colegioconcepciontalca.cl\/wp-content\/uploads\/2024\/06\/01-2-768x899.jpeg 768w\" sizes=\"auto, (max-width: 903px) 100vw, 903px\" \/>","_links":{"self":[{"href":"https:\/\/colegioconcepciontalca.cl\/index.php\/wp-json\/wp\/v2\/posts\/12692","targetHints":{"allow":["GET"]}}],"collection":[{"href":"https:\/\/colegioconcepciontalca.cl\/index.php\/wp-json\/wp\/v2\/posts"}],"about":[{"href":"https:\/\/colegioconcepciontalca.cl\/index.php\/wp-json\/wp\/v2\/types\/post"}],"author":[{"embeddable":true,"href":"https:\/\/colegioconcepciontalca.cl\/index.php\/wp-json\/wp\/v2\/users\/1"}],"replies":[{"embeddable":true,"href":"https:\/\/colegioconcepciontalca.cl\/index.php\/wp-json\/wp\/v2\/comments?post=12692"}],"version-history":[{"count":3,"href":"https:\/\/colegioconcepciontalca.cl\/index.php\/wp-json\/wp\/v2\/posts\/12692\/revisions"}],"predecessor-version":[{"id":12708,"href":"https:\/\/colegioconcepciontalca.cl\/index.php\/wp-json\/wp\/v2\/posts\/12692\/revisions\/12708"}],"wp:featuredmedia":[{"embeddable":true,"href":"https:\/\/colegioconcepciontalca.cl\/index.php\/wp-json\/wp\/v2\/media\/12693"}],"wp:attachment":[{"href":"https:\/\/colegioconcepciontalca.cl\/index.php\/wp-json\/wp\/v2\/media?parent=12692"}],"wp:term":[{"taxonomy":"category","embeddable":true,"href":"https:\/\/colegioconcepciontalca.cl\/index.php\/wp-json\/wp\/v2\/categories?post=12692"},{"taxonomy":"post_tag","embeddable":true,"href":"https:\/\/colegioconcepciontalca.cl\/index.php\/wp-json\/wp\/v2\/tags?post=12692"}],"curies":[{"name":"wp","href":"https:\/\/api.w.org\/{rel}","templated":true}]}}