{"id":12300,"date":"2024-05-17T11:44:48","date_gmt":"2024-05-17T14:44:48","guid":{"rendered":"https:\/\/colegioconcepciontalca.cl\/?p=12300"},"modified":"2024-05-17T11:44:50","modified_gmt":"2024-05-17T14:44:50","slug":"dia-internacional-contra-la-discriminacion-por-orientacion-sexual","status":"publish","type":"post","link":"https:\/\/colegioconcepciontalca.cl\/index.php\/2024\/05\/17\/dia-internacional-contra-la-discriminacion-por-orientacion-sexual\/","title":{"rendered":"D\u00eda Internacional Contra la Discriminaci\u00f3n por Orientaci\u00f3n Sexual"},"content":{"rendered":"<!--themify_builder_content-->\n<div id=\"themify_builder_content-12300\" data-postid=\"12300\" class=\"themify_builder_content themify_builder_content-12300 themify_builder tf_clear\">\n    \t<!-- module_row -->\n\t<div  data-lazy=\"1\" class=\"module_row themify_builder_row tb_i43s775 tb_first tf_clearfix\">\n\t    \t\t<div class=\"row_inner col_align_top tf_box tf_w tf_rel\">\n\t\t\t<div  data-lazy=\"1\" class=\"module_column tb-column col-full first tb_3wbe775 tf_box\">\n\t    \t    \t        <div class=\"tb-column-inner tf_box tf_w\">\n\t\t    <!-- module text -->\n<div  class=\"module module-text tb_60rq779   \" data-lazy=\"1\">\n            <div  class=\"tb_text_wrap\">\n    <p class=\"elementtoproof\" style=\"text-align: justify;\"><span style=\"font-size: 12.0pt; font-family: 'Arial',sans-serif; color: black;\">Cada 17 de mayo se conmemora el <b>D\u00eda Internacional Contra la Discriminaci\u00f3n por Orientaci\u00f3n Sexual e Identidad de G\u00e9nero y su expresi\u00f3n<\/b>. Es importante recordar que nuestro proyecto educativo busca la construcci\u00f3n de una comunidad educativa que promueva y practique los <u>valores institucionales basados en la libertad, igualdad, fraternidad, responsabilidad, respeto, tolerancia, justicia y solidaridad<\/u>. <span style=\"background: white;\">Combatir la discriminaci\u00f3n es un deber y un compromiso de toda la comunidad, ya que estos patrones corresponden a una construcci\u00f3n cultural, que se arraig\u00f3 y puede modificarse colectivamente. Resulta fundamental abordar este tema desde la educaci\u00f3n para construir un colegio diverso y libre de estereotipos.<\/span><\/span><o:p><\/o:p><\/p><p class=\"elementtoproof\" style=\"text-align: justify;\"><span style=\"font-size: 12.0pt; font-family: 'Arial',sans-serif; color: black;\">Los invitamos a ser parte de este importante desaf\u00edo, para que juntos sigamos <i>Construyendo Futuro<\/i>.<\/span><o:p><\/o:p><\/p>    <\/div>\n<\/div>\n<!-- \/module text -->\t        <\/div>\n\t    \t<\/div>\n\t\t    <\/div>\n\t    <!-- \/row_inner -->\n\t<\/div>\n\t<!-- \/module_row -->\n\t\t<!-- module_row -->\n\t<div  data-lazy=\"1\" class=\"module_row themify_builder_row tb_kttc360 tf_clearfix\">\n\t    \t\t<div class=\"row_inner col_align_top tf_box tf_w tf_rel\">\n\t\t\t<div  data-lazy=\"1\" class=\"module_column tb-column col-full first tb_pidh361 tf_box\">\n\t    \t    \t        <div class=\"tb-column-inner tf_box tf_w\">\n\t\t    <!-- module gallery -->\n<div  class=\"module gallery module-gallery tb_3zik366 layout-slider  \" data-lazy=\"1\">\n                <div class=\"swiper-container tf_carousel themify_builder_slider tf_rel tf_overflow\"\n\tdata-pager=\"0\"\n\t data-lazy=\"1\"\t\t\tdata-thumbs=\"tb_3zik366_thumbs\"\n\t\tdata-effect=\"scroll\" \n\t\tdata-css_url=\"https:\/\/colegioconcepciontalca.cl\/wp-content\/themes\/themify-ultra\/themify\/themify-builder\/css\/modules\/sliders\/carousel.css,https:\/\/colegioconcepciontalca.cl\/wp-content\/themes\/themify-ultra\/themify\/themify-builder\/css\/modules\/sliders\/gallery.css\"\n\t\t\t\tdata-auto=\"4\"\n\t\tdata-pause_hover=\"1\"\n\t\t\t\tdata-speed=\"1\"\n\tdata-wrapvar=\"1\"\n\tdata-slider_nav=\"0\"\n\tdata-height=\"variable\"\n\t>\n\t<div class=\"swiper-wrapper tf_lazy tf_rel tf_w tf_h tf_textc\">\n\t\t\t\t\t<div class=\"swiper-slide\">\n\t\t\t<div class=\"slide-inner-wrap\">\n\t\t\t\t<div class=\"tf_lazy slide-image gallery-icon\"><a href=\"https:\/\/colegioconcepciontalca.cl\/wp-content\/uploads\/2024\/05\/1.jpg\" class=\"themify_lightbox\"><img loading=\"lazy\" decoding=\"async\" width=\"1080\" height=\"1080\" src=\"https:\/\/colegioconcepciontalca.cl\/wp-content\/uploads\/2024\/05\/1.jpg\" class=\"wp-post-image wp-image-12301\" title=\"1\" data-tf-not-load=\"1\" alt=\"1\" srcset=\"https:\/\/colegioconcepciontalca.cl\/wp-content\/uploads\/2024\/05\/1.jpg 1080w, https:\/\/colegioconcepciontalca.cl\/wp-content\/uploads\/2024\/05\/1-300x300.jpg 300w, https:\/\/colegioconcepciontalca.cl\/wp-content\/uploads\/2024\/05\/1-1024x1024.jpg 1024w, https:\/\/colegioconcepciontalca.cl\/wp-content\/uploads\/2024\/05\/1-150x150.jpg 150w, https:\/\/colegioconcepciontalca.cl\/wp-content\/uploads\/2024\/05\/1-768x768.jpg 768w\" sizes=\"auto, (max-width: 1080px) 100vw, 1080px\" \/><\/a>\t\t\t\t<\/div>\n\t\t\t\t\t\t\t<\/div><\/div>\n\t\t\t\t\t<div class=\"swiper-slide\">\n\t\t\t<div class=\"slide-inner-wrap\">\n\t\t\t\t<div class=\"tf_lazy slide-image gallery-icon\"><a href=\"https:\/\/colegioconcepciontalca.cl\/wp-content\/uploads\/2024\/05\/2.jpg\" class=\"themify_lightbox\"><img loading=\"lazy\" decoding=\"async\" width=\"1080\" height=\"1080\" src=\"https:\/\/colegioconcepciontalca.cl\/wp-content\/uploads\/2024\/05\/2.jpg\" class=\"wp-post-image wp-image-12302\" title=\"2\" data-tf-not-load=\"1\" alt=\"2\" srcset=\"https:\/\/colegioconcepciontalca.cl\/wp-content\/uploads\/2024\/05\/2.jpg 1080w, https:\/\/colegioconcepciontalca.cl\/wp-content\/uploads\/2024\/05\/2-300x300.jpg 300w, https:\/\/colegioconcepciontalca.cl\/wp-content\/uploads\/2024\/05\/2-1024x1024.jpg 1024w, https:\/\/colegioconcepciontalca.cl\/wp-content\/uploads\/2024\/05\/2-150x150.jpg 150w, https:\/\/colegioconcepciontalca.cl\/wp-content\/uploads\/2024\/05\/2-768x768.jpg 768w\" sizes=\"auto, (max-width: 1080px) 100vw, 1080px\" \/><\/a>\t\t\t\t<\/div>\n\t\t\t\t\t\t\t<\/div><\/div>\n\t\t\t\t\t<div class=\"swiper-slide\">\n\t\t\t<div class=\"slide-inner-wrap\">\n\t\t\t\t<div class=\"tf_lazy slide-image gallery-icon\"><a href=\"https:\/\/colegioconcepciontalca.cl\/wp-content\/uploads\/2024\/05\/3.jpg\" class=\"themify_lightbox\"><img loading=\"lazy\" decoding=\"async\" width=\"1080\" height=\"1080\" src=\"https:\/\/colegioconcepciontalca.cl\/wp-content\/uploads\/2024\/05\/3.jpg\" class=\"wp-post-image wp-image-12303\" title=\"3\" data-tf-not-load=\"1\" alt=\"3\" srcset=\"https:\/\/colegioconcepciontalca.cl\/wp-content\/uploads\/2024\/05\/3.jpg 1080w, https:\/\/colegioconcepciontalca.cl\/wp-content\/uploads\/2024\/05\/3-300x300.jpg 300w, https:\/\/colegioconcepciontalca.cl\/wp-content\/uploads\/2024\/05\/3-1024x1024.jpg 1024w, https:\/\/colegioconcepciontalca.cl\/wp-content\/uploads\/2024\/05\/3-150x150.jpg 150w, https:\/\/colegioconcepciontalca.cl\/wp-content\/uploads\/2024\/05\/3-768x768.jpg 768w\" sizes=\"auto, (max-width: 1080px) 100vw, 1080px\" \/><\/a>\t\t\t\t<\/div>\n\t\t\t\t\t\t\t<\/div><\/div>\n\t\t\t\t\t<div class=\"swiper-slide\">\n\t\t\t<div class=\"slide-inner-wrap\">\n\t\t\t\t<div class=\"tf_lazy slide-image gallery-icon\"><a href=\"https:\/\/colegioconcepciontalca.cl\/wp-content\/uploads\/2024\/05\/4.jpg\" class=\"themify_lightbox\"><img loading=\"lazy\" decoding=\"async\" width=\"1080\" height=\"1080\" src=\"https:\/\/colegioconcepciontalca.cl\/wp-content\/uploads\/2024\/05\/4.jpg\" class=\"wp-post-image wp-image-12304\" title=\"4\" data-tf-not-load=\"1\" alt=\"4\" srcset=\"https:\/\/colegioconcepciontalca.cl\/wp-content\/uploads\/2024\/05\/4.jpg 1080w, https:\/\/colegioconcepciontalca.cl\/wp-content\/uploads\/2024\/05\/4-300x300.jpg 300w, https:\/\/colegioconcepciontalca.cl\/wp-content\/uploads\/2024\/05\/4-1024x1024.jpg 1024w, https:\/\/colegioconcepciontalca.cl\/wp-content\/uploads\/2024\/05\/4-150x150.jpg 150w, https:\/\/colegioconcepciontalca.cl\/wp-content\/uploads\/2024\/05\/4-768x768.jpg 768w\" sizes=\"auto, (max-width: 1080px) 100vw, 1080px\" \/><\/a>\t\t\t\t<\/div>\n\t\t\t\t\t\t\t<\/div><\/div>\n\t\t\t\t\t<div class=\"swiper-slide\">\n\t\t\t<div class=\"slide-inner-wrap\">\n\t\t\t\t<div class=\"tf_lazy slide-image gallery-icon\"><a href=\"https:\/\/colegioconcepciontalca.cl\/wp-content\/uploads\/2024\/05\/5.jpg\" class=\"themify_lightbox\"><img loading=\"lazy\" decoding=\"async\" width=\"1080\" height=\"1080\" src=\"https:\/\/colegioconcepciontalca.cl\/wp-content\/uploads\/2024\/05\/5.jpg\" class=\"wp-post-image wp-image-12305\" title=\"5\" data-tf-not-load=\"1\" alt=\"5\" srcset=\"https:\/\/colegioconcepciontalca.cl\/wp-content\/uploads\/2024\/05\/5.jpg 1080w, https:\/\/colegioconcepciontalca.cl\/wp-content\/uploads\/2024\/05\/5-300x300.jpg 300w, https:\/\/colegioconcepciontalca.cl\/wp-content\/uploads\/2024\/05\/5-1024x1024.jpg 1024w, https:\/\/colegioconcepciontalca.cl\/wp-content\/uploads\/2024\/05\/5-150x150.jpg 150w, https:\/\/colegioconcepciontalca.cl\/wp-content\/uploads\/2024\/05\/5-768x768.jpg 768w\" sizes=\"auto, (max-width: 1080px) 100vw, 1080px\" \/><\/a>\t\t\t\t<\/div>\n\t\t\t\t\t\t\t<\/div><\/div>\n\t\t\t<\/div>\n<\/div>\n                <div class=\"themify_builder_slider_vertical tf_rel\">\n    <div class=\"swiper-container tf_carousel themify_builder_slider themify_builder_slider_vertical tb_3zik366_thumbs tf_rel tf_overflow\"\n\tdata-pager=\"1\"\n\t data-lazy=\"1\"\t        data-thumbs-id=\"tb_3zik366_thumbs\"\n\t\tdata-visible=\"4\" \n\t\tdata-tbreakpoints=\"1280\"\n\t\tdata-mbreakpoints=\"680\"\n\t\tdata-tab-visible=\"0\"\n\t\tdata-mob-visible=\"0\"\n\t\t\t\tdata-auto=\"4\"\n\t\tdata-pause_hover=\"1\"\n\t\t\t\t\tdata-controller=\"0\"\n\t\t\t\tdata-speed=\"1\"\n\tdata-wrapvar=\"1\"\n\tdata-slider_nav=\"1\"\n\tdata-height=\"variable\"\n\t>\n\t<div class=\"swiper-wrapper tf_lazy tf_rel tf_w tf_h tf_textc\">\n\t\t\t\t\t<div class=\"swiper-slide\">\n\t\t\t<div class=\"slide-inner-wrap\">\n\t\t\t\t<div class=\"tf_lazy slide-image gallery-icon\"><img loading=\"lazy\" decoding=\"async\" src=\"https:\/\/colegioconcepciontalca.cl\/wp-content\/uploads\/2024\/05\/1-300x200.jpg\" width=\"300\" height=\"200\" class=\"wp-post-image wp-image-12301\" title=\"1\" data-tf-not-load=\"1\" alt=\"1\">\t\t\t\t<\/div>\n\t\t\t\t\t\t\t<\/div><\/div>\n\t\t\t\t\t<div class=\"swiper-slide\">\n\t\t\t<div class=\"slide-inner-wrap\">\n\t\t\t\t<div class=\"tf_lazy slide-image gallery-icon\"><img loading=\"lazy\" decoding=\"async\" src=\"https:\/\/colegioconcepciontalca.cl\/wp-content\/uploads\/2024\/05\/2-300x200.jpg\" width=\"300\" height=\"200\" class=\"wp-post-image wp-image-12302\" title=\"2\" data-tf-not-load=\"1\" alt=\"2\">\t\t\t\t<\/div>\n\t\t\t\t\t\t\t<\/div><\/div>\n\t\t\t\t\t<div class=\"swiper-slide\">\n\t\t\t<div class=\"slide-inner-wrap\">\n\t\t\t\t<div class=\"tf_lazy slide-image gallery-icon\"><img loading=\"lazy\" decoding=\"async\" src=\"https:\/\/colegioconcepciontalca.cl\/wp-content\/uploads\/2024\/05\/3-300x200.jpg\" width=\"300\" height=\"200\" class=\"wp-post-image wp-image-12303\" title=\"3\" data-tf-not-load=\"1\" alt=\"3\">\t\t\t\t<\/div>\n\t\t\t\t\t\t\t<\/div><\/div>\n\t\t\t\t\t<div class=\"swiper-slide\">\n\t\t\t<div class=\"slide-inner-wrap\">\n\t\t\t\t<div class=\"tf_lazy slide-image gallery-icon\"><img loading=\"lazy\" decoding=\"async\" src=\"https:\/\/colegioconcepciontalca.cl\/wp-content\/uploads\/2024\/05\/4-300x200.jpg\" width=\"300\" height=\"200\" class=\"wp-post-image wp-image-12304\" title=\"4\" data-tf-not-load=\"1\" alt=\"4\">\t\t\t\t<\/div>\n\t\t\t\t\t\t\t<\/div><\/div>\n\t\t\t\t\t<div class=\"swiper-slide\">\n\t\t\t<div class=\"slide-inner-wrap\">\n\t\t\t\t<div class=\"tf_lazy slide-image gallery-icon\"><img loading=\"lazy\" decoding=\"async\" src=\"https:\/\/colegioconcepciontalca.cl\/wp-content\/uploads\/2024\/05\/5-300x200.jpg\" width=\"300\" height=\"200\" class=\"wp-post-image wp-image-12305\" title=\"5\" data-tf-not-load=\"1\" alt=\"5\">\t\t\t\t<\/div>\n\t\t\t\t\t\t\t<\/div><\/div>\n\t\t\t<\/div>\n<\/div>\n            <\/div>\n    \n<\/div>\n<!-- \/module gallery -->\n\t        <\/div>\n\t    \t<\/div>\n\t\t    <\/div>\n\t    <!-- \/row_inner -->\n\t<\/div>\n\t<!-- \/module_row -->\n\t<\/div>\n<!--\/themify_builder_content--><!-- AddThis Advanced Settings generic via filter on the_content --><!-- AddThis Share Buttons generic via filter on the_content -->","protected":false},"excerpt":{"rendered":"<p>Cada 17 de mayo se conmemora el D\u00eda Internacional Contra la Discriminaci\u00f3n por Orientaci\u00f3n Sexual e Identidad de G\u00e9nero y su expresi\u00f3n. Es importante recordar que nuestro proyecto educativo busca la construcci\u00f3n de una comunidad educativa que promueva y practique los valores institucionales basados en la libertad, igualdad, fraternidad, responsabilidad, respeto, tolerancia, justicia y solidaridad. [&hellip;]<!-- AddThis Advanced Settings generic via filter on get_the_excerpt --><!-- AddThis Share Buttons generic via filter on get_the_excerpt --><\/p>\n","protected":false},"author":1,"featured_media":12301,"comment_status":"closed","ping_status":"closed","sticky":false,"template":"","format":"standard","meta":{"footnotes":""},"categories":[4],"tags":[],"class_list":["post-12300","post","type-post","status-publish","format-standard","has-post-thumbnail","hentry","category-noticias","has-post-title","has-post-date","has-post-category","has-post-tag","has-post-comment","has-post-author",""," cat-4"],"jetpack_featured_media_url":"https:\/\/colegioconcepciontalca.cl\/wp-content\/uploads\/2024\/05\/1.jpg","builder_content":"<p style=\"text-align: justify;\">Cada 17 de mayo se conmemora el <b>D\u00eda Internacional Contra la Discriminaci\u00f3n por Orientaci\u00f3n Sexual e Identidad de G\u00e9nero y su expresi\u00f3n<\/b>. Es importante recordar que nuestro proyecto educativo busca la construcci\u00f3n de una comunidad educativa que promueva y practique los <u>valores institucionales basados en la libertad, igualdad, fraternidad, responsabilidad, respeto, tolerancia, justicia y solidaridad<\/u>. Combatir la discriminaci\u00f3n es un deber y un compromiso de toda la comunidad, ya que estos patrones corresponden a una construcci\u00f3n cultural, que se arraig\u00f3 y puede modificarse colectivamente. Resulta fundamental abordar este tema desde la educaci\u00f3n para construir un colegio diverso y libre de estereotipos.<o:p><\/o:p><\/p><p style=\"text-align: justify;\">Los invitamos a ser parte de este importante desaf\u00edo, para que juntos sigamos <i>Construyendo Futuro<\/i>.<o:p><\/o:p><\/p>\n[gallery ids=\"12301,12302,12303,12304,12305\"]","_links":{"self":[{"href":"https:\/\/colegioconcepciontalca.cl\/index.php\/wp-json\/wp\/v2\/posts\/12300","targetHints":{"allow":["GET"]}}],"collection":[{"href":"https:\/\/colegioconcepciontalca.cl\/index.php\/wp-json\/wp\/v2\/posts"}],"about":[{"href":"https:\/\/colegioconcepciontalca.cl\/index.php\/wp-json\/wp\/v2\/types\/post"}],"author":[{"embeddable":true,"href":"https:\/\/colegioconcepciontalca.cl\/index.php\/wp-json\/wp\/v2\/users\/1"}],"replies":[{"embeddable":true,"href":"https:\/\/colegioconcepciontalca.cl\/index.php\/wp-json\/wp\/v2\/comments?post=12300"}],"version-history":[{"count":1,"href":"https:\/\/colegioconcepciontalca.cl\/index.php\/wp-json\/wp\/v2\/posts\/12300\/revisions"}],"predecessor-version":[{"id":12306,"href":"https:\/\/colegioconcepciontalca.cl\/index.php\/wp-json\/wp\/v2\/posts\/12300\/revisions\/12306"}],"wp:featuredmedia":[{"embeddable":true,"href":"https:\/\/colegioconcepciontalca.cl\/index.php\/wp-json\/wp\/v2\/media\/12301"}],"wp:attachment":[{"href":"https:\/\/colegioconcepciontalca.cl\/index.php\/wp-json\/wp\/v2\/media?parent=12300"}],"wp:term":[{"taxonomy":"category","embeddable":true,"href":"https:\/\/colegioconcepciontalca.cl\/index.php\/wp-json\/wp\/v2\/categories?post=12300"},{"taxonomy":"post_tag","embeddable":true,"href":"https:\/\/colegioconcepciontalca.cl\/index.php\/wp-json\/wp\/v2\/tags?post=12300"}],"curies":[{"name":"wp","href":"https:\/\/api.w.org\/{rel}","templated":true}]}}